{"id":24616,"date":"2022-11-24T15:03:42","date_gmt":"2022-11-24T18:03:42","guid":{"rendered":"https:\/\/radiorevelacionfm.cl\/?p=24616"},"modified":"2022-11-24T15:03:42","modified_gmt":"2022-11-24T18:03:42","slug":"fosis-firma-importante-convenio-de-colaboracion-con-universidades-del-estado","status":"publish","type":"post","link":"https:\/\/radiorevelacionfm.cl\/?p=24616","title":{"rendered":"FOSIS firma importante convenio de colaboraci\u00f3n con Universidades del Estado"},"content":{"rendered":"<div class=\"flex_column av_one_full  flex_column_div av-zero-column-padding first  avia-builder-el-0  el_before_av_one_full  avia-builder-el-first  \" style='border-radius:0px; '><div  class='avia-image-container  av-styling-    avia-builder-el-1  avia-builder-el-no-sibling  avia-align-center '  itemprop=\"image\" itemscope=\"itemscope\" itemtype=\"https:\/\/schema.org\/ImageObject\"  ><div class='avia-image-container-inner'><div class='avia-image-overlay-wrap'><img decoding=\"async\" class='wp-image-24617 avia-img-lazy-loading-not-24617 avia_image' src=\"https:\/\/radiorevelacionfm.cl\/wp-content\/uploads\/2022\/11\/2FOSISCUECH-1-1.jpg\" alt='' title='2FOSISCUECH (1) (1)' height=\"600\" width=\"1067\"  itemprop=\"thumbnailUrl\" srcset=\"https:\/\/radiorevelacionfm.cl\/wp-content\/uploads\/2022\/11\/2FOSISCUECH-1-1.jpg 1067w, https:\/\/radiorevelacionfm.cl\/wp-content\/uploads\/2022\/11\/2FOSISCUECH-1-1-300x169.jpg 300w, https:\/\/radiorevelacionfm.cl\/wp-content\/uploads\/2022\/11\/2FOSISCUECH-1-1-1030x579.jpg 1030w, https:\/\/radiorevelacionfm.cl\/wp-content\/uploads\/2022\/11\/2FOSISCUECH-1-1-768x432.jpg 768w, https:\/\/radiorevelacionfm.cl\/wp-content\/uploads\/2022\/11\/2FOSISCUECH-1-1-705x396.jpg 705w, https:\/\/radiorevelacionfm.cl\/wp-content\/uploads\/2022\/11\/2FOSISCUECH-1-1-600x337.jpg 600w\" sizes=\"(max-width: 1067px) 100vw, 1067px\" \/><\/div><\/div><\/div><\/div><div class=\"flex_column av_one_full  flex_column_div av-zero-column-padding first  avia-builder-el-2  el_after_av_one_full  el_before_av_one_full  column-top-margin\" style='border-radius:0px; '><section class=\"av_textblock_section \"  itemscope=\"itemscope\" itemtype=\"https:\/\/schema.org\/BlogPosting\" itemprop=\"blogPost\" ><div class='avia_textblock  '   itemprop=\"text\" ><p style=\"text-align: center;\"><strong><span style=\"font-size: 18pt;\">FOSIS firma importante convenio de colaboraci\u00f3n con Universidades del Estado<\/span><\/strong><\/p>\n<div id=\"gtx-trans\" style=\"position: absolute; left: -50px; top: 4.31534px;\">\n<div class=\"gtx-trans-icon\"><\/div>\n<\/div>\n<\/div><\/section><\/div><div class=\"flex_column av_one_full  flex_column_div av-zero-column-padding first  avia-builder-el-4  el_after_av_one_full  el_before_av_hr  column-top-margin\" style='border-radius:0px; '><section class=\"av_textblock_section \"  itemscope=\"itemscope\" itemtype=\"https:\/\/schema.org\/BlogPosting\" itemprop=\"blogPost\" ><div class='avia_textblock  '   itemprop=\"text\" ><p style=\"text-align: justify;\">Con la presencia del Director Nacional del Fondo de Solidaridad e Inversi\u00f3n Social, FOSIS, Nicol\u00e1s Navarrete Hern\u00e1ndez y la Directora Regional de Ays\u00e9n, Fernanda Leiva Mu\u00f1oz, se firm\u00f3 este mi\u00e9rcoles 23 de noviembre en Coyhaique, un convenio que permitir\u00e1 desarrollar investigaci\u00f3n para avanzar en las necesidades de cada uno de los territorios del pa\u00eds.<\/p>\n<p style=\"text-align: justify;\">Al respecto, el Director Nacional del FOSIS destac\u00f3 que \u201ceste es el primer esfuerzo sistem\u00e1tico que hace una instituci\u00f3n del Estado para cumplir estos dos objetivos: Complementar la oferta program\u00e1tica con el capital humano que tienen las universidades y desarrollar investigaci\u00f3n con pertinencia territorial\u201d.<\/p>\n<p style=\"text-align: justify;\">Asimismo, la autoridad indic\u00f3 que este convenio representa uno de los ejes principales de su gesti\u00f3n y demuestra que \u201cel Estado y las universidades est\u00e1n actuando en conjunto\u201d y enfrentando el complejo escenario post pandemia que dej\u00f3 m\u00e1s dos millones de personas en situaci\u00f3n de pobreza (Casen 2021).<\/p>\n<p style=\"text-align: justify;\">En tanto, el rector Osvaldo Corrales Jorquera, presidente del CUECH, se\u00f1al\u00f3 que \u201cno solo se trata de cooperaci\u00f3n entre entidades p\u00fablicas, sino que adem\u00e1s lo hacemos con un enfoque regional\u201d, valorando tambi\u00e9n que \u201cvamos a colaborar para que los procesos del FOSIS se vean fortalecidos con las capacidades profesionales e investigativas de nuestras universidades\u201d.<\/p>\n<p style=\"text-align: justify;\">Este convenio buscar\u00e1 potenciar la oferta program\u00e1tica y la investigaci\u00f3n con pertinencia territorial, como lo indica Nicol\u00e1s Navarrete Hern\u00e1ndez, permitir\u00e1 \u201cpor ejemplo hacer cl\u00ednicas para algunos beneficiarios de los programas del FOSIS en \u00e1reas como dise\u00f1o de productos, atenci\u00f3n sicol\u00f3gica, asistencia legal para la formalizaci\u00f3n\u201d y \u201ctambi\u00e9n generaremos investigaci\u00f3n con vocaciones territoriales y regionales, porque el estudio que necesita Santiago no es el mismo que necesita Arica, Ays\u00e9n o Magallanes.\u00bb<\/p>\n<\/div><\/section><\/div><div  style='height:50px' class='hr hr-invisible   avia-builder-el-6  el_after_av_one_full  el_before_av_social_share '><span class='hr-inner ' ><span class='hr-inner-style'><\/span><\/span><\/div><\/p>\n<div  class='av-social-sharing-box  avia-builder-el-7  el_after_av_hr  el_before_av_hr  '><div class='av-share-box'><h5 class='av-share-link-description av-no-toc '>Compartir esta noticia<\/h5><ul class='av-share-box-list noLightbox'><li class='av-share-link av-social-link-facebook' ><a target=\"_blank\" aria-label=\"Compartir en Facebook\" href='https:\/\/www.facebook.com\/sharer.php?u=https:\/\/radiorevelacionfm.cl\/?p=24616&#038;t=FOSIS%20firma%20importante%20convenio%20de%20colaboraci%C3%B3n%20con%20Universidades%20del%20Estado' aria-hidden='false' data-av_icon='\ue8f3' data-av_iconfont='entypo-fontello' title='' data-avia-related-tooltip='Compartir en Facebook' rel=\"noopener\"><span class='avia_hidden_link_text'>Compartir en Facebook<\/span><\/a><\/li><li class='av-share-link av-social-link-twitter' ><a target=\"_blank\" aria-label=\"Compartir en Twitter\" href='https:\/\/twitter.com\/share?text=FOSIS%20firma%20importante%20convenio%20de%20colaboraci%C3%B3n%20con%20Universidades%20del%20Estado&#038;url=https:\/\/radiorevelacionfm.cl\/?p=24616' aria-hidden='false' data-av_icon='\ue8f1' data-av_iconfont='entypo-fontello' title='' data-avia-related-tooltip='Compartir en Twitter' rel=\"noopener\"><span class='avia_hidden_link_text'>Compartir en Twitter<\/span><\/a><\/li><li class='av-share-link av-social-link-whatsapp' ><a target=\"_blank\" aria-label=\"Compartir en Whatsapp\" href='https:\/\/api.whatsapp.com\/send?text=https:\/\/radiorevelacionfm.cl\/?p=24616' aria-hidden='false' data-av_icon='\uf232' data-av_iconfont='entypo-fontello' title='' data-avia-related-tooltip='Compartir en Whatsapp' rel=\"noopener\"><span class='avia_hidden_link_text'>Compartir en Whatsapp<\/span><\/a><\/li><li class='av-share-link av-social-link-linkedin' ><a target=\"_blank\" aria-label=\"Compartir en LinkedIn\" href='https:\/\/linkedin.com\/shareArticle?mini=true&#038;title=FOSIS%20firma%20importante%20convenio%20de%20colaboraci%C3%B3n%20con%20Universidades%20del%20Estado&#038;url=https:\/\/radiorevelacionfm.cl\/?p=24616' aria-hidden='false' data-av_icon='\ue8fc' data-av_iconfont='entypo-fontello' title='' data-avia-related-tooltip='Compartir en LinkedIn' rel=\"noopener\"><span class='avia_hidden_link_text'>Compartir en LinkedIn<\/span><\/a><\/li><li class='av-share-link av-social-link-mail' ><a  aria-label=\"Compartir por correo\" href='mailto:?subject=FOSIS%20firma%20importante%20convenio%20de%20colaboraci%C3%B3n%20con%20Universidades%20del%20Estado&#038;body=https:\/\/radiorevelacionfm.cl\/?p=24616' aria-hidden='false' data-av_icon='\ue805' data-av_iconfont='entypo-fontello' title='' data-avia-related-tooltip='Compartir por correo'><span class='avia_hidden_link_text'>Compartir por correo<\/span><\/a><\/li><\/ul><\/div><\/div>\n<div  style='height:50px' class='hr hr-invisible   avia-builder-el-8  el_after_av_social_share  el_before_av_comments_list '><span class='hr-inner ' ><span class='hr-inner-style'><\/span><\/span><\/div>\n<div  class='av-buildercomment  av-blog-meta-html-info-disabled av-blog-meta-tag-disabled  '><\/div>\n","protected":false},"excerpt":{"rendered":"","protected":false},"author":1,"featured_media":24617,"comment_status":"open","ping_status":"open","sticky":false,"template":"","format":"standard","meta":{"footnotes":""},"categories":[38],"tags":[],"class_list":["post-24616","post","type-post","status-publish","format-standard","has-post-thumbnail","hentry","category-regional"],"jetpack_featured_media_url":"https:\/\/radiorevelacionfm.cl\/wp-content\/uploads\/2022\/11\/2FOSISCUECH-1-1.jpg","_links":{"self":[{"href":"https:\/\/radiorevelacionfm.cl\/index.php?rest_route=\/wp\/v2\/posts\/24616","targetHints":{"allow":["GET"]}}],"collection":[{"href":"https:\/\/radiorevelacionfm.cl\/index.php?rest_route=\/wp\/v2\/posts"}],"about":[{"href":"https:\/\/radiorevelacionfm.cl\/index.php?rest_route=\/wp\/v2\/types\/post"}],"author":[{"embeddable":true,"href":"https:\/\/radiorevelacionfm.cl\/index.php?rest_route=\/wp\/v2\/users\/1"}],"replies":[{"embeddable":true,"href":"https:\/\/radiorevelacionfm.cl\/index.php?rest_route=%2Fwp%2Fv2%2Fcomments&post=24616"}],"version-history":[{"count":2,"href":"https:\/\/radiorevelacionfm.cl\/index.php?rest_route=\/wp\/v2\/posts\/24616\/revisions"}],"predecessor-version":[{"id":24623,"href":"https:\/\/radiorevelacionfm.cl\/index.php?rest_route=\/wp\/v2\/posts\/24616\/revisions\/24623"}],"wp:featuredmedia":[{"embeddable":true,"href":"https:\/\/radiorevelacionfm.cl\/index.php?rest_route=\/wp\/v2\/media\/24617"}],"wp:attachment":[{"href":"https:\/\/radiorevelacionfm.cl\/index.php?rest_route=%2Fwp%2Fv2%2Fmedia&parent=24616"}],"wp:term":[{"taxonomy":"category","embeddable":true,"href":"https:\/\/radiorevelacionfm.cl\/index.php?rest_route=%2Fwp%2Fv2%2Fcategories&post=24616"},{"taxonomy":"post_tag","embeddable":true,"href":"https:\/\/radiorevelacionfm.cl\/index.php?rest_route=%2Fwp%2Fv2%2Ftags&post=24616"}],"curies":[{"name":"wp","href":"https:\/\/api.w.org\/{rel}","templated":true}]}}