{"id":24613,"date":"2022-11-24T12:38:50","date_gmt":"2022-11-24T15:38:50","guid":{"rendered":"https:\/\/radiorevelacionfm.cl\/?p=24613"},"modified":"2022-11-24T12:38:50","modified_gmt":"2022-11-24T15:38:50","slug":"pdi-detiene-a-imputado-por-robo-en-parcela-de-villa-ortega-y-recupera-diversas-especies","status":"publish","type":"post","link":"https:\/\/radiorevelacionfm.cl\/?p=24613","title":{"rendered":"PDI detiene a imputado por robo en parcela de Villa Ortega y recupera diversas especies"},"content":{"rendered":"<div class=\"flex_column av_one_full  flex_column_div av-zero-column-padding first  avia-builder-el-0  el_before_av_one_full  avia-builder-el-first  \" style='border-radius:0px; '><div  class='avia-image-container  av-styling-    avia-builder-el-1  avia-builder-el-no-sibling  avia-align-center '  itemprop=\"image\" itemscope=\"itemscope\" itemtype=\"https:\/\/schema.org\/ImageObject\"  ><div class='avia-image-container-inner'><div class='avia-image-overlay-wrap'><img decoding=\"async\" class='wp-image-16354 avia-img-lazy-loading-not-16354 avia_image' src=\"https:\/\/radiorevelacionfm.cl\/wp-content\/uploads\/2022\/04\/PDI-Imagen-referencial-1-1.jpg\" alt='' title='PDI Imagen referencial (1) (1)' height=\"600\" width=\"900\"  itemprop=\"thumbnailUrl\" srcset=\"https:\/\/radiorevelacionfm.cl\/wp-content\/uploads\/2022\/04\/PDI-Imagen-referencial-1-1.jpg 900w, https:\/\/radiorevelacionfm.cl\/wp-content\/uploads\/2022\/04\/PDI-Imagen-referencial-1-1-300x200.jpg 300w, https:\/\/radiorevelacionfm.cl\/wp-content\/uploads\/2022\/04\/PDI-Imagen-referencial-1-1-768x512.jpg 768w, https:\/\/radiorevelacionfm.cl\/wp-content\/uploads\/2022\/04\/PDI-Imagen-referencial-1-1-705x470.jpg 705w, https:\/\/radiorevelacionfm.cl\/wp-content\/uploads\/2022\/04\/PDI-Imagen-referencial-1-1-600x400.jpg 600w\" sizes=\"(max-width: 900px) 100vw, 900px\" \/><\/div><\/div><\/div><\/div><div class=\"flex_column av_one_full  flex_column_div av-zero-column-padding first  avia-builder-el-2  el_after_av_one_full  el_before_av_one_full  column-top-margin\" style='border-radius:0px; '><section class=\"av_textblock_section \"  itemscope=\"itemscope\" itemtype=\"https:\/\/schema.org\/BlogPosting\" itemprop=\"blogPost\" ><div class='avia_textblock  '   itemprop=\"text\" ><p style=\"text-align: center;\"><span style=\"font-size: 18pt;\"><strong>PDI detiene a imputado por robo en parcela de Villa Ortega y recupera diversas especies<\/strong><\/span><\/p>\n<div id=\"gtx-trans\" style=\"position: absolute; left: -50px; top: 4.31534px;\">\n<div class=\"gtx-trans-icon\"><\/div>\n<\/div>\n<\/div><\/section><\/div><div class=\"flex_column av_one_full  flex_column_div av-zero-column-padding first  avia-builder-el-4  el_after_av_one_full  el_before_av_hr  column-top-margin\" style='border-radius:0px; '><section class=\"av_textblock_section \"  itemscope=\"itemscope\" itemtype=\"https:\/\/schema.org\/BlogPosting\" itemprop=\"blogPost\" ><div class='avia_textblock  '   itemprop=\"text\" ><p style=\"text-align: justify;\">Detectives de la Brigada Investigadora de Robos (BIRO) Coyhaique de la Polic\u00eda de Investigaciones de Chile, en un trabajo coordinado con el Ministerio P\u00fablico, recuperaron diferentes especies que hab\u00edan sido denunciadas por el delito de robo en lugar habitado, hecho ocurrido durante la semana pasada en una parcela de la localidad de Villa Ortega.<\/p>\n<p style=\"text-align: justify;\">Se trata de un generador el\u00e9ctrico, un esmeril, un panel solar y cuatro neum\u00e1ticos nuevos, especies avaluadas en alrededor de dos millones de pesos.<\/p>\n<p style=\"text-align: justify;\">Tras la denuncia realizada por la v\u00edctima, los oficiales de la brigada especializada realizaron las primeras diligencias del caso junto a peritos del Laboratorio de Criminal\u00edstica Regional.<\/p>\n<p style=\"text-align: justify;\">As\u00ed lo confirm\u00f3 el subprefecto V\u00edctor Toledo, jefe de la BIRO Coyhaique, se\u00f1alando que \u201cdetectives de esta brigada especializada concurrieron hasta el sector de Villa Ortega, lugar donde la v\u00edctima denunci\u00f3 la sustracci\u00f3n de diferentes especies desde su propiedad\u201d.<\/p>\n<p style=\"text-align: justify;\">En base al an\u00e1lisis criminal, y \u201ca ra\u00edz del trabajo investigativo se efectuaron diversas diligencias investigativas y de inter\u00e9s criminal\u00edstico, las cuales lograron posicionar e identificar al autor de este delito, antecedentes que fueron puestos a disposici\u00f3n del Ministerio P\u00fablico, quien gestion\u00f3 la respectiva orden de detenci\u00f3n del imputado\u201d, subray\u00f3 el jefe de la unidad especializada.<\/p>\n<p style=\"text-align: justify;\">De acuerdo a lo se\u00f1alado por el detective, el imputado es una persona mayor de edad que no cuenta con antecedentes policiales y fue puesto a disposici\u00f3n del Tribunal respectivo en audiencia del fin de semana.<\/p>\n<p style=\"text-align: justify;\">Continuando con las diligencias investigativas y con la finalidad de ubicar el resto de las especies denunciadas, \u201cse logr\u00f3 recuperar un generador, algunos neum\u00e1ticos y otras herramientas menores, las que estaban en posesi\u00f3n de otras personas que actuaron como receptadores de estas especies, antecedentes que tambi\u00e9n fueron informados al Ministerio P\u00fablico, decret\u00e1ndose diversas diligencias, entre ellas, hacer devoluci\u00f3n a la v\u00edctima de lo sustra\u00eddo\u201d, indic\u00f3 el subprefecto V\u00edctor Toledo.<\/p>\n<p style=\"text-align: justify;\">Finalmente, desde la PDI recomendaron denunciar todo tipo de delito contra la propiedad para llevar a cabo las diligencias tendientes al esclarecimiento de los il\u00edcitos, en un trabajo mancomunado junto al Ministerio P\u00fablico.<\/p>\n<\/div><\/section><\/div><div  style='height:50px' class='hr hr-invisible   avia-builder-el-6  el_after_av_one_full  el_before_av_social_share '><span class='hr-inner ' ><span class='hr-inner-style'><\/span><\/span><\/div><\/p>\n<div  class='av-social-sharing-box  avia-builder-el-7  el_after_av_hr  el_before_av_hr  '><div class='av-share-box'><h5 class='av-share-link-description av-no-toc '>Compartir esta noticia<\/h5><ul class='av-share-box-list noLightbox'><li class='av-share-link av-social-link-facebook' ><a target=\"_blank\" aria-label=\"Compartir en Facebook\" href='https:\/\/www.facebook.com\/sharer.php?u=https:\/\/radiorevelacionfm.cl\/?p=24613&#038;t=PDI%20detiene%20a%20imputado%20por%20robo%20en%20parcela%20de%20Villa%20Ortega%20y%20recupera%20diversas%20especies' aria-hidden='false' data-av_icon='\ue8f3' data-av_iconfont='entypo-fontello' title='' data-avia-related-tooltip='Compartir en Facebook' rel=\"noopener\"><span class='avia_hidden_link_text'>Compartir en Facebook<\/span><\/a><\/li><li class='av-share-link av-social-link-twitter' ><a target=\"_blank\" aria-label=\"Compartir en Twitter\" href='https:\/\/twitter.com\/share?text=PDI%20detiene%20a%20imputado%20por%20robo%20en%20parcela%20de%20Villa%20Ortega%20y%20recupera%20diversas%20especies&#038;url=https:\/\/radiorevelacionfm.cl\/?p=24613' aria-hidden='false' data-av_icon='\ue8f1' data-av_iconfont='entypo-fontello' title='' data-avia-related-tooltip='Compartir en Twitter' rel=\"noopener\"><span class='avia_hidden_link_text'>Compartir en Twitter<\/span><\/a><\/li><li class='av-share-link av-social-link-whatsapp' ><a target=\"_blank\" aria-label=\"Compartir en Whatsapp\" href='https:\/\/api.whatsapp.com\/send?text=https:\/\/radiorevelacionfm.cl\/?p=24613' aria-hidden='false' data-av_icon='\uf232' data-av_iconfont='entypo-fontello' title='' data-avia-related-tooltip='Compartir en Whatsapp' rel=\"noopener\"><span class='avia_hidden_link_text'>Compartir en Whatsapp<\/span><\/a><\/li><li class='av-share-link av-social-link-linkedin' ><a target=\"_blank\" aria-label=\"Compartir en LinkedIn\" href='https:\/\/linkedin.com\/shareArticle?mini=true&#038;title=PDI%20detiene%20a%20imputado%20por%20robo%20en%20parcela%20de%20Villa%20Ortega%20y%20recupera%20diversas%20especies&#038;url=https:\/\/radiorevelacionfm.cl\/?p=24613' aria-hidden='false' data-av_icon='\ue8fc' data-av_iconfont='entypo-fontello' title='' data-avia-related-tooltip='Compartir en LinkedIn' rel=\"noopener\"><span class='avia_hidden_link_text'>Compartir en LinkedIn<\/span><\/a><\/li><li class='av-share-link av-social-link-mail' ><a  aria-label=\"Compartir por correo\" href='mailto:?subject=PDI%20detiene%20a%20imputado%20por%20robo%20en%20parcela%20de%20Villa%20Ortega%20y%20recupera%20diversas%20especies&#038;body=https:\/\/radiorevelacionfm.cl\/?p=24613' aria-hidden='false' data-av_icon='\ue805' data-av_iconfont='entypo-fontello' title='' data-avia-related-tooltip='Compartir por correo'><span class='avia_hidden_link_text'>Compartir por correo<\/span><\/a><\/li><\/ul><\/div><\/div>\n<div  style='height:50px' class='hr hr-invisible   avia-builder-el-8  el_after_av_social_share  el_before_av_comments_list '><span class='hr-inner ' ><span class='hr-inner-style'><\/span><\/span><\/div>\n<div  class='av-buildercomment  av-blog-meta-html-info-disabled av-blog-meta-tag-disabled  '><\/div>\n","protected":false},"excerpt":{"rendered":"","protected":false},"author":1,"featured_media":16354,"comment_status":"open","ping_status":"open","sticky":false,"template":"","format":"standard","meta":{"footnotes":""},"categories":[36],"tags":[],"class_list":["post-24613","post","type-post","status-publish","format-standard","has-post-thumbnail","hentry","category-policial"],"jetpack_featured_media_url":"https:\/\/radiorevelacionfm.cl\/wp-content\/uploads\/2022\/04\/PDI-Imagen-referencial-1-1.jpg","_links":{"self":[{"href":"https:\/\/radiorevelacionfm.cl\/index.php?rest_route=\/wp\/v2\/posts\/24613","targetHints":{"allow":["GET"]}}],"collection":[{"href":"https:\/\/radiorevelacionfm.cl\/index.php?rest_route=\/wp\/v2\/posts"}],"about":[{"href":"https:\/\/radiorevelacionfm.cl\/index.php?rest_route=\/wp\/v2\/types\/post"}],"author":[{"embeddable":true,"href":"https:\/\/radiorevelacionfm.cl\/index.php?rest_route=\/wp\/v2\/users\/1"}],"replies":[{"embeddable":true,"href":"https:\/\/radiorevelacionfm.cl\/index.php?rest_route=%2Fwp%2Fv2%2Fcomments&post=24613"}],"version-history":[{"count":2,"href":"https:\/\/radiorevelacionfm.cl\/index.php?rest_route=\/wp\/v2\/posts\/24613\/revisions"}],"predecessor-version":[{"id":24615,"href":"https:\/\/radiorevelacionfm.cl\/index.php?rest_route=\/wp\/v2\/posts\/24613\/revisions\/24615"}],"wp:featuredmedia":[{"embeddable":true,"href":"https:\/\/radiorevelacionfm.cl\/index.php?rest_route=\/wp\/v2\/media\/16354"}],"wp:attachment":[{"href":"https:\/\/radiorevelacionfm.cl\/index.php?rest_route=%2Fwp%2Fv2%2Fmedia&parent=24613"}],"wp:term":[{"taxonomy":"category","embeddable":true,"href":"https:\/\/radiorevelacionfm.cl\/index.php?rest_route=%2Fwp%2Fv2%2Fcategories&post=24613"},{"taxonomy":"post_tag","embeddable":true,"href":"https:\/\/radiorevelacionfm.cl\/index.php?rest_route=%2Fwp%2Fv2%2Ftags&post=24613"}],"curies":[{"name":"wp","href":"https:\/\/api.w.org\/{rel}","templated":true}]}}