{"id":24605,"date":"2022-11-24T15:33:01","date_gmt":"2022-11-24T18:33:01","guid":{"rendered":"https:\/\/radiorevelacionfm.cl\/?p=24605"},"modified":"2022-11-24T15:33:01","modified_gmt":"2022-11-24T18:33:01","slug":"dia-internacional-de-la-eliminacion-de-la-violencia-contra-la-mujer-subsecretaria-del-interior-entrega-recomendaciones-para-prevenir-la-violencia-en-linea","status":"publish","type":"post","link":"https:\/\/radiorevelacionfm.cl\/?p=24605","title":{"rendered":"D\u00eda Internacional de la Eliminaci\u00f3n de la Violencia contra la Mujer: Subsecretar\u00eda del Interior entrega recomendaciones para prevenir la violencia en l\u00ednea"},"content":{"rendered":"<div class=\"flex_column av_one_full  flex_column_div av-zero-column-padding first  avia-builder-el-0  el_before_av_one_full  avia-builder-el-first  \" style='border-radius:0px; '><div  class='avia-image-container  av-styling-    avia-builder-el-1  avia-builder-el-no-sibling  avia-align-center '  itemprop=\"image\" itemscope=\"itemscope\" itemtype=\"https:\/\/schema.org\/ImageObject\"  ><div class='avia-image-container-inner'><div class='avia-image-overlay-wrap'><img decoding=\"async\" class='wp-image-24606 avia-img-lazy-loading-not-24606 avia_image' src=\"https:\/\/radiorevelacionfm.cl\/wp-content\/uploads\/2022\/11\/1-5-1-1.png\" alt='' title='1 (5) (1) (1)' height=\"600\" width=\"600\"  itemprop=\"thumbnailUrl\" srcset=\"https:\/\/radiorevelacionfm.cl\/wp-content\/uploads\/2022\/11\/1-5-1-1.png 600w, https:\/\/radiorevelacionfm.cl\/wp-content\/uploads\/2022\/11\/1-5-1-1-300x300.png 300w, https:\/\/radiorevelacionfm.cl\/wp-content\/uploads\/2022\/11\/1-5-1-1-80x80.png 80w, https:\/\/radiorevelacionfm.cl\/wp-content\/uploads\/2022\/11\/1-5-1-1-36x36.png 36w, https:\/\/radiorevelacionfm.cl\/wp-content\/uploads\/2022\/11\/1-5-1-1-180x180.png 180w, https:\/\/radiorevelacionfm.cl\/wp-content\/uploads\/2022\/11\/1-5-1-1-100x100.png 100w\" sizes=\"(max-width: 600px) 100vw, 600px\" \/><\/div><\/div><\/div><\/div><div class=\"flex_column av_one_full  flex_column_div av-zero-column-padding first  avia-builder-el-2  el_after_av_one_full  el_before_av_one_full  column-top-margin\" style='border-radius:0px; '><section class=\"av_textblock_section \"  itemscope=\"itemscope\" itemtype=\"https:\/\/schema.org\/BlogPosting\" itemprop=\"blogPost\" ><div class='avia_textblock  '   itemprop=\"text\" ><p style=\"text-align: center;\"><span style=\"font-size: 18pt;\"><b>D\u00eda Internacional de la Eliminaci\u00f3n de la Violencia contra la Mujer: Subsecretar\u00eda del Interior entrega recomendaciones para prevenir la violencia en l\u00ednea<\/b><\/span><\/p>\n<div id=\"gtx-trans\" style=\"position: absolute; left: -50px; top: 4.31534px;\">\n<div class=\"gtx-trans-icon\"><\/div>\n<\/div>\n<\/div><\/section><\/div><div class=\"flex_column av_one_full  flex_column_div av-zero-column-padding first  avia-builder-el-4  el_after_av_one_full  el_before_av_hr  column-top-margin\" style='border-radius:0px; '><section class=\"av_textblock_section \"  itemscope=\"itemscope\" itemtype=\"https:\/\/schema.org\/BlogPosting\" itemprop=\"blogPost\" ><div class='avia_textblock  '   itemprop=\"text\" ><p style=\"font-weight: 400; text-align: justify;\">El viernes 25 de noviembre se conmemora el D\u00eda Internacional de la Eliminaci\u00f3n de la Violencia contra la Mujer. Durante muchos a\u00f1os, las mujeres han sido v\u00edctimas de violencia. El bullying en la etapa escolar, es uno de los principales problemas que enfrentan las comunidades educativas afectando principalmente a ni\u00f1as de manera presencial y virtual.<\/p>\n<p style=\"font-weight: 400; text-align: justify;\">De acuerdo a un estudio realizado el a\u00f1o 2020 por el Proyecto Aurora de la ONG Amaranta sobre violencia digital, el 63% de las mujeres cisg\u00e9nero, transg\u00e9nero y personas no binarias, hab\u00eda sufrido alg\u00fan tipo de violencia en Internet. El principal tipo de ataque, dice la investigaci\u00f3n, corresponde a violencia verbal con un 67%, seguido por acoso y hostigamiento con un 59% y env\u00edo\u00a0\u00a0de videos o fotograf\u00edas de penes sin consentimiento con un 25%.<\/p>\n<p style=\"font-weight: 400; text-align: justify;\">Otros estudios, como el de la Fundaci\u00f3n Kathy Summer, sobre ciberacoso y salud mental, demuestran que otro motivo de intimidaci\u00f3n es la violencia de pareja, a trav\u00e9s de amenazas, comentaros hirientes, suplantaci\u00f3n de identidad y videos o fotos mal intencionados.<\/p>\n<p style=\"font-weight: 400; text-align: justify;\">\u201cHay un alto porcentaje de mujeres que viven alg\u00fan tipo de violencia a trav\u00e9s de las redes sociales que se manifiestan de muchas maneras. El acoso mediante canales digitales, consiste en la difusi\u00f3n de datos personales, sextorsi\u00f3n, hostigamiento, etc., y provienen de amigos, ex parejas e incluso compa\u00f1eros. Para el gobierno este es un tema relevante y queremos disminuir estas cifras, por eso a trav\u00e9s del CSIRT de gobierno estamos constantemente concientizando a c\u00f3mo estar protegidos en el mundo digital\u201d, asegura el subsecretario del Interior, Manuel Monsalve.<\/p>\n<p style=\"font-weight: 400; text-align: justify;\"><strong>Tipos de violencia en internet<\/strong><\/p>\n<p style=\"font-weight: 400; text-align: justify;\">Existen distintas formas de agresi\u00f3n en l\u00ednea, las que pueden manifestarse a trav\u00e9s de las diversas plataformas y con contenido variado. Algunas de ellas son:<\/p>\n<ul style=\"font-weight: 400; text-align: justify;\">\n<li><strong>Ciberacoso o cyberbullying:<\/strong>\u00a0Acoso constante a trav\u00e9s de internet o redes sociales, donde se pretende molestar o da\u00f1ar a una persona.<\/li>\n<li><strong>Ciberacecho o cyberstalking:<\/strong>\u00a0Es el uso de medios electr\u00f3nicos para acechar a una v\u00edctima. Generalmente se refiere a un patr\u00f3n de conductas amenazantes o maliciosas.<\/li>\n<li><strong>Ciberturbas o cyber mobs:<\/strong>\u00a0Ocurre cuando grupos publican contenido ofensivo o destructivo en l\u00ednea, a menudo compitiendo con otros grupos, con la intenci\u00f3n de avergonzar a alguien.<\/li>\n<li><strong>Doxing:\u00a0<\/strong>Pr\u00e1ctica de investigar y publicar informaci\u00f3n privada de una persona para humillar o amenazar.<\/li>\n<li><strong>Deepfakes:<\/strong>\u00a0Videos que utilizan t\u00e9cnicas de aprendizaje autom\u00e1tico para intercambiar la cara de una persona con la de otra.<\/li>\n<\/ul>\n<p style=\"font-weight: 400; text-align: justify;\">\u00a0<strong>Recomendaciones<\/strong><\/p>\n<p style=\"font-weight: 400; text-align: justify;\"><strong>\u00a0<\/strong>Para estar m\u00e1s protegido y cuidar tu privacidad e informaci\u00f3n, el CSIRT de Gobierno entrega los siguientes consejos:<\/p>\n<p style=\"font-weight: 400; text-align: justify;\">&#8211;\u00a0\u00a0\u00a0\u00a0\u00a0\u00a0\u00a0\u00a0\u00a0\u00a0\u00a0\u00a0\u00a0Configura tu perfil como privado.<\/p>\n<p style=\"font-weight: 400; text-align: justify;\">&#8211;\u00a0\u00a0\u00a0\u00a0\u00a0\u00a0\u00a0\u00a0\u00a0\u00a0\u00a0\u00a0\u00a0No aceptes a desconocidos. Aseg\u00farate de tener s\u00f3lo personas conocidas.<\/p>\n<p style=\"font-weight: 400; text-align: justify;\">&#8211;\u00a0\u00a0\u00a0\u00a0\u00a0\u00a0\u00a0\u00a0\u00a0\u00a0\u00a0\u00a0\u00a0Cuidado con la informaci\u00f3n e im\u00e1genes que publicas en tus redes sociales.<\/p>\n<p style=\"font-weight: 400; text-align: justify;\">&#8211;\u00a0\u00a0\u00a0\u00a0\u00a0\u00a0\u00a0\u00a0\u00a0\u00a0\u00a0\u00a0\u00a0Desactiva la geolocalizaci\u00f3n y no compartas tu ubicaci\u00f3n.<\/p>\n<p style=\"font-weight: 400; text-align: justify;\">&#8211;\u00a0\u00a0\u00a0\u00a0\u00a0\u00a0\u00a0\u00a0\u00a0\u00a0\u00a0\u00a0\u00a0Evita compartir fotograf\u00edas y videos de contenido sexual con desconocidos.<\/p>\n<p style=\"font-weight: 400; text-align: justify;\">&#8211;\u00a0\u00a0\u00a0\u00a0\u00a0\u00a0\u00a0\u00a0\u00a0\u00a0\u00a0\u00a0\u00a0Bloquea al acosador e intenta cortar las v\u00edas de comunicaci\u00f3n de inmediato.<\/p>\n<p style=\"font-weight: 400; text-align: justify;\">&#8211;\u00a0\u00a0\u00a0\u00a0\u00a0\u00a0\u00a0\u00a0\u00a0\u00a0\u00a0\u00a0\u00a0Nunca compartas tus contrase\u00f1as, ni siquiera con tu pareja o amigos(as).<\/p>\n<p style=\"font-weight: 400; text-align: justify;\">&#8211;\u00a0\u00a0\u00a0\u00a0\u00a0\u00a0\u00a0\u00a0\u00a0\u00a0\u00a0\u00a0\u00a0Guarda la prueba de violencia, acoso, amenaza o abuso.<\/p>\n<p style=\"font-weight: 400; text-align: justify;\">\u00a0<strong>\u00a0<\/strong><\/p>\n<p style=\"font-weight: 400; text-align: justify;\">Si eres v\u00edctima o testigo, puedes denunciar o pedir ayuda llamando a:<\/p>\n<ul style=\"font-weight: 400;\">\n<li style=\"text-align: justify;\">Ministerio de la Mujer: 1455<\/li>\n<li style=\"text-align: justify;\">Unidad de Cibercrimen de la PDI: 2 2708 0658.<\/li>\n<\/ul>\n<\/div><\/section><\/div><div  style='height:50px' class='hr hr-invisible   avia-builder-el-6  el_after_av_one_full  el_before_av_social_share '><span class='hr-inner ' ><span class='hr-inner-style'><\/span><\/span><\/div><\/p>\n<div  class='av-social-sharing-box  avia-builder-el-7  el_after_av_hr  el_before_av_hr  '><div class='av-share-box'><h5 class='av-share-link-description av-no-toc '>Compartir esta noticia<\/h5><ul class='av-share-box-list noLightbox'><li class='av-share-link av-social-link-facebook' ><a target=\"_blank\" aria-label=\"Compartir en Facebook\" href='https:\/\/www.facebook.com\/sharer.php?u=https:\/\/radiorevelacionfm.cl\/?p=24605&#038;t=D%C3%ADa%20Internacional%20de%20la%20Eliminaci%C3%B3n%20de%20la%20Violencia%20contra%20la%20Mujer%3A%20Subsecretar%C3%ADa%20del%20Interior%20entrega%20recomendaciones%20para%20prevenir%20la%20violencia%20en%20l%C3%ADnea' aria-hidden='false' data-av_icon='\ue8f3' data-av_iconfont='entypo-fontello' title='' data-avia-related-tooltip='Compartir en Facebook' rel=\"noopener\"><span class='avia_hidden_link_text'>Compartir en Facebook<\/span><\/a><\/li><li class='av-share-link av-social-link-twitter' ><a target=\"_blank\" aria-label=\"Compartir en Twitter\" href='https:\/\/twitter.com\/share?text=D%C3%ADa%20Internacional%20de%20la%20Eliminaci%C3%B3n%20de%20la%20Violencia%20contra%20la%20Mujer%3A%20Subsecretar%C3%ADa%20del%20Interior%20entrega%20recomendaciones%20para%20prevenir%20la%20violencia%20en%20l%C3%ADnea&#038;url=https:\/\/radiorevelacionfm.cl\/?p=24605' aria-hidden='false' data-av_icon='\ue8f1' data-av_iconfont='entypo-fontello' title='' data-avia-related-tooltip='Compartir en Twitter' rel=\"noopener\"><span class='avia_hidden_link_text'>Compartir en Twitter<\/span><\/a><\/li><li class='av-share-link av-social-link-whatsapp' ><a target=\"_blank\" aria-label=\"Compartir en Whatsapp\" href='https:\/\/api.whatsapp.com\/send?text=https:\/\/radiorevelacionfm.cl\/?p=24605' aria-hidden='false' data-av_icon='\uf232' data-av_iconfont='entypo-fontello' title='' data-avia-related-tooltip='Compartir en Whatsapp' rel=\"noopener\"><span class='avia_hidden_link_text'>Compartir en Whatsapp<\/span><\/a><\/li><li class='av-share-link av-social-link-linkedin' ><a target=\"_blank\" aria-label=\"Compartir en LinkedIn\" href='https:\/\/linkedin.com\/shareArticle?mini=true&#038;title=D%C3%ADa%20Internacional%20de%20la%20Eliminaci%C3%B3n%20de%20la%20Violencia%20contra%20la%20Mujer%3A%20Subsecretar%C3%ADa%20del%20Interior%20entrega%20recomendaciones%20para%20prevenir%20la%20violencia%20en%20l%C3%ADnea&#038;url=https:\/\/radiorevelacionfm.cl\/?p=24605' aria-hidden='false' data-av_icon='\ue8fc' data-av_iconfont='entypo-fontello' title='' data-avia-related-tooltip='Compartir en LinkedIn' rel=\"noopener\"><span class='avia_hidden_link_text'>Compartir en LinkedIn<\/span><\/a><\/li><li class='av-share-link av-social-link-mail' ><a  aria-label=\"Compartir por correo\" href='mailto:?subject=D%C3%ADa%20Internacional%20de%20la%20Eliminaci%C3%B3n%20de%20la%20Violencia%20contra%20la%20Mujer%3A%20Subsecretar%C3%ADa%20del%20Interior%20entrega%20recomendaciones%20para%20prevenir%20la%20violencia%20en%20l%C3%ADnea&#038;body=https:\/\/radiorevelacionfm.cl\/?p=24605' aria-hidden='false' data-av_icon='\ue805' data-av_iconfont='entypo-fontello' title='' data-avia-related-tooltip='Compartir por correo'><span class='avia_hidden_link_text'>Compartir por correo<\/span><\/a><\/li><\/ul><\/div><\/div>\n<div  style='height:50px' class='hr hr-invisible   avia-builder-el-8  el_after_av_social_share  el_before_av_comments_list '><span class='hr-inner ' ><span class='hr-inner-style'><\/span><\/span><\/div>\n<div  class='av-buildercomment  av-blog-meta-html-info-disabled av-blog-meta-tag-disabled  '><\/div>\n","protected":false},"excerpt":{"rendered":"","protected":false},"author":1,"featured_media":24606,"comment_status":"open","ping_status":"open","sticky":false,"template":"","format":"standard","meta":{"footnotes":""},"categories":[63],"tags":[],"class_list":["post-24605","post","type-post","status-publish","format-standard","has-post-thumbnail","hentry","category-mujer-y-genero"],"jetpack_featured_media_url":"https:\/\/radiorevelacionfm.cl\/wp-content\/uploads\/2022\/11\/1-5-1-1.png","_links":{"self":[{"href":"https:\/\/radiorevelacionfm.cl\/index.php?rest_route=\/wp\/v2\/posts\/24605","targetHints":{"allow":["GET"]}}],"collection":[{"href":"https:\/\/radiorevelacionfm.cl\/index.php?rest_route=\/wp\/v2\/posts"}],"about":[{"href":"https:\/\/radiorevelacionfm.cl\/index.php?rest_route=\/wp\/v2\/types\/post"}],"author":[{"embeddable":true,"href":"https:\/\/radiorevelacionfm.cl\/index.php?rest_route=\/wp\/v2\/users\/1"}],"replies":[{"embeddable":true,"href":"https:\/\/radiorevelacionfm.cl\/index.php?rest_route=%2Fwp%2Fv2%2Fcomments&post=24605"}],"version-history":[{"count":2,"href":"https:\/\/radiorevelacionfm.cl\/index.php?rest_route=\/wp\/v2\/posts\/24605\/revisions"}],"predecessor-version":[{"id":24624,"href":"https:\/\/radiorevelacionfm.cl\/index.php?rest_route=\/wp\/v2\/posts\/24605\/revisions\/24624"}],"wp:featuredmedia":[{"embeddable":true,"href":"https:\/\/radiorevelacionfm.cl\/index.php?rest_route=\/wp\/v2\/media\/24606"}],"wp:attachment":[{"href":"https:\/\/radiorevelacionfm.cl\/index.php?rest_route=%2Fwp%2Fv2%2Fmedia&parent=24605"}],"wp:term":[{"taxonomy":"category","embeddable":true,"href":"https:\/\/radiorevelacionfm.cl\/index.php?rest_route=%2Fwp%2Fv2%2Fcategories&post=24605"},{"taxonomy":"post_tag","embeddable":true,"href":"https:\/\/radiorevelacionfm.cl\/index.php?rest_route=%2Fwp%2Fv2%2Ftags&post=24605"}],"curies":[{"name":"wp","href":"https:\/\/api.w.org\/{rel}","templated":true}]}}