{"id":24602,"date":"2022-11-25T11:53:11","date_gmt":"2022-11-25T14:53:11","guid":{"rendered":"https:\/\/radiorevelacionfm.cl\/?p=24602"},"modified":"2022-11-25T11:53:11","modified_gmt":"2022-11-25T14:53:11","slug":"tortel-y-cochrane-realizan-charlas-para-difundir-cobertura-de-seguridad-social-que-tienen-trabajadores-honorarios-destacando-el-seguro-contra-accidentes-laborales-y-licencias-medicas","status":"publish","type":"post","link":"https:\/\/radiorevelacionfm.cl\/?p=24602","title":{"rendered":"Tortel y Cochrane: realizan charlas para difundir cobertura de seguridad social que tienen trabajadores honorarios destacando el seguro contra accidentes laborales y licencias m\u00e9dicas"},"content":{"rendered":"<div class=\"flex_column av_one_full  flex_column_div av-zero-column-padding first  avia-builder-el-0  el_before_av_one_full  avia-builder-el-first  \" style='border-radius:0px; '><div  class='avia-image-container  av-styling-    avia-builder-el-1  avia-builder-el-no-sibling  avia-align-center '  itemprop=\"image\" itemscope=\"itemscope\" itemtype=\"https:\/\/schema.org\/ImageObject\"  ><div class='avia-image-container-inner'><div class='avia-image-overlay-wrap'><img decoding=\"async\" class='wp-image-24603 avia-img-lazy-loading-not-24603 avia_image' src=\"https:\/\/radiorevelacionfm.cl\/wp-content\/uploads\/2022\/11\/CapacitacionesHonorarios_Tortel-4-b-1-1.jpg\" alt='' title='CapacitacionesHonorarios_Tortel (4) b (1) (1)' height=\"600\" width=\"867\"  itemprop=\"thumbnailUrl\" srcset=\"https:\/\/radiorevelacionfm.cl\/wp-content\/uploads\/2022\/11\/CapacitacionesHonorarios_Tortel-4-b-1-1.jpg 867w, https:\/\/radiorevelacionfm.cl\/wp-content\/uploads\/2022\/11\/CapacitacionesHonorarios_Tortel-4-b-1-1-300x208.jpg 300w, https:\/\/radiorevelacionfm.cl\/wp-content\/uploads\/2022\/11\/CapacitacionesHonorarios_Tortel-4-b-1-1-768x531.jpg 768w, https:\/\/radiorevelacionfm.cl\/wp-content\/uploads\/2022\/11\/CapacitacionesHonorarios_Tortel-4-b-1-1-705x488.jpg 705w, https:\/\/radiorevelacionfm.cl\/wp-content\/uploads\/2022\/11\/CapacitacionesHonorarios_Tortel-4-b-1-1-600x415.jpg 600w\" sizes=\"(max-width: 867px) 100vw, 867px\" \/><\/div><\/div><\/div><\/div><div class=\"flex_column av_one_full  flex_column_div av-zero-column-padding first  avia-builder-el-2  el_after_av_one_full  el_before_av_one_full  column-top-margin\" style='border-radius:0px; '><section class=\"av_textblock_section \"  itemscope=\"itemscope\" itemtype=\"https:\/\/schema.org\/BlogPosting\" itemprop=\"blogPost\" ><div class='avia_textblock  '   itemprop=\"text\" ><p style=\"text-align: center;\"><span style=\"font-size: 18pt;\"><b>Tortel y Cochrane: realizan charlas para difundir cobertura de seguridad social que tienen trabajadores honorarios destacando el seguro contra accidentes laborales y licencias m\u00e9dicas<\/b><\/span><\/p>\n<div id=\"gtx-trans\" style=\"position: absolute; left: -50px; top: 4.31534px;\">\n<div class=\"gtx-trans-icon\"><\/div>\n<\/div>\n<\/div><\/section><\/div><div class=\"flex_column av_one_full  flex_column_div av-zero-column-padding first  avia-builder-el-4  el_after_av_one_full  el_before_av_hr  column-top-margin\" style='border-radius:0px; '><section class=\"av_textblock_section \"  itemscope=\"itemscope\" itemtype=\"https:\/\/schema.org\/BlogPosting\" itemprop=\"blogPost\" ><div class='avia_textblock  '   itemprop=\"text\" ><p style=\"text-align: justify;\">Hace algunos d\u00edas el Ministerio del Trabajo y Previsi\u00f3n Social a trav\u00e9s del Instituto de Seguridad Laboral, ISL, desarroll\u00f3 capacitaciones a trabajadores\/as a honorarios de la Municipalidad de Tortel y de la Delegaci\u00f3n de Capit\u00e1n Prat, ellos ante la solicitud de la Delegada Presidencial de la Provincia Capit\u00e1n Prat, Marta Montiel y del Alcalde de la comuna, Abel Becerra, coordinadas por el Seremi del Trabajo y Previsi\u00f3n Social, Rodrigo D\u00edaz y el equipo del ISL.<\/p>\n<p style=\"text-align: justify;\">La Delegada Marta Montiel se refiri\u00f3 a la importancia de contar con informaci\u00f3n clara y oportuna para los trabajadores\/as y la comunidad, acercando los servicios p\u00fablicos al territorio, \u201cAcercar la informaci\u00f3n a los territorios, descentralizar la informaci\u00f3n, es hoy parte de la pol\u00edtica p\u00fablica, de la pol\u00edtica de Gobierno, y es por eso que contamos con la visita del Seremi de Trabajo y Previsi\u00f3n Social y del Instituto de Seguridad Laboral, quienes de manera muy clara orientaron y entregaron la informaci\u00f3n a las trabajadoras y trabajadores que hoy d\u00eda prestan servicios bajo la modalidad de honorarios. Para esta Delegaci\u00f3n Presidencial Provincial es fundamental, por una parte, generar alianzas con los distintos servicios p\u00fablicos y por otra, entregar la informaci\u00f3n, aclarar tambi\u00e9n las dudas de los trabajadores y trabajadoras, y esa fue la importancia de esta jornada, que qued\u00f3 reflejada tambi\u00e9n en la participaci\u00f3n activa de quienes participaron de estas instancias de capacitaci\u00f3n, de intercambio de experiencia y de bajada de la informaci\u00f3n desde las instituciones\u201d.<\/p>\n<p style=\"text-align: justify;\">Por su parte, el Seremi Rodrigo D\u00edaz, detall\u00f3 algunos aspectos de los derechos laborales, \u201cLos trabajadores por medio de la operaci\u00f3n renta tienen derechos laborales, a trav\u00e9s de la Ley 16.744. Muchas veces hay un desconocimiento, pero los honorarios tienen cobertura del Seguro de Accidentes del Trabajo, de trayecto y\/o enfermedad laboral. La retenci\u00f3n en las boletas, que durante el 2022 es del 12.25% permite obtener los beneficios y coberturas en salud, previsi\u00f3n, seguros de accidentes y enfermedades laborales, entre otros. Como Ministerio de Trabajo y Previsi\u00f3n Social, a trav\u00e9s del Instituto de Seguridad Laboral, que es la mutualidad del Estado y a la cual est\u00e1n adscritos autom\u00e1ticamente todos los honorarios, a menos que ellos opten por otra entidad, estamos realizando capacitaciones y entregando informaci\u00f3n, para que los honorarios conozcan sus derechos. Esta vez las charlas fueron a los trabajadores de la Municipalidad de Tortel y de la Delegaci\u00f3n de Capit\u00e1n Prat, con lo cual queremos estar presentes en los territorios, presencialmente, y ello continuar\u00e1 replic\u00e1ndose en otras instituciones. Los invitamos a que conozcan sus derechos laborales e ingresen a los sitios web\u00a0<a href=\"http:\/\/www.leyhonorarios.cl\/\" target=\"_blank\" rel=\"noopener\" data-saferedirecturl=\"https:\/\/www.google.com\/url?q=http:\/\/www.leyhonorarios.cl&amp;source=gmail&amp;ust=1669381796984000&amp;usg=AOvVaw2ZZtpK5Tio7PtCWQtFXtxU\">www.leyhonorarios.cl<\/a>\u00a0y\u00a0<a href=\"http:\/\/www.previsionsocial.gob.cl\/\" target=\"_blank\" rel=\"noopener\" data-saferedirecturl=\"https:\/\/www.google.com\/url?q=http:\/\/www.previsionsocial.gob.cl&amp;source=gmail&amp;ust=1669381796984000&amp;usg=AOvVaw3DwQxgV0vhzUYGchvmGZZ6\">www.previsionsocial.gob.cl<\/a>, donde encontrar\u00e1n toda la informaci\u00f3n\u201d, afirm\u00f3.<\/p>\n<p style=\"text-align: justify;\">A su vez, el Alcalde de la comuna de Tortel, Abel Becerra, valor\u00f3 la instancia y presencia del Seremi de Trabajo y Previsi\u00f3n Social y el Instituto de Seguridad Laboral, \u201cla importancia de haber coordinado y haber tra\u00eddo a los servicios p\u00fablicos a Tortel, espec\u00edficamente para desarrollar todos los temas que tienen que ver con la legislaci\u00f3n que va cambiando mucho en el tiempo y los funcionarios no todos tienen tiempo de salir a las capacitaciones, a nivel regional o a nivel provincial. Por eso desde la Serem\u00eda del Trabajo en una primera instancia, coordinamos una jornada como la que sucedi\u00f3 estos d\u00edas ac\u00e1. En segundo t\u00e9rmino, la importancia de que los servicios vengan a la comuna, a capacitar a los funcionarios, es uno de los compromisos que asumimos cuando llegamos a la administraci\u00f3n, de acercar los servicios p\u00fablicos, y en ese mismo sentido de la capacitaci\u00f3n que se hizo, que fue para explicarle a los trabajadores del municipio los distintos beneficios que ellos tienen, ya sea en las prestaciones de salud, en caso de accidentes y en los beneficios que espec\u00edficamente esta ley tiene\u201d.<\/p>\n<p style=\"text-align: justify;\">Una de las participantes en la capacitaci\u00f3n fue Daniela Riffo, trabajadora a honorarios de la Municipalidad de Tortel, \u201cRespecto de la capacitaci\u00f3n del Instituto de Seguridad Laboral, ISL, quisiera mencionar que fue una buena instancia, especialmente porque la mayor\u00eda de los trabajadores y las trabajadoras de ac\u00e1 del municipio, tienen un convenio mediante honorarios y honorarias, y especialmente por nuestros resguardos el tema de los accidentes de trabajo, es muy relevante saberlo, especialmente en un contexto donde las pasarelas est\u00e1n escarchadas y uno siempre sufre alg\u00fan tipo de inconveniente al venir a marcar o al llegar a la pega, y tambi\u00e9n porque muchos desconoc\u00edamos donde est\u00e1bamos asociados y si est\u00e1bamos cubiertos o no por alg\u00fan organismo frente a estos accidentes laborales. Fue una provechosa instancia y que deben realizarse muchas m\u00e1s, especialmente en el \u00e1mbito preventivo de estos accidentes laborales, m\u00e1s que la respuesta inmediata, as\u00ed que felicitarlos por la instancia y como trabajadora a honorarios, espero hayan m\u00e1s momentos para compartir y aprender de estos organismos\u201d.<\/p>\n<p style=\"text-align: justify;\">Las charlas fueron dictadas por el ISL, puntualmente por el director regional, Mario Garay; el jefe de Prevenci\u00f3n, Gonzalo Soto y el encargado de la oficina provincial, Lindor L\u00f3pez. Cabe mencionar que ya se est\u00e1n coordinando nuevas capacitaciones en el \u00e1rea de prevenci\u00f3n, esta vez en primeros auxilios y otro, en manejo y uso de extintores.<\/p>\n<\/div><\/section><\/div><div  style='height:50px' class='hr hr-invisible   avia-builder-el-6  el_after_av_one_full  el_before_av_social_share '><span class='hr-inner ' ><span class='hr-inner-style'><\/span><\/span><\/div><\/p>\n<div  class='av-social-sharing-box  avia-builder-el-7  el_after_av_hr  el_before_av_hr  '><div class='av-share-box'><h5 class='av-share-link-description av-no-toc '>Compartir esta noticia<\/h5><ul class='av-share-box-list noLightbox'><li class='av-share-link av-social-link-facebook' ><a target=\"_blank\" aria-label=\"Compartir en Facebook\" href='https:\/\/www.facebook.com\/sharer.php?u=https:\/\/radiorevelacionfm.cl\/?p=24602&#038;t=Tortel%20y%20Cochrane%3A%20realizan%20charlas%20para%20difundir%20cobertura%20de%20seguridad%20social%20que%20tienen%20trabajadores%20honorarios%20destacando%20el%20seguro%20contra%20accidentes%20laborales%20y%20licencias%20m%C3%A9dicas' aria-hidden='false' data-av_icon='\ue8f3' data-av_iconfont='entypo-fontello' title='' data-avia-related-tooltip='Compartir en Facebook' rel=\"noopener\"><span class='avia_hidden_link_text'>Compartir en Facebook<\/span><\/a><\/li><li class='av-share-link av-social-link-twitter' ><a target=\"_blank\" aria-label=\"Compartir en Twitter\" href='https:\/\/twitter.com\/share?text=Tortel%20y%20Cochrane%3A%20realizan%20charlas%20para%20difundir%20cobertura%20de%20seguridad%20social%20que%20tienen%20trabajadores%20honorarios%20destacando%20el%20seguro%20contra%20accidentes%20laborales%20y%20licencias%20m%C3%A9dicas&#038;url=https:\/\/radiorevelacionfm.cl\/?p=24602' aria-hidden='false' data-av_icon='\ue8f1' data-av_iconfont='entypo-fontello' title='' data-avia-related-tooltip='Compartir en Twitter' rel=\"noopener\"><span class='avia_hidden_link_text'>Compartir en Twitter<\/span><\/a><\/li><li class='av-share-link av-social-link-whatsapp' ><a target=\"_blank\" aria-label=\"Compartir en Whatsapp\" href='https:\/\/api.whatsapp.com\/send?text=https:\/\/radiorevelacionfm.cl\/?p=24602' aria-hidden='false' data-av_icon='\uf232' data-av_iconfont='entypo-fontello' title='' data-avia-related-tooltip='Compartir en Whatsapp' rel=\"noopener\"><span class='avia_hidden_link_text'>Compartir en Whatsapp<\/span><\/a><\/li><li class='av-share-link av-social-link-linkedin' ><a target=\"_blank\" aria-label=\"Compartir en LinkedIn\" href='https:\/\/linkedin.com\/shareArticle?mini=true&#038;title=Tortel%20y%20Cochrane%3A%20realizan%20charlas%20para%20difundir%20cobertura%20de%20seguridad%20social%20que%20tienen%20trabajadores%20honorarios%20destacando%20el%20seguro%20contra%20accidentes%20laborales%20y%20licencias%20m%C3%A9dicas&#038;url=https:\/\/radiorevelacionfm.cl\/?p=24602' aria-hidden='false' data-av_icon='\ue8fc' data-av_iconfont='entypo-fontello' title='' data-avia-related-tooltip='Compartir en LinkedIn' rel=\"noopener\"><span class='avia_hidden_link_text'>Compartir en LinkedIn<\/span><\/a><\/li><li class='av-share-link av-social-link-mail' ><a  aria-label=\"Compartir por correo\" href='mailto:?subject=Tortel%20y%20Cochrane%3A%20realizan%20charlas%20para%20difundir%20cobertura%20de%20seguridad%20social%20que%20tienen%20trabajadores%20honorarios%20destacando%20el%20seguro%20contra%20accidentes%20laborales%20y%20licencias%20m%C3%A9dicas&#038;body=https:\/\/radiorevelacionfm.cl\/?p=24602' aria-hidden='false' data-av_icon='\ue805' data-av_iconfont='entypo-fontello' title='' data-avia-related-tooltip='Compartir por correo'><span class='avia_hidden_link_text'>Compartir por correo<\/span><\/a><\/li><\/ul><\/div><\/div>\n<div  style='height:50px' class='hr hr-invisible   avia-builder-el-8  el_after_av_social_share  el_before_av_comments_list '><span class='hr-inner ' ><span class='hr-inner-style'><\/span><\/span><\/div>\n<div  class='av-buildercomment  av-blog-meta-html-info-disabled av-blog-meta-tag-disabled  '><\/div>\n","protected":false},"excerpt":{"rendered":"","protected":false},"author":1,"featured_media":24603,"comment_status":"open","ping_status":"open","sticky":false,"template":"","format":"standard","meta":{"footnotes":""},"categories":[38],"tags":[],"class_list":["post-24602","post","type-post","status-publish","format-standard","has-post-thumbnail","hentry","category-regional"],"jetpack_featured_media_url":"https:\/\/radiorevelacionfm.cl\/wp-content\/uploads\/2022\/11\/CapacitacionesHonorarios_Tortel-4-b-1-1.jpg","_links":{"self":[{"href":"https:\/\/radiorevelacionfm.cl\/index.php?rest_route=\/wp\/v2\/posts\/24602","targetHints":{"allow":["GET"]}}],"collection":[{"href":"https:\/\/radiorevelacionfm.cl\/index.php?rest_route=\/wp\/v2\/posts"}],"about":[{"href":"https:\/\/radiorevelacionfm.cl\/index.php?rest_route=\/wp\/v2\/types\/post"}],"author":[{"embeddable":true,"href":"https:\/\/radiorevelacionfm.cl\/index.php?rest_route=\/wp\/v2\/users\/1"}],"replies":[{"embeddable":true,"href":"https:\/\/radiorevelacionfm.cl\/index.php?rest_route=%2Fwp%2Fv2%2Fcomments&post=24602"}],"version-history":[{"count":2,"href":"https:\/\/radiorevelacionfm.cl\/index.php?rest_route=\/wp\/v2\/posts\/24602\/revisions"}],"predecessor-version":[{"id":24680,"href":"https:\/\/radiorevelacionfm.cl\/index.php?rest_route=\/wp\/v2\/posts\/24602\/revisions\/24680"}],"wp:featuredmedia":[{"embeddable":true,"href":"https:\/\/radiorevelacionfm.cl\/index.php?rest_route=\/wp\/v2\/media\/24603"}],"wp:attachment":[{"href":"https:\/\/radiorevelacionfm.cl\/index.php?rest_route=%2Fwp%2Fv2%2Fmedia&parent=24602"}],"wp:term":[{"taxonomy":"category","embeddable":true,"href":"https:\/\/radiorevelacionfm.cl\/index.php?rest_route=%2Fwp%2Fv2%2Fcategories&post=24602"},{"taxonomy":"post_tag","embeddable":true,"href":"https:\/\/radiorevelacionfm.cl\/index.php?rest_route=%2Fwp%2Fv2%2Ftags&post=24602"}],"curies":[{"name":"wp","href":"https:\/\/api.w.org\/{rel}","templated":true}]}}