{"id":24599,"date":"2022-11-24T11:23:01","date_gmt":"2022-11-24T14:23:01","guid":{"rendered":"https:\/\/radiorevelacionfm.cl\/?p=24599"},"modified":"2022-11-24T11:23:01","modified_gmt":"2022-11-24T14:23:01","slug":"autoridades-destacan-entrada-en-vigencia-del-registro-nacional-de-deudores-de-pensiones-de-alimentos","status":"publish","type":"post","link":"https:\/\/radiorevelacionfm.cl\/?p=24599","title":{"rendered":"Autoridades destacan entrada en vigencia del Registro Nacional de Deudores de Pensiones de Alimentos"},"content":{"rendered":"<div class=\"flex_column av_one_full  flex_column_div av-zero-column-padding first  avia-builder-el-0  el_before_av_one_full  avia-builder-el-first  \" style='border-radius:0px; '><div  class='avia-image-container  av-styling-    avia-builder-el-1  avia-builder-el-no-sibling  avia-align-center '  itemprop=\"image\" itemscope=\"itemscope\" itemtype=\"https:\/\/schema.org\/ImageObject\"  ><div class='avia-image-container-inner'><div class='avia-image-overlay-wrap'><img decoding=\"async\" class='wp-image-24600 avia-img-lazy-loading-not-24600 avia_image' src=\"https:\/\/radiorevelacionfm.cl\/wp-content\/uploads\/2022\/11\/Registro-Nacional-de-Deudores-de-Pensiones-de-Alimentos-1-1.jpg\" alt='' title='Registro Nacional de Deudores de Pensiones de Alimentos (1) (1)' height=\"600\" width=\"800\"  itemprop=\"thumbnailUrl\" srcset=\"https:\/\/radiorevelacionfm.cl\/wp-content\/uploads\/2022\/11\/Registro-Nacional-de-Deudores-de-Pensiones-de-Alimentos-1-1.jpg 800w, https:\/\/radiorevelacionfm.cl\/wp-content\/uploads\/2022\/11\/Registro-Nacional-de-Deudores-de-Pensiones-de-Alimentos-1-1-300x225.jpg 300w, https:\/\/radiorevelacionfm.cl\/wp-content\/uploads\/2022\/11\/Registro-Nacional-de-Deudores-de-Pensiones-de-Alimentos-1-1-768x576.jpg 768w, https:\/\/radiorevelacionfm.cl\/wp-content\/uploads\/2022\/11\/Registro-Nacional-de-Deudores-de-Pensiones-de-Alimentos-1-1-705x529.jpg 705w, https:\/\/radiorevelacionfm.cl\/wp-content\/uploads\/2022\/11\/Registro-Nacional-de-Deudores-de-Pensiones-de-Alimentos-1-1-600x450.jpg 600w\" sizes=\"(max-width: 800px) 100vw, 800px\" \/><\/div><\/div><\/div><\/div><div class=\"flex_column av_one_full  flex_column_div av-zero-column-padding first  avia-builder-el-2  el_after_av_one_full  el_before_av_one_full  column-top-margin\" style='border-radius:0px; '><section class=\"av_textblock_section \"  itemscope=\"itemscope\" itemtype=\"https:\/\/schema.org\/BlogPosting\" itemprop=\"blogPost\" ><div class='avia_textblock  '   itemprop=\"text\" ><p style=\"text-align: center;\"><span style=\"font-size: 18pt;\"><strong>Autoridades destacan entrada en vigencia del Registro Nacional de Deudores de Pensiones de Alimentos<\/strong><\/span><\/p>\n<div id=\"gtx-trans\" style=\"position: absolute; left: -50px; top: 4.31534px;\">\n<div class=\"gtx-trans-icon\"><\/div>\n<\/div>\n<\/div><\/section><\/div><div class=\"flex_column av_one_full  flex_column_div av-zero-column-padding first  avia-builder-el-4  el_after_av_one_full  el_before_av_hr  column-top-margin\" style='border-radius:0px; '><section class=\"av_textblock_section \"  itemscope=\"itemscope\" itemtype=\"https:\/\/schema.org\/BlogPosting\" itemprop=\"blogPost\" ><div class='avia_textblock  '   itemprop=\"text\" ><p style=\"text-align: justify;\">Recientemente, entr\u00f3 en vigencia el Registro Nacional de Deudores de Pensiones de Alimentos, iniciativa que tiene como objetivo visibilizar a las y los deudores de pensiones de alimentos, y articular diversas medidas legales con el fin de promover y garantizar el cumplimiento de las pensiones de alimentos.<\/p>\n<p style=\"text-align: justify;\">Cabe mencionar que ser\u00e1n incorporados a este Registro las personas, sea padre o madre que adeude tres meses consecutivos o cinco meses discontinuos de pensiones de alimentos, y que posean una resoluci\u00f3n judicial que haya ordenado el pago de las mensualidades, ahora este registro ser\u00e1 administrado por el Servicio de Registro Civil e Identificaci\u00f3n, y podr\u00e1 ser consultado por instituciones p\u00fablicas y privadas mandatadas por ley, ya sean deudores, demandantes, representantes legales, Tribunales y\/o personas o entidades obligadas a consultarlo.<\/p>\n<p style=\"text-align: justify;\">En este sentido, el Seremi de Justicia y Derechos Humanos, Samuel Navarro Castro explic\u00f3 que \u201cse est\u00e1 poniendo en marcha este Registro Nacional de Deudores de Pensiones de Alimentos que nos va a permitir por un lado, hacer efectivo el eje de la corresponsabilidad para la protecci\u00f3n de ni\u00f1os, ni\u00f1as y adolescentes, y poner el inter\u00e9s superior de \u00e9stos en relaci\u00f3n a aquellas obligaciones que tienen los padres o madres, particularmente padres, por el porcentaje de demandas de alimentos que hay pendientes para que se pongan al d\u00eda, y cumplan con su obligaci\u00f3n con el mandato legal y \u00e9tico de proveer alimentos, en ese sentido se crea este registro que uno de los avances que tenemos en esta materia, junto a otros que vienen a continuaci\u00f3n, y que impulsan, promueven el pago efectivo de las pensiones de alimentos adeudadas\u201d.<\/p>\n<p style=\"text-align: justify;\">Por su parte, la Seremi de la Mujer y Equidad de G\u00e9nero Andrea M\u00e9ndez Valenzuela indic\u00f3 que \u201clo importante a se\u00f1alar es que hay consenso con respecto a la importancia que tiene el pago efectivo de esto, hay consenso en t\u00e9rminos sociales y en t\u00e9rminos de Estado, en considerarlo un delito importante, un delito grave que menoscaba el bienestar de ni\u00f1os, ni\u00f1as y adolescentes, y que tambi\u00e9n menoscaba la subsistencia familiar y la autonom\u00eda econ\u00f3mica de las mujeres, como Gobierno hemos comprendido y seguido esta l\u00ednea que se traz\u00f3 desde la administraci\u00f3n anterior con respecto a sancionar el impago de pensi\u00f3n de alimentos, es por eso que hemos impulsado la ley de responsabilidad parental y el pago efectivo de pensi\u00f3n de alimentos, que viene a complementar el Registro Nacional de Deudores y que viene a asegurar que el pago se pueda realizar en planos dignos y acotados y que vayan en director beneficio del bienestar de ni\u00f1os, ni\u00f1as y adolescentes y sus madres\u201d.<\/p>\n<p style=\"text-align: justify;\">Cabe mencionar que quienes llevan adelante en su mayor\u00eda, las demandas de pensiones de alimentos es la Corporaci\u00f3n de Asistencia Judicial, es por ello que su directora regional (s) Mar\u00eda Francisca Vilches manifest\u00f3 \u201cqueremos hacer un llamado a las personas, a las madres a consultar por el estado de tramitaci\u00f3n de sus causas, en el caso que existan incumplimientos que traigan la documentaci\u00f3n necesaria, igualmente queremos hacer un llamado a los alimentantes (padres) que se encuentren morosos para que se acerquen a la Corporaci\u00f3n a regularizar esas deudas, a hacer convenios de pago que sean serios, suficientes y que permitan en definitiva ponerse al d\u00eda en el pago de las pensiones de alimentos, ya que es un derecho para todos los ni\u00f1os, ni\u00f1as y adolescentes del pa\u00eds\u201d.<\/p>\n<p style=\"text-align: justify;\">Finalmente, es importante se\u00f1alar que quienes se encuentren en el Registro Nacional de Deudores de Pensiones de Alimentos, se exponen a una serie de medidas, entre ellas, que al solicitar un cr\u00e9dito por 50 UF o m\u00e1s, la entidad financiera podr\u00e1 retener los fondos para cancelar la deuda, a su vez en caso de venta de inmuebles o veh\u00edculos motorizados, el Conservador de Bienes Ra\u00edces o el Registro Civil podr\u00e1n inscribir la transferencia s\u00f3lo si la persona deudora acredita que con las ganancias de la venta pagar\u00e1 las mensualidades debidas, no podr\u00e1n renovar sus licencias de conducir ni sus pasaportes, en caso de acceder a beneficios econ\u00f3micos del estado, los fondos adjudicados ser\u00e1n destinados al pago de deudas, y en la devoluci\u00f3n de impuestos, la Tesorer\u00eda General de la Rep\u00fablica retendr\u00e1 el dinero adeudado, entre otras medidas, no obstante podr\u00e1n salir\u00a0 del registro, solo una vez cancelada la totalidad de la deuda o previo acuerdo judicial que garantice el pago.<\/p>\n<\/div><\/section><\/div><div  style='height:50px' class='hr hr-invisible   avia-builder-el-6  el_after_av_one_full  el_before_av_social_share '><span class='hr-inner ' ><span class='hr-inner-style'><\/span><\/span><\/div><\/p>\n<div  class='av-social-sharing-box  avia-builder-el-7  el_after_av_hr  el_before_av_hr  '><div class='av-share-box'><h5 class='av-share-link-description av-no-toc '>Compartir esta noticia<\/h5><ul class='av-share-box-list noLightbox'><li class='av-share-link av-social-link-facebook' ><a target=\"_blank\" aria-label=\"Compartir en Facebook\" href='https:\/\/www.facebook.com\/sharer.php?u=https:\/\/radiorevelacionfm.cl\/?p=24599&#038;t=Autoridades%20destacan%20entrada%20en%20vigencia%20del%20Registro%20Nacional%20de%20Deudores%20de%20Pensiones%20de%20Alimentos' aria-hidden='false' data-av_icon='\ue8f3' data-av_iconfont='entypo-fontello' title='' data-avia-related-tooltip='Compartir en Facebook' rel=\"noopener\"><span class='avia_hidden_link_text'>Compartir en Facebook<\/span><\/a><\/li><li class='av-share-link av-social-link-twitter' ><a target=\"_blank\" aria-label=\"Compartir en Twitter\" href='https:\/\/twitter.com\/share?text=Autoridades%20destacan%20entrada%20en%20vigencia%20del%20Registro%20Nacional%20de%20Deudores%20de%20Pensiones%20de%20Alimentos&#038;url=https:\/\/radiorevelacionfm.cl\/?p=24599' aria-hidden='false' data-av_icon='\ue8f1' data-av_iconfont='entypo-fontello' title='' data-avia-related-tooltip='Compartir en Twitter' rel=\"noopener\"><span class='avia_hidden_link_text'>Compartir en Twitter<\/span><\/a><\/li><li class='av-share-link av-social-link-whatsapp' ><a target=\"_blank\" aria-label=\"Compartir en Whatsapp\" href='https:\/\/api.whatsapp.com\/send?text=https:\/\/radiorevelacionfm.cl\/?p=24599' aria-hidden='false' data-av_icon='\uf232' data-av_iconfont='entypo-fontello' title='' data-avia-related-tooltip='Compartir en Whatsapp' rel=\"noopener\"><span class='avia_hidden_link_text'>Compartir en Whatsapp<\/span><\/a><\/li><li class='av-share-link av-social-link-linkedin' ><a target=\"_blank\" aria-label=\"Compartir en LinkedIn\" href='https:\/\/linkedin.com\/shareArticle?mini=true&#038;title=Autoridades%20destacan%20entrada%20en%20vigencia%20del%20Registro%20Nacional%20de%20Deudores%20de%20Pensiones%20de%20Alimentos&#038;url=https:\/\/radiorevelacionfm.cl\/?p=24599' aria-hidden='false' data-av_icon='\ue8fc' data-av_iconfont='entypo-fontello' title='' data-avia-related-tooltip='Compartir en LinkedIn' rel=\"noopener\"><span class='avia_hidden_link_text'>Compartir en LinkedIn<\/span><\/a><\/li><li class='av-share-link av-social-link-mail' ><a  aria-label=\"Compartir por correo\" href='mailto:?subject=Autoridades%20destacan%20entrada%20en%20vigencia%20del%20Registro%20Nacional%20de%20Deudores%20de%20Pensiones%20de%20Alimentos&#038;body=https:\/\/radiorevelacionfm.cl\/?p=24599' aria-hidden='false' data-av_icon='\ue805' data-av_iconfont='entypo-fontello' title='' data-avia-related-tooltip='Compartir por correo'><span class='avia_hidden_link_text'>Compartir por correo<\/span><\/a><\/li><\/ul><\/div><\/div>\n<div  style='height:50px' class='hr hr-invisible   avia-builder-el-8  el_after_av_social_share  el_before_av_comments_list '><span class='hr-inner ' ><span class='hr-inner-style'><\/span><\/span><\/div>\n<div  class='av-buildercomment  av-blog-meta-html-info-disabled av-blog-meta-tag-disabled  '><\/div>\n","protected":false},"excerpt":{"rendered":"","protected":false},"author":1,"featured_media":24600,"comment_status":"open","ping_status":"open","sticky":false,"template":"","format":"standard","meta":{"footnotes":""},"categories":[38],"tags":[],"class_list":["post-24599","post","type-post","status-publish","format-standard","has-post-thumbnail","hentry","category-regional"],"jetpack_featured_media_url":"https:\/\/radiorevelacionfm.cl\/wp-content\/uploads\/2022\/11\/Registro-Nacional-de-Deudores-de-Pensiones-de-Alimentos-1-1.jpg","_links":{"self":[{"href":"https:\/\/radiorevelacionfm.cl\/index.php?rest_route=\/wp\/v2\/posts\/24599","targetHints":{"allow":["GET"]}}],"collection":[{"href":"https:\/\/radiorevelacionfm.cl\/index.php?rest_route=\/wp\/v2\/posts"}],"about":[{"href":"https:\/\/radiorevelacionfm.cl\/index.php?rest_route=\/wp\/v2\/types\/post"}],"author":[{"embeddable":true,"href":"https:\/\/radiorevelacionfm.cl\/index.php?rest_route=\/wp\/v2\/users\/1"}],"replies":[{"embeddable":true,"href":"https:\/\/radiorevelacionfm.cl\/index.php?rest_route=%2Fwp%2Fv2%2Fcomments&post=24599"}],"version-history":[{"count":2,"href":"https:\/\/radiorevelacionfm.cl\/index.php?rest_route=\/wp\/v2\/posts\/24599\/revisions"}],"predecessor-version":[{"id":24609,"href":"https:\/\/radiorevelacionfm.cl\/index.php?rest_route=\/wp\/v2\/posts\/24599\/revisions\/24609"}],"wp:featuredmedia":[{"embeddable":true,"href":"https:\/\/radiorevelacionfm.cl\/index.php?rest_route=\/wp\/v2\/media\/24600"}],"wp:attachment":[{"href":"https:\/\/radiorevelacionfm.cl\/index.php?rest_route=%2Fwp%2Fv2%2Fmedia&parent=24599"}],"wp:term":[{"taxonomy":"category","embeddable":true,"href":"https:\/\/radiorevelacionfm.cl\/index.php?rest_route=%2Fwp%2Fv2%2Fcategories&post=24599"},{"taxonomy":"post_tag","embeddable":true,"href":"https:\/\/radiorevelacionfm.cl\/index.php?rest_route=%2Fwp%2Fv2%2Ftags&post=24599"}],"curies":[{"name":"wp","href":"https:\/\/api.w.org\/{rel}","templated":true}]}}