{"id":24596,"date":"2022-11-24T10:49:43","date_gmt":"2022-11-24T13:49:43","guid":{"rendered":"https:\/\/radiorevelacionfm.cl\/?p=24596"},"modified":"2022-11-24T10:49:43","modified_gmt":"2022-11-24T13:49:43","slug":"registro-social-de-hogares-regionalizado-ahora-el-poder-ejecutivo-debe-pronunciarse","status":"publish","type":"post","link":"https:\/\/radiorevelacionfm.cl\/?p=24596","title":{"rendered":"Registro Social de Hogares Regionalizado: Ahora el Poder Ejecutivo debe Pronunciarse"},"content":{"rendered":"<div class=\"flex_column av_one_full  flex_column_div av-zero-column-padding first  avia-builder-el-0  el_before_av_one_full  avia-builder-el-first  \" style='border-radius:0px; '><div  class='avia-image-container  av-styling-    avia-builder-el-1  avia-builder-el-no-sibling  avia-align-center '  itemprop=\"image\" itemscope=\"itemscope\" itemtype=\"https:\/\/schema.org\/ImageObject\"  ><div class='avia-image-container-inner'><div class='avia-image-overlay-wrap'><img decoding=\"async\" class='wp-image-24597 avia-img-lazy-loading-not-24597 avia_image' src=\"https:\/\/radiorevelacionfm.cl\/wp-content\/uploads\/2022\/11\/001-1-2-1-1.jpeg\" alt='' title='001 (1) (2) (1) (1)' height=\"600\" width=\"900\"  itemprop=\"thumbnailUrl\" srcset=\"https:\/\/radiorevelacionfm.cl\/wp-content\/uploads\/2022\/11\/001-1-2-1-1.jpeg 900w, https:\/\/radiorevelacionfm.cl\/wp-content\/uploads\/2022\/11\/001-1-2-1-1-300x200.jpeg 300w, https:\/\/radiorevelacionfm.cl\/wp-content\/uploads\/2022\/11\/001-1-2-1-1-768x512.jpeg 768w, https:\/\/radiorevelacionfm.cl\/wp-content\/uploads\/2022\/11\/001-1-2-1-1-705x470.jpeg 705w, https:\/\/radiorevelacionfm.cl\/wp-content\/uploads\/2022\/11\/001-1-2-1-1-600x400.jpeg 600w\" sizes=\"(max-width: 900px) 100vw, 900px\" \/><\/div><\/div><\/div><\/div><div class=\"flex_column av_one_full  flex_column_div av-zero-column-padding first  avia-builder-el-2  el_after_av_one_full  el_before_av_one_full  column-top-margin\" style='border-radius:0px; '><section class=\"av_textblock_section \"  itemscope=\"itemscope\" itemtype=\"https:\/\/schema.org\/BlogPosting\" itemprop=\"blogPost\" ><div class='avia_textblock  '   itemprop=\"text\" ><p style=\"text-align: center;\"><span style=\"font-size: 18pt;\"><strong>Registro Social de Hogares Regionalizado: Ahora el Poder Ejecutivo debe Pronunciarse<\/strong><\/span><\/p>\n<div id=\"gtx-trans\" style=\"position: absolute; left: -50px; top: 4.31534px;\">\n<div class=\"gtx-trans-icon\"><\/div>\n<\/div>\n<\/div><\/section><\/div><div class=\"flex_column av_one_full  flex_column_div av-zero-column-padding first  avia-builder-el-4  el_after_av_one_full  el_before_av_hr  column-top-margin\" style='border-radius:0px; '><section class=\"av_textblock_section \"  itemscope=\"itemscope\" itemtype=\"https:\/\/schema.org\/BlogPosting\" itemprop=\"blogPost\" ><div class='avia_textblock  '   itemprop=\"text\" ><p style=\"text-align: justify;\">Tras un \u2018Proyecto de Resoluci\u00f3n\u2019 de autor\u00eda de la Diputada Marcia Raphael Mora y aprobado por unanimidad en la C\u00e1mara Baja, esta sentida demanda \u201cahora est\u00e1 en manos de la Administraci\u00f3n Boric, con lo que el Presidente podr\u00e1 &#8216;emparejar la cancha&#8217; para quienes vivimos en zonas extremas con el resto del pa\u00eds. Esta es una nueva oportunidad que le brindamos para que priorice y\u00a0 haga patente sus promesas sociales de campa\u00f1a\u201d, puntualiz\u00f3 la representante del distrito 27.<\/p>\n<p style=\"text-align: justify;\">\u201cEl Registro Social de Hogares es incapaz de reflejar la realidad de las familias chilenas. Para determinar el tramo de vulnerabilidad no considera qu\u00e9 tan lejos est\u00e1s de una escuela o de un hospital, tampoco cuanto demoras en llegar a una farmacia,\u00a0 ni si tienes d\u00f3nde comprar los productos de la canasta b\u00e1sica. Para este sistema es lo mismo vivir en Coyhaique, Vi\u00f1a del Mar,\u00a0 Santiago o Villa O\u2019Higgins, cuando todos sabemos lo que significa vivir en zonas extremas\u201d. Con estas palabras la legisladora Marcia Raphael Mora comenz\u00f3 su alocuci\u00f3n en la C\u00e1mara de Diputados para evidenciar la real necesidad de modificar los criterios del principal instrumento de caracterizaci\u00f3n socioecon\u00f3mica y hacer la diferencia a favor para quienes viven en las zonas aisladas del territorio nacional, en comparaci\u00f3n con el resto del pa\u00eds.<\/p>\n<p style=\"text-align: justify;\">A trav\u00e9s del Proyecto de Resoluci\u00f3n, la diputada Raphael solicit\u00f3 el Presidente de la Rep\u00fablica implementar en el Registro Social de Hogares un indicador de vulnerabilidad socioecon\u00f3mica y un mecanismo de medici\u00f3n del encarecimiento de la canasta de productos que incluyan diferenciadamente la realidad regional y de vida en zonas extremas, de manera tal de facilitar el acceso de los habitantes de estas \u00e1reas a los beneficios sociales que otorga el Estado.<\/p>\n<p style=\"text-align: justify;\">\u201cActualmente el Registro Social de Hogares no refleja la realidad de las familias, porque aunque existen tramos de vulnerabilidad \u00e9stos no consideran las distintas realidades; no es lo mismo desarrollarse en Tortel o en Lago Verde, que en Concepci\u00f3n o Valpara\u00edso.\u00a0 Mi propuesta es un Registro Social de Hogares Regionalizado, que tome en cuenta otros factores que afectan a las familias a la hora de determinar su vulnerabilidad\u201d, explic\u00f3 Marcia Raphael Mora.<\/p>\n<p style=\"text-align: justify;\">\u201cNuestra regi\u00f3n es extrema y aislada, todo cuesta \u00a0y es m\u00e1s caro, adem\u00e1s las distancias para obtener \u00a0determinados servicios afecta los ingresos, lo que ocasiona que familias\u00a0 que est\u00e1n en el 80% lleguen a ser \u00a0igual de vulnerables que una del tramo del 40, por eso necesitamos implementar estos cambios, porque el primer grupo no puede acceder a ning\u00fan beneficio\u201d, argument\u00f3 la legisladora.<\/p>\n<p style=\"text-align: justify;\">Para la diputada son muchos los aspectos que marcan una clara diferencia entre Ays\u00e9n, como zona extrema, con aquellas que no lo son \u201cy hoy contamos con un sistema de medici\u00f3n de la vulnerabilidad socioecon\u00f3mica que es uniforme a nivel pa\u00eds, el que se sintetiza mediante el Registro Social de Hogares, que al asignar un porcentaje de vulnerabilidad, es determinante para el acceso a los beneficios. Eso es lo que apuntamos a modificar\u201d, insisti\u00f3.<\/p>\n<p style=\"text-align: justify;\">Tras el Proyecto de Resoluci\u00f3n de Marcia Raphael, apoyado por diez legisladores, m\u00e1s la aprobaci\u00f3n un\u00e1nime de la C\u00e1mara de Diputados, ahora le corresponde al Gobierno abordar el mecanismo para \u2018diferenciar la m\u00e9trica efectuada de los niveles de vulnerabilidad socioecon\u00f3mica y de pobreza, indexando en ellos el impacto regional y, particularmente, aquel que reviste la vida en una regi\u00f3n extrema\u2019, como retrata el documento ya despachado desde el Congreso al Poder Ejecutivo.<\/p>\n<\/div><\/section><\/div><div  style='height:50px' class='hr hr-invisible   avia-builder-el-6  el_after_av_one_full  el_before_av_social_share '><span class='hr-inner ' ><span class='hr-inner-style'><\/span><\/span><\/div><\/p>\n<div  class='av-social-sharing-box  avia-builder-el-7  el_after_av_hr  el_before_av_hr  '><div class='av-share-box'><h5 class='av-share-link-description av-no-toc '>Compartir esta noticia<\/h5><ul class='av-share-box-list noLightbox'><li class='av-share-link av-social-link-facebook' ><a target=\"_blank\" aria-label=\"Compartir en Facebook\" href='https:\/\/www.facebook.com\/sharer.php?u=https:\/\/radiorevelacionfm.cl\/?p=24596&#038;t=Registro%20Social%20de%20Hogares%20Regionalizado%3A%20Ahora%20el%20Poder%20Ejecutivo%20debe%20Pronunciarse' aria-hidden='false' data-av_icon='\ue8f3' data-av_iconfont='entypo-fontello' title='' data-avia-related-tooltip='Compartir en Facebook' rel=\"noopener\"><span class='avia_hidden_link_text'>Compartir en Facebook<\/span><\/a><\/li><li class='av-share-link av-social-link-twitter' ><a target=\"_blank\" aria-label=\"Compartir en Twitter\" href='https:\/\/twitter.com\/share?text=Registro%20Social%20de%20Hogares%20Regionalizado%3A%20Ahora%20el%20Poder%20Ejecutivo%20debe%20Pronunciarse&#038;url=https:\/\/radiorevelacionfm.cl\/?p=24596' aria-hidden='false' data-av_icon='\ue8f1' data-av_iconfont='entypo-fontello' title='' data-avia-related-tooltip='Compartir en Twitter' rel=\"noopener\"><span class='avia_hidden_link_text'>Compartir en Twitter<\/span><\/a><\/li><li class='av-share-link av-social-link-whatsapp' ><a target=\"_blank\" aria-label=\"Compartir en Whatsapp\" href='https:\/\/api.whatsapp.com\/send?text=https:\/\/radiorevelacionfm.cl\/?p=24596' aria-hidden='false' data-av_icon='\uf232' data-av_iconfont='entypo-fontello' title='' data-avia-related-tooltip='Compartir en Whatsapp' rel=\"noopener\"><span class='avia_hidden_link_text'>Compartir en Whatsapp<\/span><\/a><\/li><li class='av-share-link av-social-link-linkedin' ><a target=\"_blank\" aria-label=\"Compartir en LinkedIn\" href='https:\/\/linkedin.com\/shareArticle?mini=true&#038;title=Registro%20Social%20de%20Hogares%20Regionalizado%3A%20Ahora%20el%20Poder%20Ejecutivo%20debe%20Pronunciarse&#038;url=https:\/\/radiorevelacionfm.cl\/?p=24596' aria-hidden='false' data-av_icon='\ue8fc' data-av_iconfont='entypo-fontello' title='' data-avia-related-tooltip='Compartir en LinkedIn' rel=\"noopener\"><span class='avia_hidden_link_text'>Compartir en LinkedIn<\/span><\/a><\/li><li class='av-share-link av-social-link-mail' ><a  aria-label=\"Compartir por correo\" href='mailto:?subject=Registro%20Social%20de%20Hogares%20Regionalizado%3A%20Ahora%20el%20Poder%20Ejecutivo%20debe%20Pronunciarse&#038;body=https:\/\/radiorevelacionfm.cl\/?p=24596' aria-hidden='false' data-av_icon='\ue805' data-av_iconfont='entypo-fontello' title='' data-avia-related-tooltip='Compartir por correo'><span class='avia_hidden_link_text'>Compartir por correo<\/span><\/a><\/li><\/ul><\/div><\/div>\n<div  style='height:50px' class='hr hr-invisible   avia-builder-el-8  el_after_av_social_share  el_before_av_comments_list '><span class='hr-inner ' ><span class='hr-inner-style'><\/span><\/span><\/div>\n<div  class='av-buildercomment  av-blog-meta-html-info-disabled av-blog-meta-tag-disabled  '><\/div>\n","protected":false},"excerpt":{"rendered":"","protected":false},"author":1,"featured_media":24597,"comment_status":"open","ping_status":"open","sticky":false,"template":"","format":"standard","meta":{"footnotes":""},"categories":[35],"tags":[],"class_list":["post-24596","post","type-post","status-publish","format-standard","has-post-thumbnail","hentry","category-politica"],"jetpack_featured_media_url":"https:\/\/radiorevelacionfm.cl\/wp-content\/uploads\/2022\/11\/001-1-2-1-1.jpeg","_links":{"self":[{"href":"https:\/\/radiorevelacionfm.cl\/index.php?rest_route=\/wp\/v2\/posts\/24596","targetHints":{"allow":["GET"]}}],"collection":[{"href":"https:\/\/radiorevelacionfm.cl\/index.php?rest_route=\/wp\/v2\/posts"}],"about":[{"href":"https:\/\/radiorevelacionfm.cl\/index.php?rest_route=\/wp\/v2\/types\/post"}],"author":[{"embeddable":true,"href":"https:\/\/radiorevelacionfm.cl\/index.php?rest_route=\/wp\/v2\/users\/1"}],"replies":[{"embeddable":true,"href":"https:\/\/radiorevelacionfm.cl\/index.php?rest_route=%2Fwp%2Fv2%2Fcomments&post=24596"}],"version-history":[{"count":2,"href":"https:\/\/radiorevelacionfm.cl\/index.php?rest_route=\/wp\/v2\/posts\/24596\/revisions"}],"predecessor-version":[{"id":24608,"href":"https:\/\/radiorevelacionfm.cl\/index.php?rest_route=\/wp\/v2\/posts\/24596\/revisions\/24608"}],"wp:featuredmedia":[{"embeddable":true,"href":"https:\/\/radiorevelacionfm.cl\/index.php?rest_route=\/wp\/v2\/media\/24597"}],"wp:attachment":[{"href":"https:\/\/radiorevelacionfm.cl\/index.php?rest_route=%2Fwp%2Fv2%2Fmedia&parent=24596"}],"wp:term":[{"taxonomy":"category","embeddable":true,"href":"https:\/\/radiorevelacionfm.cl\/index.php?rest_route=%2Fwp%2Fv2%2Fcategories&post=24596"},{"taxonomy":"post_tag","embeddable":true,"href":"https:\/\/radiorevelacionfm.cl\/index.php?rest_route=%2Fwp%2Fv2%2Ftags&post=24596"}],"curies":[{"name":"wp","href":"https:\/\/api.w.org\/{rel}","templated":true}]}}