{"id":24592,"date":"2022-11-24T13:26:45","date_gmt":"2022-11-24T16:26:45","guid":{"rendered":"https:\/\/radiorevelacionfm.cl\/?p=24592"},"modified":"2022-11-24T13:26:45","modified_gmt":"2022-11-24T16:26:45","slug":"gobernadora-de-aysen-solicita-al-minsal-designacion-urgente-de-interventor-para-mejorar-asistencia-de-salud-en-la-region","status":"publish","type":"post","link":"https:\/\/radiorevelacionfm.cl\/?p=24592","title":{"rendered":"Gobernadora de Ays\u00e9n solicita al Minsal designaci\u00f3n urgente de interventor para mejorar asistencia de salud en la regi\u00f3n"},"content":{"rendered":"<div class=\"flex_column av_one_full  flex_column_div av-zero-column-padding first  avia-builder-el-0  el_before_av_one_full  avia-builder-el-first  \" style='border-radius:0px; '><div  class='avia-image-container  av-styling-    avia-builder-el-1  avia-builder-el-no-sibling  avia-align-center '  itemprop=\"image\" itemscope=\"itemscope\" itemtype=\"https:\/\/schema.org\/ImageObject\"  ><div class='avia-image-container-inner'><div class='avia-image-overlay-wrap'><img decoding=\"async\" class='wp-image-24619 avia-img-lazy-loading-not-24619 avia_image' src=\"https:\/\/radiorevelacionfm.cl\/wp-content\/uploads\/2022\/11\/gobernadora-y-ministra-de-salud-1-1.jpg\" alt='' title='gobernadora y ministra de salud (1) (1)' height=\"600\" width=\"901\"  itemprop=\"thumbnailUrl\" srcset=\"https:\/\/radiorevelacionfm.cl\/wp-content\/uploads\/2022\/11\/gobernadora-y-ministra-de-salud-1-1.jpg 901w, https:\/\/radiorevelacionfm.cl\/wp-content\/uploads\/2022\/11\/gobernadora-y-ministra-de-salud-1-1-300x200.jpg 300w, https:\/\/radiorevelacionfm.cl\/wp-content\/uploads\/2022\/11\/gobernadora-y-ministra-de-salud-1-1-768x511.jpg 768w, https:\/\/radiorevelacionfm.cl\/wp-content\/uploads\/2022\/11\/gobernadora-y-ministra-de-salud-1-1-705x469.jpg 705w, https:\/\/radiorevelacionfm.cl\/wp-content\/uploads\/2022\/11\/gobernadora-y-ministra-de-salud-1-1-600x400.jpg 600w\" sizes=\"(max-width: 901px) 100vw, 901px\" \/><\/div><\/div><\/div><\/div><div class=\"flex_column av_one_full  flex_column_div av-zero-column-padding first  avia-builder-el-2  el_after_av_one_full  el_before_av_one_full  column-top-margin\" style='border-radius:0px; '><section class=\"av_textblock_section \"  itemscope=\"itemscope\" itemtype=\"https:\/\/schema.org\/BlogPosting\" itemprop=\"blogPost\" ><div class='avia_textblock  '   itemprop=\"text\" ><p style=\"text-align: center;\"><span style=\"font-size: 18pt;\"><strong>Gobernadora de Ays\u00e9n solicita al Minsal designaci\u00f3n urgente de interventor para mejorar asistencia de salud en la regi\u00f3n<\/strong><\/span><\/p>\n<div id=\"gtx-trans\" style=\"position: absolute; left: -50px; top: 4.31534px;\">\n<div class=\"gtx-trans-icon\"><\/div>\n<\/div>\n<\/div><\/section><\/div><\/p>\n<div class=\"flex_column av_one_full  flex_column_div av-zero-column-padding first  avia-builder-el-4  el_after_av_one_full  el_before_av_hr  column-top-margin\" style='border-radius:0px; '><section class=\"av_textblock_section \"  itemscope=\"itemscope\" itemtype=\"https:\/\/schema.org\/BlogPosting\" itemprop=\"blogPost\" ><div class='avia_textblock  '   itemprop=\"text\" ><p style=\"text-align: justify;\">Este mi\u00e9rcoles la Ministra de Salud, Ximena Aguilera Sanhueza, comenz\u00f3 su trabajo territorial en Ays\u00e9n y fue recibida por la Gobernadora Andrea Mac\u00edas Palma en el edificio central del Gobierno Regional, donde sostuvieron una reuni\u00f3n para abordar las principales demandas de salud que existen en materias de salud en la zona.<\/p>\n<p style=\"text-align: justify;\">Tambi\u00e9n participaron en este espacio\u00a0 el subsecretario de Salud P\u00fablica, Crist\u00f3bal Cuadrado Nahum, la Secretaria Regional Ministerial (Seremi) de Salud de Ays\u00e9n, Carmen Gloria Monsalve Gom\u00e9z, y el director del Servicio de Salud de la regi\u00f3n, Mauricio Cort\u00e9s Molina.<\/p>\n<p style=\"text-align: justify;\">En la instancia se analizaron tem\u00e1ticas como los convenios de programaci\u00f3n de infraestructura hospitalaria y el simulacro de Emergencia de Salud P\u00fablica de Importancia Internacional (Espii), que se llevar\u00e1 a cabo en el aeropuerto de Balmaceda y Puerto de Chacabuco este jueves 24 de noviembre, entre otras.<\/p>\n<p style=\"text-align: justify;\">\u201cLa salud es un sector bastante complejo en nuestra regi\u00f3n. Tuvimos la oportunidad de plantearle a la Ministra todas aquellas necesidades y demandas que hemos recogido desde los territorios. De manera particular, y respondiendo un compromiso que adquirimos con la comunidad espec\u00edficamente de Cochrane, solicitamos la intervenci\u00f3n del ministerio para revisar los modelos de gesti\u00f3n y la forma en que est\u00e1n funcionando hoy estos servicios de salud, particularmente el Hospital de Cochrane, el Hospital Regional de Coyhaique y el Hospital de Puerto Cisnes\u201d, detall\u00f3 la Gobernadora Regional.<\/p>\n<p style=\"text-align: justify;\">Adem\u00e1s, requiri\u00f3 a la Ministra que la atenci\u00f3n de salud tenga pertenencia territorial. \u201cNo es posible que por comodidad, del servicio finalmente, los y las habitantes de la regi\u00f3n tengan que desplazarse durante varios d\u00edas, y pagando todos los costos econ\u00f3micos que eso significa, pudiendo organizar mejor la log\u00edstica, tanto para la toma de ex\u00e1menes como para la asistencia de horas m\u00e9dicas y especialidades\u201d, recalc\u00f3 la Gobernadora Andrea Mac\u00edas Palma.<\/p>\n<p style=\"text-align: justify;\">Luego de esta reuni\u00f3n, la m\u00e1xima autoridad del Gobierno Regional acompa\u00f1\u00f3 a la Ministra Aguilera al Hospital regional de Coyhaique, donde asistieron a la firma de la resoluci\u00f3n sanitaria para que el resonador magn\u00e9tico del servicio pueda finalmente comenzar a utilizarse, algo que estaba pendiente hace ya varios meses.<\/p>\n<p style=\"text-align: justify;\">\u201cEs muy significativo para nosotros entregar esta autorizaci\u00f3n para un equipamiento tan necesario como es un resonador, que va a permitir mejorar la complejidad del Hospital de Coyhaique y mejorar la atenci\u00f3n de toda la regi\u00f3n. Nos gustar\u00eda agradecer a la Gobernadora, por el financiamiento, al alcalde, que ayud\u00f3 con la autorizaci\u00f3n municipal de las obras y a los funcionarios del servicio de salud, que apoyaron en los estudios necesarios. Son a\u00f1os de trabajo, sabemos que son tiempos prolongados, y esperamos las nuevas inversiones en la regi\u00f3n sean un poco m\u00e1s r\u00e1pidas\u201d, expres\u00f3 la Ministra de Salud, agregando que uno de los principales temas que le ha encargado el Presidente Gabriel Boric es solucionar el problema estructural de las listas de espera, y que el funcionamiento de equipos como estos son fundamentales para poder trabajar en aquello.<\/p>\n<\/div><\/section><\/div>\n<div  style='height:50px' class='hr hr-invisible   avia-builder-el-6  el_after_av_one_full  el_before_av_social_share '><span class='hr-inner ' ><span class='hr-inner-style'><\/span><\/span><\/div>\n<div  class='av-social-sharing-box  avia-builder-el-7  el_after_av_hr  el_before_av_hr  '><div class='av-share-box'><h5 class='av-share-link-description av-no-toc '>Compartir esta noticia<\/h5><ul class='av-share-box-list noLightbox'><li class='av-share-link av-social-link-facebook' ><a target=\"_blank\" aria-label=\"Compartir en Facebook\" href='https:\/\/www.facebook.com\/sharer.php?u=https:\/\/radiorevelacionfm.cl\/?p=24592&#038;t=Gobernadora%20de%20Ays%C3%A9n%20solicita%20al%20Minsal%20designaci%C3%B3n%20urgente%20de%20interventor%20para%20mejorar%20asistencia%20de%20salud%20en%20la%20regi%C3%B3n' aria-hidden='false' data-av_icon='\ue8f3' data-av_iconfont='entypo-fontello' title='' data-avia-related-tooltip='Compartir en Facebook' rel=\"noopener\"><span class='avia_hidden_link_text'>Compartir en Facebook<\/span><\/a><\/li><li class='av-share-link av-social-link-twitter' ><a target=\"_blank\" aria-label=\"Compartir en Twitter\" href='https:\/\/twitter.com\/share?text=Gobernadora%20de%20Ays%C3%A9n%20solicita%20al%20Minsal%20designaci%C3%B3n%20urgente%20de%20interventor%20para%20mejorar%20asistencia%20de%20salud%20en%20la%20regi%C3%B3n&#038;url=https:\/\/radiorevelacionfm.cl\/?p=24592' aria-hidden='false' data-av_icon='\ue8f1' data-av_iconfont='entypo-fontello' title='' data-avia-related-tooltip='Compartir en Twitter' rel=\"noopener\"><span class='avia_hidden_link_text'>Compartir en Twitter<\/span><\/a><\/li><li class='av-share-link av-social-link-whatsapp' ><a target=\"_blank\" aria-label=\"Compartir en Whatsapp\" href='https:\/\/api.whatsapp.com\/send?text=https:\/\/radiorevelacionfm.cl\/?p=24592' aria-hidden='false' data-av_icon='\uf232' data-av_iconfont='entypo-fontello' title='' data-avia-related-tooltip='Compartir en Whatsapp' rel=\"noopener\"><span class='avia_hidden_link_text'>Compartir en Whatsapp<\/span><\/a><\/li><li class='av-share-link av-social-link-linkedin' ><a target=\"_blank\" aria-label=\"Compartir en LinkedIn\" href='https:\/\/linkedin.com\/shareArticle?mini=true&#038;title=Gobernadora%20de%20Ays%C3%A9n%20solicita%20al%20Minsal%20designaci%C3%B3n%20urgente%20de%20interventor%20para%20mejorar%20asistencia%20de%20salud%20en%20la%20regi%C3%B3n&#038;url=https:\/\/radiorevelacionfm.cl\/?p=24592' aria-hidden='false' data-av_icon='\ue8fc' data-av_iconfont='entypo-fontello' title='' data-avia-related-tooltip='Compartir en LinkedIn' rel=\"noopener\"><span class='avia_hidden_link_text'>Compartir en LinkedIn<\/span><\/a><\/li><li class='av-share-link av-social-link-mail' ><a  aria-label=\"Compartir por correo\" href='mailto:?subject=Gobernadora%20de%20Ays%C3%A9n%20solicita%20al%20Minsal%20designaci%C3%B3n%20urgente%20de%20interventor%20para%20mejorar%20asistencia%20de%20salud%20en%20la%20regi%C3%B3n&#038;body=https:\/\/radiorevelacionfm.cl\/?p=24592' aria-hidden='false' data-av_icon='\ue805' data-av_iconfont='entypo-fontello' title='' data-avia-related-tooltip='Compartir por correo'><span class='avia_hidden_link_text'>Compartir por correo<\/span><\/a><\/li><\/ul><\/div><\/div>\n<div  style='height:50px' class='hr hr-invisible   avia-builder-el-8  el_after_av_social_share  el_before_av_comments_list '><span class='hr-inner ' ><span class='hr-inner-style'><\/span><\/span><\/div>\n<div  class='av-buildercomment  av-blog-meta-html-info-disabled av-blog-meta-tag-disabled  '><\/div>\n","protected":false},"excerpt":{"rendered":"","protected":false},"author":1,"featured_media":24619,"comment_status":"open","ping_status":"open","sticky":false,"template":"","format":"standard","meta":{"footnotes":""},"categories":[35],"tags":[],"class_list":["post-24592","post","type-post","status-publish","format-standard","has-post-thumbnail","hentry","category-politica"],"jetpack_featured_media_url":"https:\/\/radiorevelacionfm.cl\/wp-content\/uploads\/2022\/11\/gobernadora-y-ministra-de-salud-1-1.jpg","_links":{"self":[{"href":"https:\/\/radiorevelacionfm.cl\/index.php?rest_route=\/wp\/v2\/posts\/24592","targetHints":{"allow":["GET"]}}],"collection":[{"href":"https:\/\/radiorevelacionfm.cl\/index.php?rest_route=\/wp\/v2\/posts"}],"about":[{"href":"https:\/\/radiorevelacionfm.cl\/index.php?rest_route=\/wp\/v2\/types\/post"}],"author":[{"embeddable":true,"href":"https:\/\/radiorevelacionfm.cl\/index.php?rest_route=\/wp\/v2\/users\/1"}],"replies":[{"embeddable":true,"href":"https:\/\/radiorevelacionfm.cl\/index.php?rest_route=%2Fwp%2Fv2%2Fcomments&post=24592"}],"version-history":[{"count":3,"href":"https:\/\/radiorevelacionfm.cl\/index.php?rest_route=\/wp\/v2\/posts\/24592\/revisions"}],"predecessor-version":[{"id":24621,"href":"https:\/\/radiorevelacionfm.cl\/index.php?rest_route=\/wp\/v2\/posts\/24592\/revisions\/24621"}],"wp:featuredmedia":[{"embeddable":true,"href":"https:\/\/radiorevelacionfm.cl\/index.php?rest_route=\/wp\/v2\/media\/24619"}],"wp:attachment":[{"href":"https:\/\/radiorevelacionfm.cl\/index.php?rest_route=%2Fwp%2Fv2%2Fmedia&parent=24592"}],"wp:term":[{"taxonomy":"category","embeddable":true,"href":"https:\/\/radiorevelacionfm.cl\/index.php?rest_route=%2Fwp%2Fv2%2Fcategories&post=24592"},{"taxonomy":"post_tag","embeddable":true,"href":"https:\/\/radiorevelacionfm.cl\/index.php?rest_route=%2Fwp%2Fv2%2Ftags&post=24592"}],"curies":[{"name":"wp","href":"https:\/\/api.w.org\/{rel}","templated":true}]}}