{"id":2459,"date":"2021-02-08T15:31:00","date_gmt":"2021-02-08T18:31:00","guid":{"rendered":"https:\/\/radiorevelacionfm.cl\/?p=2459"},"modified":"2021-02-08T15:31:00","modified_gmt":"2021-02-08T18:31:00","slug":"exitoso-operativo-de-traslado-de-nandues-desde-futrono-al-parque-nacional-patagonia","status":"publish","type":"post","link":"https:\/\/radiorevelacionfm.cl\/?p=2459","title":{"rendered":"Exitoso operativo de traslado de \u00f1and\u00faes desde Futrono al Parque Nacional Patagonia"},"content":{"rendered":"<div class=\"flex_column av_one_full  flex_column_div av-zero-column-padding first  avia-builder-el-0  el_before_av_one_full  avia-builder-el-first  \" style='border-radius:0px; '><div  class='avia-image-container  av-styling-    avia-builder-el-1  avia-builder-el-no-sibling  avia-align-center '  itemprop=\"image\" itemscope=\"itemscope\" itemtype=\"https:\/\/schema.org\/ImageObject\"  ><div class='avia-image-container-inner'><div class='avia-image-overlay-wrap'><img decoding=\"async\" class='wp-image-0 avia-img-lazy-loading-not-0 avia_image' src=\"https:\/\/radiorevelacionfm.cl\/wp-content\/uploads\/2021\/02\/janvincentkleine-6505_optimized.jpg\" alt='' title=''   itemprop=\"thumbnailUrl\"  \/><\/div><\/div><\/div><\/div><div class=\"flex_column av_one_full  flex_column_div av-zero-column-padding first  avia-builder-el-2  el_after_av_one_full  el_before_av_one_full  column-top-margin\" style='border-radius:0px; '><section class=\"av_textblock_section \"  itemscope=\"itemscope\" itemtype=\"https:\/\/schema.org\/BlogPosting\" itemprop=\"blogPost\" ><div class='avia_textblock  '   itemprop=\"text\" ><p style=\"text-align: center;\"><strong><span style=\"font-size: 18pt;\">Exitoso operativo de traslado de \u00f1and\u00faes desde Futrono al Parque Nacional Patagonia<\/span><\/strong><\/p>\n<div id=\"gtx-trans\" style=\"position: absolute; left: -50px; top: 4.31534px;\">\n<div class=\"gtx-trans-icon\"><\/div>\n<\/div>\n<\/div><\/section><\/div><div class=\"flex_column av_one_full  flex_column_div av-zero-column-padding first  avia-builder-el-4  el_after_av_one_full  el_before_av_hr  column-top-margin\" style='border-radius:0px; '><section class=\"av_textblock_section \"  itemscope=\"itemscope\" itemtype=\"https:\/\/schema.org\/BlogPosting\" itemprop=\"blogPost\" ><div class='avia_textblock  '   itemprop=\"text\" ><p style=\"font-weight: 400; text-align: justify;\"><em>Alianza entre la Fundaci\u00f3n Reserva Quim\u00e1n y Tompkins Conservation Chile permiti\u00f3 el traslado de 10 polluelos desde la Regi\u00f3n de los R\u00edos hasta la Regi\u00f3n de Ays\u00e9n con el objetivo de reforzar la poblaci\u00f3n de esta especie que se encuentra localmente en peligro de extinci\u00f3n.<\/em><\/p>\n<p style=\"font-weight: 400; text-align: justify;\">Diez charitos o polluelos de \u00f1and\u00fa fueron trasladados en avi\u00f3n desde la Reserva Quim\u00e1n, ubicada en Futrono (regi\u00f3n de los R\u00edos), hasta el Parque Nacional Patagonia, en un operativo realizado la semana pasada que cont\u00f3 con el apoyo de Conaf y Sag y que busca reforzar la poblaci\u00f3n de esta especie que se encuentra en peligro de extinci\u00f3n en la regi\u00f3n de Ays\u00e9n. Esto gracias al acuerdo de colaboraci\u00f3n entre la Fundaci\u00f3n Reserva Quim\u00e1n y Tompkins Conservation Chile, organizaciones que decidieron unir sus esfuerzos en pos de la conservaci\u00f3n de esta ic\u00f3nica especie de la Patagonia.<\/p>\n<p style=\"font-weight: 400; text-align: justify;\">Esta alianza permitir\u00e1 reforzar num\u00e9ricamente la liberaci\u00f3n de \u00f1and\u00faes al medio silvestre que anualmente se hace en el Parque Nacional Patagonia, en el marco del Programa de Rewilding de Tompkins Conservation Chile en colaboraci\u00f3n con Conaf, y fortalecer la reproducci\u00f3n del \u00f1and\u00fa en el Centro de Reproducci\u00f3n de dicho parque, incrementando la diversidad gen\u00e9tica de la poblaci\u00f3n cautiva y silvestre.<\/p>\n<p style=\"font-weight: 400; text-align: justify;\">Cristi\u00e1n Saucedo, director de Rewilding de Tompkins Conservation Chile, valor\u00f3 este acuerdo: \u201cLa participaci\u00f3n de Reserva Quim\u00e1n es decisiva ya que redobla la cantidad de \u00f1and\u00faes j\u00f3venes que son liberados a la naturaleza desde el centro de reproducci\u00f3n. Generar este tipo de alianzas es fundamental para robustecer la poblaci\u00f3n de \u00f1and\u00faes que existe en el Parque Nacional Patagonia\u201d.<\/p>\n<p style=\"font-weight: 400; text-align: justify;\">Desde 2002, Reserva Quim\u00e1n se dedica a la reproducci\u00f3n y repoblamiento de especies en peligro de extinci\u00f3n, adem\u00e1s de conservar y mejorar las condiciones donde las especies se reproducen, buscando generar un h\u00e1bitat espacioso con aguas cristalinas y flora nativa. Al conocer sobre el trabajo de Rewilding de Tompkins Conservation Chile en el Parque Nacional Patagonia y las liberaciones de \u00f1and\u00faes que se realizan anualmente desde el Centro de\u00a0Reproducci\u00f3n\u00a0de esta especie, Quim\u00e1n quiso contribuir con esta labor, aportando con charitos criados en la reserva y as\u00ed apoyar en la recuperaci\u00f3n activa de la especie en la regi\u00f3n de Ays\u00e9n.<\/p>\n<p style=\"font-weight: 400; text-align: justify;\">Constanza P\u00e9rez de Reserva Quim\u00e1n expres\u00f3: \u201cEsperamos que los charitos que han nacido en nuestro centro de reproducci\u00f3n puedan vivir libremente en la naturaleza y ser parte de una poblaci\u00f3n nativa. Nuestra expectativa en esta colaboraci\u00f3n es que esta sea una de varias iniciativas dirigidas a restaurar el equilibrio de los ecosistemas y sus especies\u201d.<\/p>\n<p style=\"font-weight: 400; text-align: justify;\">Los charitos provenientes de Futrono ahora empiezan una etapa de aclimataci\u00f3n en el Centro de Reproducci\u00f3n del Parque Nacional Patagonia para posteriormente ser liberados al medio silvestre.<\/p>\n<\/div><\/section><\/div><div  style='height:50px' class='hr hr-invisible   avia-builder-el-6  el_after_av_one_full  el_before_av_social_share '><span class='hr-inner ' ><span class='hr-inner-style'><\/span><\/span><\/div><\/p>\n<div  class='av-social-sharing-box  avia-builder-el-7  el_after_av_hr  el_before_av_hr  '><div class='av-share-box'><h5 class='av-share-link-description av-no-toc '>Compartir esta noticia<\/h5><ul class='av-share-box-list noLightbox'><li class='av-share-link av-social-link-facebook' ><a target=\"_blank\" aria-label=\"Compartir en Facebook\" href='https:\/\/www.facebook.com\/sharer.php?u=https:\/\/radiorevelacionfm.cl\/?p=2459&#038;t=Exitoso%20operativo%20de%20traslado%20de%20%C3%B1and%C3%BAes%20desde%20Futrono%20al%20Parque%20Nacional%20Patagonia' aria-hidden='false' data-av_icon='\ue8f3' data-av_iconfont='entypo-fontello' title='' data-avia-related-tooltip='Compartir en Facebook' rel=\"noopener\"><span class='avia_hidden_link_text'>Compartir en Facebook<\/span><\/a><\/li><li class='av-share-link av-social-link-twitter' ><a target=\"_blank\" aria-label=\"Compartir en Twitter\" href='https:\/\/twitter.com\/share?text=Exitoso%20operativo%20de%20traslado%20de%20%C3%B1and%C3%BAes%20desde%20Futrono%20al%20Parque%20Nacional%20Patagonia&#038;url=https:\/\/radiorevelacionfm.cl\/?p=2459' aria-hidden='false' data-av_icon='\ue8f1' data-av_iconfont='entypo-fontello' title='' data-avia-related-tooltip='Compartir en Twitter' rel=\"noopener\"><span class='avia_hidden_link_text'>Compartir en Twitter<\/span><\/a><\/li><li class='av-share-link av-social-link-whatsapp' ><a target=\"_blank\" aria-label=\"Compartir en Whatsapp\" href='https:\/\/api.whatsapp.com\/send?text=https:\/\/radiorevelacionfm.cl\/?p=2459' aria-hidden='false' data-av_icon='\uf232' data-av_iconfont='entypo-fontello' title='' data-avia-related-tooltip='Compartir en Whatsapp' rel=\"noopener\"><span class='avia_hidden_link_text'>Compartir en Whatsapp<\/span><\/a><\/li><li class='av-share-link av-social-link-linkedin' ><a target=\"_blank\" aria-label=\"Compartir en LinkedIn\" href='https:\/\/linkedin.com\/shareArticle?mini=true&#038;title=Exitoso%20operativo%20de%20traslado%20de%20%C3%B1and%C3%BAes%20desde%20Futrono%20al%20Parque%20Nacional%20Patagonia&#038;url=https:\/\/radiorevelacionfm.cl\/?p=2459' aria-hidden='false' data-av_icon='\ue8fc' data-av_iconfont='entypo-fontello' title='' data-avia-related-tooltip='Compartir en LinkedIn' rel=\"noopener\"><span class='avia_hidden_link_text'>Compartir en LinkedIn<\/span><\/a><\/li><li class='av-share-link av-social-link-mail' ><a  aria-label=\"Compartir por correo\" href='mailto:?subject=Exitoso%20operativo%20de%20traslado%20de%20%C3%B1and%C3%BAes%20desde%20Futrono%20al%20Parque%20Nacional%20Patagonia&#038;body=https:\/\/radiorevelacionfm.cl\/?p=2459' aria-hidden='false' data-av_icon='\ue805' data-av_iconfont='entypo-fontello' title='' data-avia-related-tooltip='Compartir por correo'><span class='avia_hidden_link_text'>Compartir por correo<\/span><\/a><\/li><\/ul><\/div><\/div>\n<div  style='height:50px' class='hr hr-invisible   avia-builder-el-8  el_after_av_social_share  el_before_av_comments_list '><span class='hr-inner ' ><span class='hr-inner-style'><\/span><\/span><\/div>\n<div  class='av-buildercomment  av-blog-meta-html-info-disabled av-blog-meta-tag-disabled  '><\/div>\n","protected":false},"excerpt":{"rendered":"","protected":false},"author":1,"featured_media":0,"comment_status":"open","ping_status":"open","sticky":false,"template":"","format":"standard","meta":{"footnotes":""},"categories":[39],"tags":[],"class_list":["post-2459","post","type-post","status-publish","format-standard","hentry","category-medio-ambiente"],"jetpack_featured_media_url":"","_links":{"self":[{"href":"https:\/\/radiorevelacionfm.cl\/index.php?rest_route=\/wp\/v2\/posts\/2459","targetHints":{"allow":["GET"]}}],"collection":[{"href":"https:\/\/radiorevelacionfm.cl\/index.php?rest_route=\/wp\/v2\/posts"}],"about":[{"href":"https:\/\/radiorevelacionfm.cl\/index.php?rest_route=\/wp\/v2\/types\/post"}],"author":[{"embeddable":true,"href":"https:\/\/radiorevelacionfm.cl\/index.php?rest_route=\/wp\/v2\/users\/1"}],"replies":[{"embeddable":true,"href":"https:\/\/radiorevelacionfm.cl\/index.php?rest_route=%2Fwp%2Fv2%2Fcomments&post=2459"}],"version-history":[{"count":1,"href":"https:\/\/radiorevelacionfm.cl\/index.php?rest_route=\/wp\/v2\/posts\/2459\/revisions"}],"predecessor-version":[{"id":2461,"href":"https:\/\/radiorevelacionfm.cl\/index.php?rest_route=\/wp\/v2\/posts\/2459\/revisions\/2461"}],"wp:attachment":[{"href":"https:\/\/radiorevelacionfm.cl\/index.php?rest_route=%2Fwp%2Fv2%2Fmedia&parent=2459"}],"wp:term":[{"taxonomy":"category","embeddable":true,"href":"https:\/\/radiorevelacionfm.cl\/index.php?rest_route=%2Fwp%2Fv2%2Fcategories&post=2459"},{"taxonomy":"post_tag","embeddable":true,"href":"https:\/\/radiorevelacionfm.cl\/index.php?rest_route=%2Fwp%2Fv2%2Ftags&post=2459"}],"curies":[{"name":"wp","href":"https:\/\/api.w.org\/{rel}","templated":true}]}}