{"id":24588,"date":"2022-11-24T10:15:59","date_gmt":"2022-11-24T13:15:59","guid":{"rendered":"https:\/\/radiorevelacionfm.cl\/?p=24588"},"modified":"2022-11-24T10:15:59","modified_gmt":"2022-11-24T13:15:59","slug":"ministro-avila-se-reunio-con-alcaldes-colegio-de-profesores-y-asistentes-de-la-educacion-en-su-ultimo-dia-en-aysen","status":"publish","type":"post","link":"https:\/\/radiorevelacionfm.cl\/?p=24588","title":{"rendered":"Ministro \u00c1vila se reuni\u00f3 con alcaldes, Colegio de Profesores y Asistentes de la Educaci\u00f3n en su \u00faltimo d\u00eda en Ays\u00e9n"},"content":{"rendered":"<div class=\"flex_column av_one_full  flex_column_div av-zero-column-padding first  avia-builder-el-0  el_before_av_one_full  avia-builder-el-first  \" style='border-radius:0px; '><div  class='avia-image-container  av-styling-    avia-builder-el-1  avia-builder-el-no-sibling  avia-align-center '  itemprop=\"image\" itemscope=\"itemscope\" itemtype=\"https:\/\/schema.org\/ImageObject\"  ><div class='avia-image-container-inner'><div class='avia-image-overlay-wrap'><img decoding=\"async\" class='wp-image-24589 avia-img-lazy-loading-not-24589 avia_image' src=\"https:\/\/radiorevelacionfm.cl\/wp-content\/uploads\/2022\/11\/Reunion-mesa-educacion-09-1-1.jpg\" alt='' title='Reunion mesa educacion 09 (1) (1)' height=\"600\" width=\"800\"  itemprop=\"thumbnailUrl\" srcset=\"https:\/\/radiorevelacionfm.cl\/wp-content\/uploads\/2022\/11\/Reunion-mesa-educacion-09-1-1.jpg 800w, https:\/\/radiorevelacionfm.cl\/wp-content\/uploads\/2022\/11\/Reunion-mesa-educacion-09-1-1-300x225.jpg 300w, https:\/\/radiorevelacionfm.cl\/wp-content\/uploads\/2022\/11\/Reunion-mesa-educacion-09-1-1-768x576.jpg 768w, https:\/\/radiorevelacionfm.cl\/wp-content\/uploads\/2022\/11\/Reunion-mesa-educacion-09-1-1-705x529.jpg 705w, https:\/\/radiorevelacionfm.cl\/wp-content\/uploads\/2022\/11\/Reunion-mesa-educacion-09-1-1-600x450.jpg 600w\" sizes=\"(max-width: 800px) 100vw, 800px\" \/><\/div><\/div><\/div><\/div><div class=\"flex_column av_one_full  flex_column_div av-zero-column-padding first  avia-builder-el-2  el_after_av_one_full  el_before_av_one_full  column-top-margin\" style='border-radius:0px; '><section class=\"av_textblock_section \"  itemscope=\"itemscope\" itemtype=\"https:\/\/schema.org\/BlogPosting\" itemprop=\"blogPost\" ><div class='avia_textblock  '   itemprop=\"text\" ><p style=\"text-align: center;\"><span style=\"font-size: 18pt;\"><b>Ministro \u00c1vila se reuni\u00f3 con alcaldes, Colegio de Profesores y Asistentes de la Educaci\u00f3n en su \u00faltimo d\u00eda en Ays\u00e9n<\/b><\/span><\/p>\n<div id=\"gtx-trans\" style=\"position: absolute; left: -50px; top: 4.31534px;\">\n<div class=\"gtx-trans-icon\"><\/div>\n<\/div>\n<\/div><\/section><\/div><div class=\"flex_column av_one_full  flex_column_div av-zero-column-padding first  avia-builder-el-4  el_after_av_one_full  el_before_av_hr  column-top-margin\" style='border-radius:0px; '><section class=\"av_textblock_section \"  itemscope=\"itemscope\" itemtype=\"https:\/\/schema.org\/BlogPosting\" itemprop=\"blogPost\" ><div class='avia_textblock  '   itemprop=\"text\" ><p style=\"text-align: justify;\">Una serie de reuniones de trabajo sostuvo en su segunda jornada de terreno en la Regi\u00f3n de Ays\u00e9n, el ministro de Educaci\u00f3n, Marco Antonio \u00c1vila.<\/p>\n<p style=\"text-align: justify;\">En dependencias de la Delegaci\u00f3n Presidencial Regional, el secretario de Estado se reuni\u00f3 a primera hora con los gremios de la Educaci\u00f3n agrupados en una\u00a0mesa integrada por el Colegio de Profesores, Asociaciones de Educaci\u00f3n, Directores de Establecimientos Educacionales, Asistentes de la Educaci\u00f3n, AJUNJI, gremio de Fundaci\u00f3n INTEGRA y estudiantes. Con ellos, abordaron materias como el retorno presencial a clases, la convivencia escolar, la recuperaci\u00f3n de aprendizajes y la revinculaci\u00f3n escolar.<\/p>\n<p style=\"text-align: justify;\">Posteriormente, fue el turno de los alcaldes quienes participaron en el encuentro en forma presencial y telem\u00e1tica, en donde hablaron sobre los temas m\u00e1s relevantes en materia de educaci\u00f3n, como es la puesta en marcha del Servicio Local de Educaci\u00f3n Ays\u00e9n y el nuevo calendario de implementaci\u00f3n, entre otras cosas.<\/p>\n<p style=\"text-align: justify;\">Tras la extensa rueda de reuniones el ministro hizo un positivo balance de su visita y se refiri\u00f3 a las dificultades financieras planteadas por los alcaldes de la Regi\u00f3n de Ays\u00e9n.<\/p>\n<p style=\"text-align: justify;\">\u201cEntendemos las dificultades en la entrega del servicio educativo. Nosotros estamos muy esperanzados en la puesta en marcha del Servicio Local de Educaci\u00f3n P\u00fablica Ays\u00e9n, el que entendemos debiera resolver algunas de estas problem\u00e1ticas, sin embargo, recogemos y acogemos estas dificultades que tienen en una regi\u00f3n como esta que es una zona extrema, que tiene dificultades especialmente de conectividad\u201d. Adem\u00e1s, la autoridad agreg\u00f3 que \u201cestamos muy claros de los esfuerzos de gesti\u00f3n que han hecho los alcaldes de esta regi\u00f3n por mantener el servicio educativo y sabemos que esto tiene costos adicionales, pero en un escenario de restricci\u00f3n presupuestaria tenemos que seguir avanzando para encontrar soluciones que nos permitan allegar mayores recursos que consideren el contexto de la regi\u00f3n de Ays\u00e9n\u201d.<\/p>\n<p style=\"text-align: justify;\">Por su parte, el Delegado Presidencial Regional de Ays\u00e9n Rodrigo Araya Morales evalu\u00f3 positivamente el encuentro del ministro \u00c1vila con los alcaldes.<\/p>\n<p style=\"text-align: justify;\">\u201cFue un buen di\u00e1logo donde muchos de los alcaldes pudieron conocer al ministro y establecer un di\u00e1logo con \u00e9l directamente y conversamos, justamente de las problem\u00e1ticas que tenemos con la educaci\u00f3n p\u00fablica y los colegios. Fue muy interesante la reuni\u00f3n porque se abordaron los\u00a0 distintos puntos de vista y creo que ha sido muy \u00fatil. El Ministro nos encomend\u00f3 junto a la Seremi de Educaci\u00f3n seguir conversando este tema para avanzar en gestiones para apoyar la administraci\u00f3n del municipio en el tema de educaci\u00f3n para el pr\u00f3ximo a\u00f1o\u201d.<\/p>\n<p style=\"text-align: justify;\">En tanto, la seremi de Educaci\u00f3n de Ays\u00e9n, Isabel Garrido, valor\u00f3 el encuentro del ministro con diversos actores educacionales y sociales en el territorio.<\/p>\n<p style=\"text-align: justify;\">\u201cEl ministro \u00c1vila visit\u00f3 nuestra regi\u00f3n cumpliendo el mandato del Presidente Gabriel Boric que es reunirse con los diversos actores en la Regi\u00f3n de Ays\u00e9n y empaparse de las realidades regionales para tomar decisiones que sean atingentes a los distintos territorios. En ese contexto, nos reunimos con los alcaldes agrupados en AREMU y el tema fue el financiamiento del sistema educativo. Nosotros planteamos la necesidad de que los sostenedores municipales gestiones responsablemente los recursos de la subvenci\u00f3n escolar que entrega el Ministerio de Educaci\u00f3n y que los ha entregado durante todo este periodo en el tiempo y forma que corresponden. Tambi\u00e9n hay un problema de fondo de financiamiento que abordamos ya que el actual aporte subsidiario del Estado en Educaci\u00f3n no responde a las necesidades del territorio. Es por eso hemos comprometido reformas m\u00e1s estructurales para abordar estos problemas que se arrastran por largo tiempo\u201d, indic\u00f3.<\/p>\n<p style=\"text-align: justify;\">La autoridad sectorial regional agreg\u00f3 que durante el encuentro se acord\u00f3 convocar a una nueva reuni\u00f3n con los alcaldes para levantar las necesidades regionales de financiamiento.<\/p>\n<\/div><\/section><\/div><div  style='height:50px' class='hr hr-invisible   avia-builder-el-6  el_after_av_one_full  el_before_av_social_share '><span class='hr-inner ' ><span class='hr-inner-style'><\/span><\/span><\/div><\/p>\n<div  class='av-social-sharing-box  avia-builder-el-7  el_after_av_hr  el_before_av_hr  '><div class='av-share-box'><h5 class='av-share-link-description av-no-toc '>Compartir esta noticia<\/h5><ul class='av-share-box-list noLightbox'><li class='av-share-link av-social-link-facebook' ><a target=\"_blank\" aria-label=\"Compartir en Facebook\" href='https:\/\/www.facebook.com\/sharer.php?u=https:\/\/radiorevelacionfm.cl\/?p=24588&#038;t=Ministro%20%C3%81vila%20se%20reuni%C3%B3%20con%20alcaldes%2C%20Colegio%20de%20Profesores%20y%20Asistentes%20de%20la%20Educaci%C3%B3n%20en%20su%20%C3%BAltimo%20d%C3%ADa%20en%20Ays%C3%A9n' aria-hidden='false' data-av_icon='\ue8f3' data-av_iconfont='entypo-fontello' title='' data-avia-related-tooltip='Compartir en Facebook' rel=\"noopener\"><span class='avia_hidden_link_text'>Compartir en Facebook<\/span><\/a><\/li><li class='av-share-link av-social-link-twitter' ><a target=\"_blank\" aria-label=\"Compartir en Twitter\" href='https:\/\/twitter.com\/share?text=Ministro%20%C3%81vila%20se%20reuni%C3%B3%20con%20alcaldes%2C%20Colegio%20de%20Profesores%20y%20Asistentes%20de%20la%20Educaci%C3%B3n%20en%20su%20%C3%BAltimo%20d%C3%ADa%20en%20Ays%C3%A9n&#038;url=https:\/\/radiorevelacionfm.cl\/?p=24588' aria-hidden='false' data-av_icon='\ue8f1' data-av_iconfont='entypo-fontello' title='' data-avia-related-tooltip='Compartir en Twitter' rel=\"noopener\"><span class='avia_hidden_link_text'>Compartir en Twitter<\/span><\/a><\/li><li class='av-share-link av-social-link-whatsapp' ><a target=\"_blank\" aria-label=\"Compartir en Whatsapp\" href='https:\/\/api.whatsapp.com\/send?text=https:\/\/radiorevelacionfm.cl\/?p=24588' aria-hidden='false' data-av_icon='\uf232' data-av_iconfont='entypo-fontello' title='' data-avia-related-tooltip='Compartir en Whatsapp' rel=\"noopener\"><span class='avia_hidden_link_text'>Compartir en Whatsapp<\/span><\/a><\/li><li class='av-share-link av-social-link-linkedin' ><a target=\"_blank\" aria-label=\"Compartir en LinkedIn\" href='https:\/\/linkedin.com\/shareArticle?mini=true&#038;title=Ministro%20%C3%81vila%20se%20reuni%C3%B3%20con%20alcaldes%2C%20Colegio%20de%20Profesores%20y%20Asistentes%20de%20la%20Educaci%C3%B3n%20en%20su%20%C3%BAltimo%20d%C3%ADa%20en%20Ays%C3%A9n&#038;url=https:\/\/radiorevelacionfm.cl\/?p=24588' aria-hidden='false' data-av_icon='\ue8fc' data-av_iconfont='entypo-fontello' title='' data-avia-related-tooltip='Compartir en LinkedIn' rel=\"noopener\"><span class='avia_hidden_link_text'>Compartir en LinkedIn<\/span><\/a><\/li><li class='av-share-link av-social-link-mail' ><a  aria-label=\"Compartir por correo\" href='mailto:?subject=Ministro%20%C3%81vila%20se%20reuni%C3%B3%20con%20alcaldes%2C%20Colegio%20de%20Profesores%20y%20Asistentes%20de%20la%20Educaci%C3%B3n%20en%20su%20%C3%BAltimo%20d%C3%ADa%20en%20Ays%C3%A9n&#038;body=https:\/\/radiorevelacionfm.cl\/?p=24588' aria-hidden='false' data-av_icon='\ue805' data-av_iconfont='entypo-fontello' title='' data-avia-related-tooltip='Compartir por correo'><span class='avia_hidden_link_text'>Compartir por correo<\/span><\/a><\/li><\/ul><\/div><\/div>\n<div  style='height:50px' class='hr hr-invisible   avia-builder-el-8  el_after_av_social_share  el_before_av_comments_list '><span class='hr-inner ' ><span class='hr-inner-style'><\/span><\/span><\/div>\n<div  class='av-buildercomment  av-blog-meta-html-info-disabled av-blog-meta-tag-disabled  '><\/div>\n","protected":false},"excerpt":{"rendered":"","protected":false},"author":1,"featured_media":24589,"comment_status":"open","ping_status":"open","sticky":false,"template":"","format":"standard","meta":{"footnotes":""},"categories":[38],"tags":[],"class_list":["post-24588","post","type-post","status-publish","format-standard","has-post-thumbnail","hentry","category-regional"],"jetpack_featured_media_url":"https:\/\/radiorevelacionfm.cl\/wp-content\/uploads\/2022\/11\/Reunion-mesa-educacion-09-1-1.jpg","_links":{"self":[{"href":"https:\/\/radiorevelacionfm.cl\/index.php?rest_route=\/wp\/v2\/posts\/24588","targetHints":{"allow":["GET"]}}],"collection":[{"href":"https:\/\/radiorevelacionfm.cl\/index.php?rest_route=\/wp\/v2\/posts"}],"about":[{"href":"https:\/\/radiorevelacionfm.cl\/index.php?rest_route=\/wp\/v2\/types\/post"}],"author":[{"embeddable":true,"href":"https:\/\/radiorevelacionfm.cl\/index.php?rest_route=\/wp\/v2\/users\/1"}],"replies":[{"embeddable":true,"href":"https:\/\/radiorevelacionfm.cl\/index.php?rest_route=%2Fwp%2Fv2%2Fcomments&post=24588"}],"version-history":[{"count":2,"href":"https:\/\/radiorevelacionfm.cl\/index.php?rest_route=\/wp\/v2\/posts\/24588\/revisions"}],"predecessor-version":[{"id":24591,"href":"https:\/\/radiorevelacionfm.cl\/index.php?rest_route=\/wp\/v2\/posts\/24588\/revisions\/24591"}],"wp:featuredmedia":[{"embeddable":true,"href":"https:\/\/radiorevelacionfm.cl\/index.php?rest_route=\/wp\/v2\/media\/24589"}],"wp:attachment":[{"href":"https:\/\/radiorevelacionfm.cl\/index.php?rest_route=%2Fwp%2Fv2%2Fmedia&parent=24588"}],"wp:term":[{"taxonomy":"category","embeddable":true,"href":"https:\/\/radiorevelacionfm.cl\/index.php?rest_route=%2Fwp%2Fv2%2Fcategories&post=24588"},{"taxonomy":"post_tag","embeddable":true,"href":"https:\/\/radiorevelacionfm.cl\/index.php?rest_route=%2Fwp%2Fv2%2Ftags&post=24588"}],"curies":[{"name":"wp","href":"https:\/\/api.w.org\/{rel}","templated":true}]}}