{"id":24571,"date":"2022-11-23T17:14:19","date_gmt":"2022-11-23T20:14:19","guid":{"rendered":"https:\/\/radiorevelacionfm.cl\/?p=24571"},"modified":"2022-11-23T17:14:19","modified_gmt":"2022-11-23T20:14:19","slug":"con-presencia-de-la-ministra-de-salud-autorizan-funcionamiento-de-resonador-magnetico-en-hospital-regional-coyhaique","status":"publish","type":"post","link":"https:\/\/radiorevelacionfm.cl\/?p=24571","title":{"rendered":"Con presencia de la ministra de Salud autorizan funcionamiento de resonador magn\u00e9tico en Hospital Regional Coyhaique"},"content":{"rendered":"<div class=\"flex_column av_one_full  flex_column_div av-zero-column-padding first  avia-builder-el-0  el_before_av_one_full  avia-builder-el-first  \" style='border-radius:0px; '><div  class='avia-image-container  av-styling-    avia-builder-el-1  avia-builder-el-no-sibling  avia-align-center '  itemprop=\"image\" itemscope=\"itemscope\" itemtype=\"https:\/\/schema.org\/ImageObject\"  ><div class='avia-image-container-inner'><div class='avia-image-overlay-wrap'><img decoding=\"async\" class='wp-image-24572 avia-img-lazy-loading-not-24572 avia_image' src=\"https:\/\/radiorevelacionfm.cl\/wp-content\/uploads\/2022\/11\/RESONADOR-MAGNETICO-5-1-1.jpeg\" alt='' title='RESONADOR MAGN\u00c9TICO (5) (1) (1)' height=\"600\" width=\"901\"  itemprop=\"thumbnailUrl\" srcset=\"https:\/\/radiorevelacionfm.cl\/wp-content\/uploads\/2022\/11\/RESONADOR-MAGNETICO-5-1-1.jpeg 901w, https:\/\/radiorevelacionfm.cl\/wp-content\/uploads\/2022\/11\/RESONADOR-MAGNETICO-5-1-1-300x200.jpeg 300w, https:\/\/radiorevelacionfm.cl\/wp-content\/uploads\/2022\/11\/RESONADOR-MAGNETICO-5-1-1-768x511.jpeg 768w, https:\/\/radiorevelacionfm.cl\/wp-content\/uploads\/2022\/11\/RESONADOR-MAGNETICO-5-1-1-705x469.jpeg 705w, https:\/\/radiorevelacionfm.cl\/wp-content\/uploads\/2022\/11\/RESONADOR-MAGNETICO-5-1-1-600x400.jpeg 600w\" sizes=\"(max-width: 901px) 100vw, 901px\" \/><\/div><\/div><\/div><\/div><div class=\"flex_column av_one_full  flex_column_div av-zero-column-padding first  avia-builder-el-2  el_after_av_one_full  el_before_av_one_full  column-top-margin\" style='border-radius:0px; '><section class=\"av_textblock_section \"  itemscope=\"itemscope\" itemtype=\"https:\/\/schema.org\/BlogPosting\" itemprop=\"blogPost\" ><div class='avia_textblock  '   itemprop=\"text\" ><p style=\"text-align: center;\"><span style=\"font-size: 18pt;\"><b>Con presencia de la ministra de Salud autorizan funcionamiento de resonador magn\u00e9tico en Hospital Regional Coyhaique<\/b><\/span><\/p>\n<div id=\"gtx-trans\" style=\"position: absolute; left: -50px; top: 4.31534px;\">\n<div class=\"gtx-trans-icon\"><\/div>\n<\/div>\n<\/div><\/section><\/div><div class=\"flex_column av_one_full  flex_column_div av-zero-column-padding first  avia-builder-el-4  el_after_av_one_full  el_before_av_hr  column-top-margin\" style='border-radius:0px; '><section class=\"av_textblock_section \"  itemscope=\"itemscope\" itemtype=\"https:\/\/schema.org\/BlogPosting\" itemprop=\"blogPost\" ><div class='avia_textblock  '   itemprop=\"text\" ><p style=\"font-weight: 400; text-align: justify;\">Este mi\u00e9rcoles en el Hospital Regional Coyhaique se firm\u00f3 la autorizaci\u00f3n sanitaria para la puesta en marcha de lo que ser\u00e1 el nuevo resonador magn\u00e9tico, una inversi\u00f3n regional superior a los 2.500 millones de pesos, en un espacio que contempla una remodelaci\u00f3n de 182 metros cuadrados, que incluye servicios higi\u00e9nicos, sala de espera, sala de recuperaci\u00f3n y sala de examen, entre otros. \u201cEs un momento muy especial para nosotros como autoridad de salud, es un hito muy significativo entregar esta autorizaci\u00f3n sanitaria para un equipamiento tan necesario, prioritario como un resonador que permitir\u00e1 mejorar la complejidad y la atenci\u00f3n de toda la regi\u00f3n\u201d, dijo la ministra de Salud, Ximena Aguilera.<\/p>\n<p style=\"font-weight: 400; text-align: justify;\">Se trata de un importante avance para la comunidad aysenina ya que viene a resolver listas de espera y facilitar los diagn\u00f3sticos m\u00e9dicos. \u201cAsistimos a este tremendo hito que es obtener la autorizaci\u00f3n sanitaria para el funcionamiento del resonador magn\u00e9tico, sin exento de dificultades, pero las voluntades nos han permitido llegar hasta ac\u00e1, sobre todo por los equipos t\u00e9cnicos que se han dedicado a trabajar para llevar adelante esta iniciativa\u201d, precis\u00f3 por su parte Andrea Mac\u00edas, gobernadora regional.<\/p>\n<p style=\"font-weight: 400; text-align: justify;\">En tanto, Rodrigo Araya, delegado presidencial de Ays\u00e9n complement\u00f3 \u201cel convenio de programaci\u00f3n es tremendamente relevante. Recuerdo cuando instalamos el scanner en el hospital que fue un hito muy relevante y necesario. Tenemos m\u00e1s desaf\u00edos, porque la tecnolog\u00eda va a ir mejorando\u201d.<\/p>\n<p style=\"font-weight: 400; text-align: justify;\">\u201cEsto va en la l\u00ednea del fortalecimiento para poder incrementar las posibilidades de pesquisa precoz e intervenciones oportunas frente a situaciones que ponen en riesgo la salud de nuestros usuarios y se enmarca en el copago cero, una estrategia fundamental y renovadora del sistema de salud y derriba el acceso financiero para las personas que no pueden pagar una prestaci\u00f3n\u201d, a\u00f1adi\u00f3 Carmen Gloria Monsalve, Seremi de Salud Ays\u00e9n.<\/p>\n<p style=\"font-weight: 400; text-align: justify;\">El proyecto, anclado en el Hospital Regional Coyhaique, ampliar\u00e1 la cartera de prestaciones del centro hospitalario de alta complejidad de la regi\u00f3n de Ays\u00e9n, evitando as\u00ed el desarraigo de cientos de personas que deben salir fuera de la regi\u00f3n para ser atendidos, lo que, en tiempos de pandemia, se ha vuelto un proceso a\u00fan m\u00e1s complejo.<\/p>\n<p style=\"font-weight: 400; text-align: justify;\">Por su parte, Mauricio Cort\u00e9s Molina, director del SSA, agreg\u00f3 que \u201cestamos muy contentos de inaugurar este hito muy esperado por la comunidad, por nuestra red, que va en directo beneficio de nuestra ciudadan\u00eda, que va en la l\u00ednea que nos han pedido en las directrices de nuestra Ministra, Subsecretario, el Presidente, en reducir los tiempos de espera, tiempos de espera dignos, donde la ciudadan\u00eda va a tener el tratamiento m\u00e1s oportuno que es lo que se busca con esta tecnolog\u00eda que es muy avanzada\u201d.<\/p>\n<p style=\"font-weight: 400; text-align: justify;\">Entretanto, Crist\u00f3bal Cuadrado Nahum, Subsecretario de Salud, indic\u00f3 que \u201cChile avanza a trav\u00e9s de este tipo de obras en las cuales les damos m\u00e1s seguridad a las personas en un marco en el cual la inversi\u00f3n en infraestructura p\u00fablica de alta calidad que permita acercar la salud a las personas es fundamental\u201d.<\/p>\n<p style=\"font-weight: 400; text-align: justify;\">Por \u00faltimo, Jaime L\u00f3pez Quintana, director del Hospital Regional Coyhaique, mencion\u00f3 que se trata de \u201cun largo camino que se materializa en una tecnolog\u00eda fundamental para la regi\u00f3n en materia de apoyo diagn\u00f3stico para nuestros pacientes que va ayudar a precisar no s\u00f3lo solamente los tratamientos sino que la intervenci\u00f3n quir\u00fargica que se pueda hacer en todas las especialidades que tiene el establecimiento. Es un largo camino en que se han aunado las voluntades de orden t\u00e9cnico, institucional y pol\u00edtico para que esto funcione, y de eso tenemos que estar agradecidos. Son 2.500 millones de pesos que ha puesto la regi\u00f3n, a trav\u00e9s de su Gobierno Regional, para poder hacer la habilitaci\u00f3n de este recinto y comprar el equipo\u201d.<\/p>\n<\/div><\/section><\/div><div  style='height:50px' class='hr hr-invisible   avia-builder-el-6  el_after_av_one_full  el_before_av_social_share '><span class='hr-inner ' ><span class='hr-inner-style'><\/span><\/span><\/div><\/p>\n<div  class='av-social-sharing-box  avia-builder-el-7  el_after_av_hr  el_before_av_hr  '><div class='av-share-box'><h5 class='av-share-link-description av-no-toc '>Compartir esta noticia<\/h5><ul class='av-share-box-list noLightbox'><li class='av-share-link av-social-link-facebook' ><a target=\"_blank\" aria-label=\"Compartir en Facebook\" href='https:\/\/www.facebook.com\/sharer.php?u=https:\/\/radiorevelacionfm.cl\/?p=24571&#038;t=Con%20presencia%20de%20la%20ministra%20de%20Salud%20autorizan%20funcionamiento%20de%20resonador%20magn%C3%A9tico%20en%20Hospital%20Regional%20Coyhaique' aria-hidden='false' data-av_icon='\ue8f3' data-av_iconfont='entypo-fontello' title='' data-avia-related-tooltip='Compartir en Facebook' rel=\"noopener\"><span class='avia_hidden_link_text'>Compartir en Facebook<\/span><\/a><\/li><li class='av-share-link av-social-link-twitter' ><a target=\"_blank\" aria-label=\"Compartir en Twitter\" href='https:\/\/twitter.com\/share?text=Con%20presencia%20de%20la%20ministra%20de%20Salud%20autorizan%20funcionamiento%20de%20resonador%20magn%C3%A9tico%20en%20Hospital%20Regional%20Coyhaique&#038;url=https:\/\/radiorevelacionfm.cl\/?p=24571' aria-hidden='false' data-av_icon='\ue8f1' data-av_iconfont='entypo-fontello' title='' data-avia-related-tooltip='Compartir en Twitter' rel=\"noopener\"><span class='avia_hidden_link_text'>Compartir en Twitter<\/span><\/a><\/li><li class='av-share-link av-social-link-whatsapp' ><a target=\"_blank\" aria-label=\"Compartir en Whatsapp\" href='https:\/\/api.whatsapp.com\/send?text=https:\/\/radiorevelacionfm.cl\/?p=24571' aria-hidden='false' data-av_icon='\uf232' data-av_iconfont='entypo-fontello' title='' data-avia-related-tooltip='Compartir en Whatsapp' rel=\"noopener\"><span class='avia_hidden_link_text'>Compartir en Whatsapp<\/span><\/a><\/li><li class='av-share-link av-social-link-linkedin' ><a target=\"_blank\" aria-label=\"Compartir en LinkedIn\" href='https:\/\/linkedin.com\/shareArticle?mini=true&#038;title=Con%20presencia%20de%20la%20ministra%20de%20Salud%20autorizan%20funcionamiento%20de%20resonador%20magn%C3%A9tico%20en%20Hospital%20Regional%20Coyhaique&#038;url=https:\/\/radiorevelacionfm.cl\/?p=24571' aria-hidden='false' data-av_icon='\ue8fc' data-av_iconfont='entypo-fontello' title='' data-avia-related-tooltip='Compartir en LinkedIn' rel=\"noopener\"><span class='avia_hidden_link_text'>Compartir en LinkedIn<\/span><\/a><\/li><li class='av-share-link av-social-link-mail' ><a  aria-label=\"Compartir por correo\" href='mailto:?subject=Con%20presencia%20de%20la%20ministra%20de%20Salud%20autorizan%20funcionamiento%20de%20resonador%20magn%C3%A9tico%20en%20Hospital%20Regional%20Coyhaique&#038;body=https:\/\/radiorevelacionfm.cl\/?p=24571' aria-hidden='false' data-av_icon='\ue805' data-av_iconfont='entypo-fontello' title='' data-avia-related-tooltip='Compartir por correo'><span class='avia_hidden_link_text'>Compartir por correo<\/span><\/a><\/li><\/ul><\/div><\/div>\n<div  style='height:50px' class='hr hr-invisible   avia-builder-el-8  el_after_av_social_share  el_before_av_comments_list '><span class='hr-inner ' ><span class='hr-inner-style'><\/span><\/span><\/div>\n<div  class='av-buildercomment  av-blog-meta-html-info-disabled av-blog-meta-tag-disabled  '><\/div>\n","protected":false},"excerpt":{"rendered":"","protected":false},"author":1,"featured_media":24572,"comment_status":"open","ping_status":"open","sticky":false,"template":"","format":"standard","meta":{"footnotes":""},"categories":[38],"tags":[],"class_list":["post-24571","post","type-post","status-publish","format-standard","has-post-thumbnail","hentry","category-regional"],"jetpack_featured_media_url":"https:\/\/radiorevelacionfm.cl\/wp-content\/uploads\/2022\/11\/RESONADOR-MAGNETICO-5-1-1.jpeg","_links":{"self":[{"href":"https:\/\/radiorevelacionfm.cl\/index.php?rest_route=\/wp\/v2\/posts\/24571","targetHints":{"allow":["GET"]}}],"collection":[{"href":"https:\/\/radiorevelacionfm.cl\/index.php?rest_route=\/wp\/v2\/posts"}],"about":[{"href":"https:\/\/radiorevelacionfm.cl\/index.php?rest_route=\/wp\/v2\/types\/post"}],"author":[{"embeddable":true,"href":"https:\/\/radiorevelacionfm.cl\/index.php?rest_route=\/wp\/v2\/users\/1"}],"replies":[{"embeddable":true,"href":"https:\/\/radiorevelacionfm.cl\/index.php?rest_route=%2Fwp%2Fv2%2Fcomments&post=24571"}],"version-history":[{"count":2,"href":"https:\/\/radiorevelacionfm.cl\/index.php?rest_route=\/wp\/v2\/posts\/24571\/revisions"}],"predecessor-version":[{"id":24574,"href":"https:\/\/radiorevelacionfm.cl\/index.php?rest_route=\/wp\/v2\/posts\/24571\/revisions\/24574"}],"wp:featuredmedia":[{"embeddable":true,"href":"https:\/\/radiorevelacionfm.cl\/index.php?rest_route=\/wp\/v2\/media\/24572"}],"wp:attachment":[{"href":"https:\/\/radiorevelacionfm.cl\/index.php?rest_route=%2Fwp%2Fv2%2Fmedia&parent=24571"}],"wp:term":[{"taxonomy":"category","embeddable":true,"href":"https:\/\/radiorevelacionfm.cl\/index.php?rest_route=%2Fwp%2Fv2%2Fcategories&post=24571"},{"taxonomy":"post_tag","embeddable":true,"href":"https:\/\/radiorevelacionfm.cl\/index.php?rest_route=%2Fwp%2Fv2%2Ftags&post=24571"}],"curies":[{"name":"wp","href":"https:\/\/api.w.org\/{rel}","templated":true}]}}