{"id":24543,"date":"2022-11-23T10:47:06","date_gmt":"2022-11-23T13:47:06","guid":{"rendered":"https:\/\/radiorevelacionfm.cl\/?p=24543"},"modified":"2022-11-23T10:47:06","modified_gmt":"2022-11-23T13:47:06","slug":"iniciativa-de-650-millones-para-3-anos-de-trabajo-con-comunidades-locales-consejeros-de-chile-vamos-rechazan-proyecto-que-releva-el-patrimonio-geopaleontologico-de-aysen","status":"publish","type":"post","link":"https:\/\/radiorevelacionfm.cl\/?p=24543","title":{"rendered":"Iniciativa de $ 650 millones para 3 a\u00f1os de trabajo con comunidades locales.  Consejeros de Chile Vamos rechazan proyecto que releva el patrimonio geopaleontol\u00f3gico de Ays\u00e9n"},"content":{"rendered":"<div class=\"flex_column av_one_full  flex_column_div av-zero-column-padding first  avia-builder-el-0  el_before_av_one_full  avia-builder-el-first  \" style='border-radius:0px; '><div  class='avia-image-container  av-styling-    avia-builder-el-1  avia-builder-el-no-sibling  avia-align-center '  itemprop=\"image\" itemscope=\"itemscope\" itemtype=\"https:\/\/schema.org\/ImageObject\"  ><div class='avia-image-container-inner'><div class='avia-image-overlay-wrap'><img decoding=\"async\" class='wp-image-24544 avia-img-lazy-loading-not-24544 avia_image' src=\"https:\/\/radiorevelacionfm.cl\/wp-content\/uploads\/2022\/11\/Captura-de-Pantalla-2022-11-21-a-las-09.34.16-1-1.png\" alt='' title='Captura de Pantalla 2022-11-21 a la(s) 09.34.16 (1) (1)' height=\"600\" width=\"1075\"  itemprop=\"thumbnailUrl\" srcset=\"https:\/\/radiorevelacionfm.cl\/wp-content\/uploads\/2022\/11\/Captura-de-Pantalla-2022-11-21-a-las-09.34.16-1-1.png 1075w, https:\/\/radiorevelacionfm.cl\/wp-content\/uploads\/2022\/11\/Captura-de-Pantalla-2022-11-21-a-las-09.34.16-1-1-300x167.png 300w, https:\/\/radiorevelacionfm.cl\/wp-content\/uploads\/2022\/11\/Captura-de-Pantalla-2022-11-21-a-las-09.34.16-1-1-1030x575.png 1030w, https:\/\/radiorevelacionfm.cl\/wp-content\/uploads\/2022\/11\/Captura-de-Pantalla-2022-11-21-a-las-09.34.16-1-1-768x429.png 768w, https:\/\/radiorevelacionfm.cl\/wp-content\/uploads\/2022\/11\/Captura-de-Pantalla-2022-11-21-a-las-09.34.16-1-1-705x393.png 705w, https:\/\/radiorevelacionfm.cl\/wp-content\/uploads\/2022\/11\/Captura-de-Pantalla-2022-11-21-a-las-09.34.16-1-1-600x335.png 600w\" sizes=\"(max-width: 1075px) 100vw, 1075px\" \/><\/div><\/div><\/div><\/div><div class=\"flex_column av_one_full  flex_column_div av-zero-column-padding first  avia-builder-el-2  el_after_av_one_full  el_before_av_one_full  column-top-margin\" style='border-radius:0px; '><section class=\"av_textblock_section \"  itemscope=\"itemscope\" itemtype=\"https:\/\/schema.org\/BlogPosting\" itemprop=\"blogPost\" ><div class='avia_textblock  '   itemprop=\"text\" ><p style=\"text-align: center;\" align=\"center\"><span style=\"font-size: 18pt;\"><b>Consejeros de Chile Vamos rechazan proyecto que releva el patrimonio geopaleontol<\/b><b>\u00f3gico de Ays\u00e9n<\/b><\/span><\/p>\n<div id=\"gtx-trans\" style=\"position: absolute; left: -50px; top: 4.31534px;\">\n<div class=\"gtx-trans-icon\"><\/div>\n<\/div>\n<\/div><\/section><\/div><div class=\"flex_column av_one_full  flex_column_div av-zero-column-padding first  avia-builder-el-4  el_after_av_one_full  el_before_av_hr  column-top-margin\" style='border-radius:0px; '><section class=\"av_textblock_section \"  itemscope=\"itemscope\" itemtype=\"https:\/\/schema.org\/BlogPosting\" itemprop=\"blogPost\" ><div class='avia_textblock  '   itemprop=\"text\" ><p style=\"text-align: justify;\">Un duro rev\u00e9s para el relevamiento del patrimonio cultural y material de Ays\u00e9n se dio el viernes 11 de noviembre en el Consejo Regional de Ays\u00e9n, cuando la\u00a0<a href=\"https:\/\/www.facebook.com\/CoredeAysen\/videos\/1166558070965215\" target=\"_blank\" rel=\"noopener\" data-saferedirecturl=\"https:\/\/www.google.com\/url?q=https:\/\/www.facebook.com\/CoredeAysen\/videos\/1166558070965215&amp;source=gmail&amp;ust=1669295514526000&amp;usg=AOvVaw3xHQxZou9Y0XaEgbYKmi1L\">oposici\u00f3n rechaz\u00f3 en bloque<\/a>\u00a0un proyecto del Museo Regional tendiente a \u201c<i>fomentar el conocimiento del patrimonio geol\u00f3gico-paleontol\u00f3gico de la regi\u00f3n de Ays\u00e9n<\/i>\u201d.<\/p>\n<p style=\"text-align: justify;\">La iniciativa, de 650 millones para tres a\u00f1os de trabajo con las comunidades locales, hab\u00eda sido ya desestimada en la Comisi\u00f3n de Regionalizaci\u00f3n, Integraci\u00f3n Territorial y Medio Ambiente (RIMA), que\u00a0<a href=\"https:\/\/www.facebook.com\/CoredeAysen\/videos\/2466762216798414\" target=\"_blank\" rel=\"noopener\" data-saferedirecturl=\"https:\/\/www.google.com\/url?q=https:\/\/www.facebook.com\/CoredeAysen\/videos\/2466762216798414&amp;source=gmail&amp;ust=1669295514526000&amp;usg=AOvVaw04PWCh2GHL3546gOm3OgUu\">sesion\u00f3 el mi\u00e9rcoles 9<\/a>, donde los consejeros\u00a0<b>UDI Lilian Inostroza<\/b>\u00a0(General Carrera) y\u00a0<b>V\u00edctor Escobar<\/b>\u00a0(Capit\u00e1n Prat) votaron en contra.\u00a0\u00a0\u00a0A favor estuvo la consejera\u00a0<b>Paulina Hern\u00e1ndez<\/b>\u00a0(DC, General Carrera), quien la preside, junto a\u00a0<b>Marisol Mart\u00ednez<\/b>\u00a0(PS, Coyhaique).\u00a0\u00a0El DC\u00a0<b>Jorge Abello<\/b>\u00a0(Capit\u00e1n Prat), se abstuvo en dicha ocasi\u00f3n.<\/p>\n<p style=\"text-align: justify;\">Este alineamiento opositor se reprodujo en el\u00a0<a href=\"https:\/\/www.facebook.com\/CoredeAysen\/videos\/1166558070965215\" target=\"_blank\" rel=\"noopener\" data-saferedirecturl=\"https:\/\/www.google.com\/url?q=https:\/\/www.facebook.com\/CoredeAysen\/videos\/1166558070965215&amp;source=gmail&amp;ust=1669295514526000&amp;usg=AOvVaw3xHQxZou9Y0XaEgbYKmi1L\">pleno del 11 de noviembre<\/a>.\u00a0\u00a0Los integrantes de la comisi\u00f3n reiteraron su votaci\u00f3n, sum\u00e1ndose al rechazo las y los consejeros\u00a0<b>Marco Gillibrand<\/b>(Ind Ev\u00f3poli, Ays\u00e9n),\u00a0<b>Loreta Villegas<\/b>\u00a0(Ev\u00f3poli, Ays\u00e9n),\u00a0<b>Omar Mu\u00f1oz\u00a0<\/b>(UDI, Coyhaique),\u00a0<b>Paola Rodr<\/b><b>\u00ed<\/b><b>guez<\/b>\u00a0(RN, Ays\u00e9n) y\u00a0<b>Ra\u00fal Rudolphi<\/b>\u00a0(RN, Coyhaique).\u00a0\u00a0Por aprobar estuvieron, adem\u00e1s de\u00a0Mart\u00ednez y Hern\u00e1ndez, la gobernadora (PS)\u00a0<b>Andrea Mac\u00edas<\/b>, junto a las y los consejeros<b>\u00a0Paula Acu\u00f1a\u00a0<\/b>(ind RD, Coyhaique),\u00a0<b>Sergio Gonz\u00e1lez<\/b>\u00a0(DC, Ays\u00e9n),\u00a0<b>Felipe Klein<\/b>\u00a0(DC, Coyhaique).\u00a0\u00a0\u00a0<b>Rocco Martiniello<\/b>\u00a0(DC, Coyhaique) no particip\u00f3 por estar con licencia.<\/p>\n<p style=\"text-align: justify;\">En total, 7 votos contra 6, m\u00e1s una abstenci\u00f3n.<\/p>\n<p style=\"text-align: justify;\">Esta decisi\u00f3n no obsta que la iniciativa se pueda presentar nuevamente a financiamiento en el futuro.<\/p>\n<p style=\"text-align: justify;\"><b>\u00bfM\u00e1s cultura para Ays\u00e9n?<\/b><\/p>\n<p style=\"text-align: justify;\">El proyecto \u201c<i>Transferencia para puesta en valor del Patrimonio Geopaleontol\u00f3gico de Ays\u00e9n<\/i>\u201d considera el componente de\u00a0<b>divulgaci\u00f3n<\/b>\u00a0hacia las familias de la regi\u00f3n, gu\u00edas de turismo y p\u00fablico especializado, agregando orientaci\u00f3n a p\u00fablicos espec\u00edficos como tercera edad, docentes e inmigrantes.<\/p>\n<p style=\"text-align: justify;\">En t\u00e9rminos de\u00a0<b>capacitaci\u00f3n<\/b>\u00a0se enfoca en los encargados de las salas museogr\u00e1ficos y de educaci\u00f3n ambiental, profesores y profesionales y\/o estudiantes de Ciencias de la Tierra.<\/p>\n<p style=\"text-align: justify;\">En\u00a0<b>puesta en valor<\/b>\u00a0<b>in situ de este patrimonio en la Red de Salas Museogr\u00e1ficas y sus localidades<\/b>\u00a0contempla trabajar en 8 localidades (informes especializados en salas, presentaciones a la comunidad), adem\u00e1s de intervenciones museogr\u00e1ficas en dos salas locales.<\/p>\n<p style=\"text-align: justify;\">Y, por \u00faltimo, en\u00a0<b>investigaci\u00f3n, difusi\u00f3n y colecta de material con especial potencial museogr\u00e1fico<\/b>\u00a0incluye acciones con las comunidades locales de los sectores priorizados, adem\u00e1s de p\u00fablico en general.<\/p>\n<p style=\"text-align: justify;\">Entre los expertos a contratar para recuperar piezas de alto valor paleontol\u00f3gico est\u00e1 Manuel Su\u00e1rez,\u00a0<a href=\"https:\/\/www.latercera.com\/laboratoriodecontenidos\/noticia\/el-profesor-universitario-que-descubrio-un-dinosaurio-y-un-cocodrilo-prehistorico\/TKUKTR355NDDDG66ZXIAFCVFFE\/\" target=\"_blank\" rel=\"noopener\" data-saferedirecturl=\"https:\/\/www.google.com\/url?q=https:\/\/www.latercera.com\/laboratoriodecontenidos\/noticia\/el-profesor-universitario-que-descubrio-un-dinosaurio-y-un-cocodrilo-prehistorico\/TKUKTR355NDDDG66ZXIAFCVFFE\/&amp;source=gmail&amp;ust=1669295514526000&amp;usg=AOvVaw2PuAUAwPlq5ttFG2zbxoWd\">el descubridor del\u00a0<i>Chilesaurus diegosuarezi<\/i>\u00a0<\/a>en Mall\u00edn Grande<i>,\u00a0<\/i>portada de la revista Nature en 2015.\u00a0\u00a0Adem\u00e1s, el destacado\u00a0<a href=\"https:\/\/www.elmostrador.cl\/cultura\/2022\/10\/22\/paleontologo-enrique-bostelmann-y-hallazgo-de-fosiles-aysen-se-posiciona-como-un-nuevo-centro-paleontologico\/\" target=\"_blank\" rel=\"noopener\" data-saferedirecturl=\"https:\/\/www.google.com\/url?q=https:\/\/www.elmostrador.cl\/cultura\/2022\/10\/22\/paleontologo-enrique-bostelmann-y-hallazgo-de-fosiles-aysen-se-posiciona-como-un-nuevo-centro-paleontologico\/&amp;source=gmail&amp;ust=1669295514526000&amp;usg=AOvVaw1KCD9VKHygFLljBLwKJiEg\">paleont\u00f3logo Enrique Bostelman<\/a>\u00a0junto a profesionales que han realizado diversas publicaciones a nivel nacional e internacional sobre geopatrimonio regional.<\/p>\n<p style=\"text-align: justify;\">Lilian Inostroza (UDI), quien representa a la provincia General Carrera, epicentro de los hallazgos arqueol\u00f3gicos y paleontol\u00f3gicos m\u00e1s relevantes de las \u00faltimas d\u00e9cadas, fue portavoz de la visi\u00f3n de su sector: la dicotom\u00eda entre empleo y cultura.\u00a0\u00a0\u201c<i>Sin bien existe un programa que est\u00e1 justificado t\u00e9cnicamente, y sin desmerecer el valor del patrimonio geopaleontol\u00f3gico, y el trabajo realizado, hoy hemos visto en nuestras comunidades y en nuestra regi\u00f3n de Ays\u00e9n que existen otras necesidades y otras partes donde podemos priorizar los recursos<\/i>\u201d se\u00f1al\u00f3 en la ocasi\u00f3n.<\/p>\n<p style=\"text-align: justify;\">Su colega PS Marisol Mart\u00ednez hizo el contrapunto, destacando incluso su relevancia econ\u00f3mica: \u201c<i>Este proyecto no s\u00f3lo tiene una importancia cultural, patrimonial, sino tambi\u00e9n productiva.\u00a0\u00a0Porque tiene una vinculaci\u00f3n directa con el turismo de intereses especiales, que es tremendamente importante y que est\u00e1 surgiendo en la regi\u00f3n<\/i>\u201d.<\/p>\n<p style=\"text-align: justify;\">Mientras, la gobernadora (PS) Andrea Mac\u00edas reconoci\u00f3 que es necesario avanzar en conectividad y salud, pero que \u00e9stos \u201c<i>son carriles distintos, que van avanzando de manera diferenciada<\/i>\u201d, m\u00e1s a\u00fan cuando, indic\u00f3,\u00a0ning\u00fan proyecto de salud habr\u00eda quedado sin financiamiento por aprobar \u00e9ste.\u00a0\u00a0Y apunt\u00f3 que en el Consejo Regional de Ays\u00e9n siempre se ha cuestionado que los resultados de los estudios no llegan a la ciudadan\u00eda y \u00e9ste era \u201c<i>un proyecto de transferencia de todo aquello que se hab\u00eda investigado<\/i>\u201d.<\/p>\n<p style=\"text-align: justify;\"><b>Ays<\/b><b>\u00e9n, epicentro paleontol\u00f3gico<\/b><\/p>\n<p style=\"text-align: justify;\">La preponderancia que ha logrado esta disciplina en la Patagonia ido creciendo, luego que en\u00a02015 un hallazgo en el lago General Carrera remeciera al mundo.\u00a0\u00a0En la\u00a0<a href=\"https:\/\/www.conicet.gov.ar\/el-chilesaurio-diegosuarezi-tapa-de-la-revista-nature\/\" target=\"_blank\" rel=\"noopener\" data-saferedirecturl=\"https:\/\/www.google.com\/url?q=https:\/\/www.conicet.gov.ar\/el-chilesaurio-diegosuarezi-tapa-de-la-revista-nature\/&amp;source=gmail&amp;ust=1669295514526000&amp;usg=AOvVaw0t71j2gq8eb2y2X6uogd5A\">primera p\u00e1gina<\/a>\u00a0de la prestigiosa revista Nature aparec\u00eda la imagen de un extinto ser que hace 150 millones de a\u00f1os habit\u00f3 estas tierras.\u00a0\u00a0Fue bautizado por el ge\u00f3logo Manuel Su\u00e1rez como\u00a0<a href=\"https:\/\/www.nature.com\/articles\/nature14307\" target=\"_blank\" rel=\"noopener\" data-saferedirecturl=\"https:\/\/www.google.com\/url?q=https:\/\/www.nature.com\/articles\/nature14307&amp;source=gmail&amp;ust=1669295514526000&amp;usg=AOvVaw11cIX2_a5FG-TiLNFe59uP\">Chilesaurus diegosuarezi<\/a>en honor a su hijo.<\/p>\n<p style=\"text-align: justify;\">Tras esa portada, las noticias sobre este legado patrimonial proliferaron.<\/p>\n<p style=\"text-align: justify;\">S\u00f3lo en 2022 ha sido m\u00faltiple la cobertura relacionada:\u00a0\u201c<a href=\"https:\/\/www.theclinic.cl\/2022\/02\/25\/chilesaurus-descubrimiento-nino-7-anos-cambio-idea-evolucion\/\" target=\"_blank\" rel=\"noopener\" data-saferedirecturl=\"https:\/\/www.google.com\/url?q=https:\/\/www.theclinic.cl\/2022\/02\/25\/chilesaurus-descubrimiento-nino-7-anos-cambio-idea-evolucion\/&amp;source=gmail&amp;ust=1669295514526000&amp;usg=AOvVaw1IeUq-05AsbMIuFHD4Pdcg\">Conoce al Chilesaurus, el descubrimiento de un ni\u00f1o que forz\u00f3 el replanteamiento de la historia<\/a>\u201d (The Clinic, 25 de febrero de 2022); \u201c<a href=\"https:\/\/www.eldivisadero.cl\/_noticia\/Paleont%C3%B3logo-destaca-nuevos-descubrimientos-f%C3%B3siles-en-Ays%C3%A9n\/NjgyNjI=\" target=\"_blank\" rel=\"noopener\" data-saferedirecturl=\"https:\/\/www.google.com\/url?q=https:\/\/www.eldivisadero.cl\/_noticia\/Paleont%25C3%25B3logo-destaca-nuevos-descubrimientos-f%25C3%25B3siles-en-Ays%25C3%25A9n\/NjgyNjI%3D&amp;source=gmail&amp;ust=1669295514526000&amp;usg=AOvVaw0Y8J_sArA6BS-zmhSYbqxt\">Paleont\u00f3logo destaca nuevos descubrimientos f\u00f3siles en Ays\u00e9n<\/a>\u201d (El Divisadero, 30 de septiembre de 2022); \u201c<a href=\"https:\/\/www.latercera.com\/que-pasa\/noticia\/un-hallazgo-de-alcance-mundial-cientificos-descubren-mas-de-1000-fosiles-en-aysen\/4F4J4RLAMZAQVIFSVQQWCUP2II\/\" target=\"_blank\" rel=\"noopener\" data-saferedirecturl=\"https:\/\/www.google.com\/url?q=https:\/\/www.latercera.com\/que-pasa\/noticia\/un-hallazgo-de-alcance-mundial-cientificos-descubren-mas-de-1000-fosiles-en-aysen\/4F4J4RLAMZAQVIFSVQQWCUP2II\/&amp;source=gmail&amp;ust=1669295514526000&amp;usg=AOvVaw28qR4OC3CkCrvlJb-ICGQo\">\u2018Un hallazgo de alcance mundial\u2019: cient\u00edficos descubren m\u00e1s de 1.000 f\u00f3siles en Ays\u00e9n<\/a>\u201d (La Tercera, 29 de septiembre de 2022); \u201cLa Carretera Austral recorre maravillas geol\u00f3gicas y hasta yacimientos de f\u00f3siles\u201d (El Mercurio, 2 de octubre de 2022); \u201c<a href=\"https:\/\/www.elmostrador.cl\/cultura\/cultivate\/2022\/10\/22\/hallazgo-paleontologico-de-alcance-mundial-en-aysen\/\" target=\"_blank\" rel=\"noopener\" data-saferedirecturl=\"https:\/\/www.google.com\/url?q=https:\/\/www.elmostrador.cl\/cultura\/cultivate\/2022\/10\/22\/hallazgo-paleontologico-de-alcance-mundial-en-aysen\/&amp;source=gmail&amp;ust=1669295514526000&amp;usg=AOvVaw1IPNt08vmAMFE8oEqph4k7\">Hallazgo paleontol\u00f3gico de alcance mundial en Ays\u00e9n<\/a>\u201d (El Mostrador, 22 de octubre de 2022).<\/p>\n<\/div><\/section><\/div><div  style='height:50px' class='hr hr-invisible   avia-builder-el-6  el_after_av_one_full  el_before_av_social_share '><span class='hr-inner ' ><span class='hr-inner-style'><\/span><\/span><\/div><\/p>\n<div  class='av-social-sharing-box  avia-builder-el-7  el_after_av_hr  el_before_av_hr  '><div class='av-share-box'><h5 class='av-share-link-description av-no-toc '>Compartir esta noticia<\/h5><ul class='av-share-box-list noLightbox'><li class='av-share-link av-social-link-facebook' ><a target=\"_blank\" aria-label=\"Compartir en Facebook\" href='https:\/\/www.facebook.com\/sharer.php?u=https:\/\/radiorevelacionfm.cl\/?p=24543&#038;t=Iniciativa%20de%20%24%20650%20millones%20para%203%20a%C3%B1os%20de%20trabajo%20con%20comunidades%20locales.%20%20Consejeros%20de%20Chile%20Vamos%20rechazan%20proyecto%20que%20releva%20el%20patrimonio%20geopaleontol%C3%B3gico%20de%20Ays%C3%A9n' aria-hidden='false' data-av_icon='\ue8f3' data-av_iconfont='entypo-fontello' title='' data-avia-related-tooltip='Compartir en Facebook' rel=\"noopener\"><span class='avia_hidden_link_text'>Compartir en Facebook<\/span><\/a><\/li><li class='av-share-link av-social-link-twitter' ><a target=\"_blank\" aria-label=\"Compartir en Twitter\" href='https:\/\/twitter.com\/share?text=Iniciativa%20de%20%24%20650%20millones%20para%203%20a%C3%B1os%20de%20trabajo%20con%20comunidades%20locales.%20%20Consejeros%20de%20Chile%20Vamos%20rechazan%20proyecto%20que%20releva%20el%20patrimonio%20geopaleontol%C3%B3gico%20de%20Ays%C3%A9n&#038;url=https:\/\/radiorevelacionfm.cl\/?p=24543' aria-hidden='false' data-av_icon='\ue8f1' data-av_iconfont='entypo-fontello' title='' data-avia-related-tooltip='Compartir en Twitter' rel=\"noopener\"><span class='avia_hidden_link_text'>Compartir en Twitter<\/span><\/a><\/li><li class='av-share-link av-social-link-whatsapp' ><a target=\"_blank\" aria-label=\"Compartir en Whatsapp\" href='https:\/\/api.whatsapp.com\/send?text=https:\/\/radiorevelacionfm.cl\/?p=24543' aria-hidden='false' data-av_icon='\uf232' data-av_iconfont='entypo-fontello' title='' data-avia-related-tooltip='Compartir en Whatsapp' rel=\"noopener\"><span class='avia_hidden_link_text'>Compartir en Whatsapp<\/span><\/a><\/li><li class='av-share-link av-social-link-linkedin' ><a target=\"_blank\" aria-label=\"Compartir en LinkedIn\" href='https:\/\/linkedin.com\/shareArticle?mini=true&#038;title=Iniciativa%20de%20%24%20650%20millones%20para%203%20a%C3%B1os%20de%20trabajo%20con%20comunidades%20locales.%20%20Consejeros%20de%20Chile%20Vamos%20rechazan%20proyecto%20que%20releva%20el%20patrimonio%20geopaleontol%C3%B3gico%20de%20Ays%C3%A9n&#038;url=https:\/\/radiorevelacionfm.cl\/?p=24543' aria-hidden='false' data-av_icon='\ue8fc' data-av_iconfont='entypo-fontello' title='' data-avia-related-tooltip='Compartir en LinkedIn' rel=\"noopener\"><span class='avia_hidden_link_text'>Compartir en LinkedIn<\/span><\/a><\/li><li class='av-share-link av-social-link-mail' ><a  aria-label=\"Compartir por correo\" href='mailto:?subject=Iniciativa%20de%20%24%20650%20millones%20para%203%20a%C3%B1os%20de%20trabajo%20con%20comunidades%20locales.%20%20Consejeros%20de%20Chile%20Vamos%20rechazan%20proyecto%20que%20releva%20el%20patrimonio%20geopaleontol%C3%B3gico%20de%20Ays%C3%A9n&#038;body=https:\/\/radiorevelacionfm.cl\/?p=24543' aria-hidden='false' data-av_icon='\ue805' data-av_iconfont='entypo-fontello' title='' data-avia-related-tooltip='Compartir por correo'><span class='avia_hidden_link_text'>Compartir por correo<\/span><\/a><\/li><\/ul><\/div><\/div>\n<div  style='height:50px' class='hr hr-invisible   avia-builder-el-8  el_after_av_social_share  el_before_av_comments_list '><span class='hr-inner ' ><span class='hr-inner-style'><\/span><\/span><\/div>\n<div  class='av-buildercomment  av-blog-meta-html-info-disabled av-blog-meta-tag-disabled  '><\/div>\n","protected":false},"excerpt":{"rendered":"","protected":false},"author":1,"featured_media":24544,"comment_status":"open","ping_status":"open","sticky":false,"template":"","format":"standard","meta":{"footnotes":""},"categories":[38],"tags":[],"class_list":["post-24543","post","type-post","status-publish","format-standard","has-post-thumbnail","hentry","category-regional"],"jetpack_featured_media_url":"https:\/\/radiorevelacionfm.cl\/wp-content\/uploads\/2022\/11\/Captura-de-Pantalla-2022-11-21-a-las-09.34.16-1-1.png","_links":{"self":[{"href":"https:\/\/radiorevelacionfm.cl\/index.php?rest_route=\/wp\/v2\/posts\/24543","targetHints":{"allow":["GET"]}}],"collection":[{"href":"https:\/\/radiorevelacionfm.cl\/index.php?rest_route=\/wp\/v2\/posts"}],"about":[{"href":"https:\/\/radiorevelacionfm.cl\/index.php?rest_route=\/wp\/v2\/types\/post"}],"author":[{"embeddable":true,"href":"https:\/\/radiorevelacionfm.cl\/index.php?rest_route=\/wp\/v2\/users\/1"}],"replies":[{"embeddable":true,"href":"https:\/\/radiorevelacionfm.cl\/index.php?rest_route=%2Fwp%2Fv2%2Fcomments&post=24543"}],"version-history":[{"count":2,"href":"https:\/\/radiorevelacionfm.cl\/index.php?rest_route=\/wp\/v2\/posts\/24543\/revisions"}],"predecessor-version":[{"id":24546,"href":"https:\/\/radiorevelacionfm.cl\/index.php?rest_route=\/wp\/v2\/posts\/24543\/revisions\/24546"}],"wp:featuredmedia":[{"embeddable":true,"href":"https:\/\/radiorevelacionfm.cl\/index.php?rest_route=\/wp\/v2\/media\/24544"}],"wp:attachment":[{"href":"https:\/\/radiorevelacionfm.cl\/index.php?rest_route=%2Fwp%2Fv2%2Fmedia&parent=24543"}],"wp:term":[{"taxonomy":"category","embeddable":true,"href":"https:\/\/radiorevelacionfm.cl\/index.php?rest_route=%2Fwp%2Fv2%2Fcategories&post=24543"},{"taxonomy":"post_tag","embeddable":true,"href":"https:\/\/radiorevelacionfm.cl\/index.php?rest_route=%2Fwp%2Fv2%2Ftags&post=24543"}],"curies":[{"name":"wp","href":"https:\/\/api.w.org\/{rel}","templated":true}]}}