{"id":24539,"date":"2022-11-23T10:18:01","date_gmt":"2022-11-23T13:18:01","guid":{"rendered":"https:\/\/radiorevelacionfm.cl\/?p=24539"},"modified":"2022-11-23T10:18:01","modified_gmt":"2022-11-23T13:18:01","slug":"ministro-avila-anuncia-que-por-primera-vez-isla-las-huichas-tendra-educacion-media-y-recursos-de-infraestructura-para-liceo-de-puerto-aysen","status":"publish","type":"post","link":"https:\/\/radiorevelacionfm.cl\/?p=24539","title":{"rendered":"Ministro \u00c1vila anuncia que por primera vez Isla Las Huichas tendr\u00e1 educaci\u00f3n media y recursos de infraestructura para liceo de Puerto Ays\u00e9n"},"content":{"rendered":"<div class=\"flex_column av_one_full  flex_column_div av-zero-column-padding first  avia-builder-el-0  el_before_av_one_full  avia-builder-el-first  \" style='border-radius:0px; '><div  class='avia-image-container  av-styling-    avia-builder-el-1  avia-builder-el-no-sibling  avia-align-center '  itemprop=\"image\" itemscope=\"itemscope\" itemtype=\"https:\/\/schema.org\/ImageObject\"  ><div class='avia-image-container-inner'><div class='avia-image-overlay-wrap'><img decoding=\"async\" class='wp-image-24540 avia-img-lazy-loading-not-24540 avia_image' src=\"https:\/\/radiorevelacionfm.cl\/wp-content\/uploads\/2022\/11\/Entrega-recursos-liceo-polit-A-1-1-1.jpg\" alt='' title='Entrega recursos liceo polit A 1 (1) (1)' height=\"600\" width=\"800\"  itemprop=\"thumbnailUrl\" srcset=\"https:\/\/radiorevelacionfm.cl\/wp-content\/uploads\/2022\/11\/Entrega-recursos-liceo-polit-A-1-1-1.jpg 800w, https:\/\/radiorevelacionfm.cl\/wp-content\/uploads\/2022\/11\/Entrega-recursos-liceo-polit-A-1-1-1-300x225.jpg 300w, https:\/\/radiorevelacionfm.cl\/wp-content\/uploads\/2022\/11\/Entrega-recursos-liceo-polit-A-1-1-1-768x576.jpg 768w, https:\/\/radiorevelacionfm.cl\/wp-content\/uploads\/2022\/11\/Entrega-recursos-liceo-polit-A-1-1-1-705x529.jpg 705w, https:\/\/radiorevelacionfm.cl\/wp-content\/uploads\/2022\/11\/Entrega-recursos-liceo-polit-A-1-1-1-600x450.jpg 600w\" sizes=\"(max-width: 800px) 100vw, 800px\" \/><\/div><\/div><\/div><\/div><div class=\"flex_column av_one_full  flex_column_div av-zero-column-padding first  avia-builder-el-2  el_after_av_one_full  el_before_av_one_full  column-top-margin\" style='border-radius:0px; '><section class=\"av_textblock_section \"  itemscope=\"itemscope\" itemtype=\"https:\/\/schema.org\/BlogPosting\" itemprop=\"blogPost\" ><div class='avia_textblock  '   itemprop=\"text\" ><p style=\"text-align: center;\"><span style=\"font-size: 18pt;\"><b>Ministro \u00c1vila anuncia que por primera vez Isla Las Huichas tendr\u00e1 educaci\u00f3n media y recursos de infraestructura para liceo de Puerto Ays\u00e9n<\/b><\/span><\/p>\n<div id=\"gtx-trans\" style=\"position: absolute; left: -50px; top: 4.31534px;\">\n<div class=\"gtx-trans-icon\"><\/div>\n<\/div>\n<\/div><\/section><\/div><div class=\"flex_column av_one_full  flex_column_div av-zero-column-padding first  avia-builder-el-4  el_after_av_one_full  el_before_av_hr  column-top-margin\" style='border-radius:0px; '><section class=\"av_textblock_section \"  itemscope=\"itemscope\" itemtype=\"https:\/\/schema.org\/BlogPosting\" itemprop=\"blogPost\" ><div class='avia_textblock  '   itemprop=\"text\" ><p style=\"text-align: justify;\">En su primera visita oficial como ministro de Educaci\u00f3n a la Regi\u00f3n de Ays\u00e9n, Marco Antonio \u00c1vila, viaj\u00f3 por casi 4 horas en lancha hasta la Isla Las Huichas, ubicada en la boca del fiordo de Ays\u00e9n, para visitar a la comunidad educativa de la Escuela B\u00e1sica Pedro Aguirre Cerda y anunciar la implementaci\u00f3n de ense\u00f1anza media en el establecimiento educacional, lo que permitir\u00e1 a m\u00e1s de 100 ni\u00f1as y ni\u00f1os acceder a educaci\u00f3n polit\u00e9cnica sin tener que salir de su territorio, a partir del a\u00f1o escolar 2023.<\/p>\n<p style=\"text-align: justify;\">A la fecha, las y los estudiantes que sal\u00edan de 8\u00b0 b\u00e1sico deb\u00edan trasladarse solos o junto a sus familias hasta Puerto Ays\u00e9n para poder continuar con sus estudios abandonando la isla y disminuyendo su poblaci\u00f3n. Fue as\u00ed como el Mineduc recibi\u00f3 la solicitud de creaci\u00f3n del nuevo nivel de ense\u00f1anza media, y tras una evaluaci\u00f3n, el 26 de octubre se aprob\u00f3 el requerimiento de la escuela, lo que permitir\u00e1 a las y los estudiantes continuar sus estudios de media en el mismo centro educativo.<\/p>\n<p style=\"text-align: justify;\">En el gimnasio de Isla Huichas en Puerto Aguirre, el ministro de Educaci\u00f3n, acompa\u00f1ado por la gobernadora de Ays\u00e9n, Andrea Mac\u00edas; el delegado presidencial regional, Rodrigo Araya; el delegado presidencial provincial, Jorge Salfate; la seremi de Educaci\u00f3n, Isabel Garrido; el jefe Deprov de Coyhaique, Yoal D\u00edaz; y el alcalde de Puerto Ays\u00e9n, Julio Uribe, adem\u00e1s de los concejales de la comuna y consejeros regionales, dialogaron con el Centro de Padres y Apoderados, el Centro de Alumnos, Juntas de Vecinos y familias que residen en la zona.<b><\/b><\/p>\n<p style=\"text-align: justify;\">\u201cDespu\u00e9s de 8 meses en el Mineduc, esta ha sido una de las experiencias en terreno m\u00e1s fuertes y significativas que me ha tocado vivenciar como ministro de Educaci\u00f3n, no solo por la distancia, sino porque estamos dando la buena noticia de la ampliaci\u00f3n de la oferta educativa para ense\u00f1anza media. Debemos asegurar el derecho a la educaci\u00f3n para todas y todos. Hoy ampliamos las posibilidades para las familias de Puerto Aguirre y sus cercan\u00edas, y podemos decir con orgullo que de aqu\u00ed a final de a\u00f1o m\u00e1s de $1.000 millones van a ser invertidos en reparaci\u00f3n de infraestructura de establecimientos de esta regi\u00f3n\u201d, se\u00f1al\u00f3 el ministro \u00c1vila durante la ceremonia.<\/p>\n<p style=\"text-align: justify;\">Mat\u00edas Aguilar, estudiante de 8\u00b0 b\u00e1sico y presidente del centro de estudiantes, expres\u00f3 que \u201choy es un d\u00eda hist\u00f3rico no solo para la escuela, sino que para la Isla Las Huichas en su conjunto, pues hoy despu\u00e9s de casi 80 a\u00f1os por fin vamos a tener el derecho de desarrollar la educaci\u00f3n de manera plena en nuestro territorio al tener educaci\u00f3n media en nuestra isla. Quiero agradecer en nombre de todos mis compa\u00f1eros y compa\u00f1eras de la Escuela Pedro Aguirre Cerda y de la Escuela Carlos Condell, de Caleta Andrade, la oportunidad que se nos brinda desde el pr\u00f3ximo a\u00f1o escolar\u201d.<\/p>\n<p style=\"text-align: justify;\"><b>Entrega de recursos de infraestructura en Puerto Ays\u00e9n<\/b><\/p>\n<p style=\"text-align: justify;\"><b>\u00a0<\/b>Antes de zarpar a Isla Las Huichas, el ministro \u00c1vila visit\u00f3 durante la ma\u00f1ana el Liceo Polit\u00e9cnico A1, en Puerto Ays\u00e9n, el primer establecimiento de la regi\u00f3n beneficiado con el Fondo de Infraestructura de Emergencia, en el marco de la Pol\u00edtica de Reactivaci\u00f3n Educativa Integral Seamos Comunidad, por un monto superior a los $470 millones, los que ser\u00e1n destinados a la reposici\u00f3n de techumbre de un sector y el cambio de ventanas a termopanel para mantener la temperatura adecuada al interior de las salas de clases.<\/p>\n<p style=\"text-align: justify;\">En la actividad estuvo presente el alcalde -y sostenedor de los establecimientos educacionales de la comuna de Puerto Ays\u00e9n- Julio Uribe Alvarado, quien agradeci\u00f3 el apoyo del Ministerio de Educaci\u00f3n y se\u00f1al\u00f3 que \u201clos recursos asignados permitir\u00e1n ir mejorando las instalaciones del liceo que tienen m\u00e1s de 60 a\u00f1os de antig\u00fcedad\u201d.<\/p>\n<p style=\"text-align: justify;\">En tanto, el ministro Marco Antonio \u00c1vila se\u00f1al\u00f3 que estos recursos permitir\u00e1n dar mayor dignidad a los estudiantes y profesores. \u201cAgradecemos a la comunidad escolar, a los equipos directivos, a los profesores y profesoras que se esfuerzan todos los d\u00edas en condiciones muy adversas. Llegar ac\u00e1 hoy, y poder llegar a Puerto Aguirre m\u00e1s tarde, es parte del compromiso que el Presidente Gabriel Boric nos ha pedido de estar en los territorios, escuchar a las personas, conocer lo que est\u00e1 pasando y entregar soluciones, las que no son r\u00e1pidas ni m\u00e1gicas, pero las podemos comenzar a trabajar\u201d.<\/p>\n<p style=\"text-align: justify;\">Adem\u00e1s, el secretario de Estado, agreg\u00f3 que \u201cestamos en un escenario de recesi\u00f3n y crisis econ\u00f3mica y lo que tenemos que hacer es invertir muy bien los recursos que tenemos disponibles. Hoy con la entrega de estos fondos de emergencia, que son parte del Plan Nacional de Infraestructura para establecimientos, esperamos entregar una cuota m\u00e1s de dignidad para el Liceo Polit\u00e9cnico A 1\u201d.<\/p>\n<p style=\"text-align: justify;\">Antes de finalizar, el ministro y todas las autoridades compartieron con profesores, estudiantes y apoderados, y conversaron sobre la importancia y el rol de la educaci\u00f3n p\u00fablica en las zonas extremas del pa\u00eds.<\/p>\n<\/div><\/section><\/div><div  style='height:50px' class='hr hr-invisible   avia-builder-el-6  el_after_av_one_full  el_before_av_social_share '><span class='hr-inner ' ><span class='hr-inner-style'><\/span><\/span><\/div><\/p>\n<div  class='av-social-sharing-box  avia-builder-el-7  el_after_av_hr  el_before_av_hr  '><div class='av-share-box'><h5 class='av-share-link-description av-no-toc '>Compartir esta noticia<\/h5><ul class='av-share-box-list noLightbox'><li class='av-share-link av-social-link-facebook' ><a target=\"_blank\" aria-label=\"Compartir en Facebook\" href='https:\/\/www.facebook.com\/sharer.php?u=https:\/\/radiorevelacionfm.cl\/?p=24539&#038;t=Ministro%20%C3%81vila%20anuncia%20que%20por%20primera%20vez%20Isla%20Las%20Huichas%20tendr%C3%A1%20educaci%C3%B3n%20media%20y%20recursos%20de%20infraestructura%20para%20liceo%20de%20Puerto%20Ays%C3%A9n' aria-hidden='false' data-av_icon='\ue8f3' data-av_iconfont='entypo-fontello' title='' data-avia-related-tooltip='Compartir en Facebook' rel=\"noopener\"><span class='avia_hidden_link_text'>Compartir en Facebook<\/span><\/a><\/li><li class='av-share-link av-social-link-twitter' ><a target=\"_blank\" aria-label=\"Compartir en Twitter\" href='https:\/\/twitter.com\/share?text=Ministro%20%C3%81vila%20anuncia%20que%20por%20primera%20vez%20Isla%20Las%20Huichas%20tendr%C3%A1%20educaci%C3%B3n%20media%20y%20recursos%20de%20infraestructura%20para%20liceo%20de%20Puerto%20Ays%C3%A9n&#038;url=https:\/\/radiorevelacionfm.cl\/?p=24539' aria-hidden='false' data-av_icon='\ue8f1' data-av_iconfont='entypo-fontello' title='' data-avia-related-tooltip='Compartir en Twitter' rel=\"noopener\"><span class='avia_hidden_link_text'>Compartir en Twitter<\/span><\/a><\/li><li class='av-share-link av-social-link-whatsapp' ><a target=\"_blank\" aria-label=\"Compartir en Whatsapp\" href='https:\/\/api.whatsapp.com\/send?text=https:\/\/radiorevelacionfm.cl\/?p=24539' aria-hidden='false' data-av_icon='\uf232' data-av_iconfont='entypo-fontello' title='' data-avia-related-tooltip='Compartir en Whatsapp' rel=\"noopener\"><span class='avia_hidden_link_text'>Compartir en Whatsapp<\/span><\/a><\/li><li class='av-share-link av-social-link-linkedin' ><a target=\"_blank\" aria-label=\"Compartir en LinkedIn\" href='https:\/\/linkedin.com\/shareArticle?mini=true&#038;title=Ministro%20%C3%81vila%20anuncia%20que%20por%20primera%20vez%20Isla%20Las%20Huichas%20tendr%C3%A1%20educaci%C3%B3n%20media%20y%20recursos%20de%20infraestructura%20para%20liceo%20de%20Puerto%20Ays%C3%A9n&#038;url=https:\/\/radiorevelacionfm.cl\/?p=24539' aria-hidden='false' data-av_icon='\ue8fc' data-av_iconfont='entypo-fontello' title='' data-avia-related-tooltip='Compartir en LinkedIn' rel=\"noopener\"><span class='avia_hidden_link_text'>Compartir en LinkedIn<\/span><\/a><\/li><li class='av-share-link av-social-link-mail' ><a  aria-label=\"Compartir por correo\" href='mailto:?subject=Ministro%20%C3%81vila%20anuncia%20que%20por%20primera%20vez%20Isla%20Las%20Huichas%20tendr%C3%A1%20educaci%C3%B3n%20media%20y%20recursos%20de%20infraestructura%20para%20liceo%20de%20Puerto%20Ays%C3%A9n&#038;body=https:\/\/radiorevelacionfm.cl\/?p=24539' aria-hidden='false' data-av_icon='\ue805' data-av_iconfont='entypo-fontello' title='' data-avia-related-tooltip='Compartir por correo'><span class='avia_hidden_link_text'>Compartir por correo<\/span><\/a><\/li><\/ul><\/div><\/div>\n<div  style='height:50px' class='hr hr-invisible   avia-builder-el-8  el_after_av_social_share  el_before_av_comments_list '><span class='hr-inner ' ><span class='hr-inner-style'><\/span><\/span><\/div>\n<div  class='av-buildercomment  av-blog-meta-html-info-disabled av-blog-meta-tag-disabled  '><\/div>\n","protected":false},"excerpt":{"rendered":"","protected":false},"author":1,"featured_media":24540,"comment_status":"open","ping_status":"open","sticky":false,"template":"","format":"standard","meta":{"footnotes":""},"categories":[49,38],"tags":[],"class_list":["post-24539","post","type-post","status-publish","format-standard","has-post-thumbnail","hentry","category-educacion","category-regional"],"jetpack_featured_media_url":"https:\/\/radiorevelacionfm.cl\/wp-content\/uploads\/2022\/11\/Entrega-recursos-liceo-polit-A-1-1-1.jpg","_links":{"self":[{"href":"https:\/\/radiorevelacionfm.cl\/index.php?rest_route=\/wp\/v2\/posts\/24539","targetHints":{"allow":["GET"]}}],"collection":[{"href":"https:\/\/radiorevelacionfm.cl\/index.php?rest_route=\/wp\/v2\/posts"}],"about":[{"href":"https:\/\/radiorevelacionfm.cl\/index.php?rest_route=\/wp\/v2\/types\/post"}],"author":[{"embeddable":true,"href":"https:\/\/radiorevelacionfm.cl\/index.php?rest_route=\/wp\/v2\/users\/1"}],"replies":[{"embeddable":true,"href":"https:\/\/radiorevelacionfm.cl\/index.php?rest_route=%2Fwp%2Fv2%2Fcomments&post=24539"}],"version-history":[{"count":2,"href":"https:\/\/radiorevelacionfm.cl\/index.php?rest_route=\/wp\/v2\/posts\/24539\/revisions"}],"predecessor-version":[{"id":24542,"href":"https:\/\/radiorevelacionfm.cl\/index.php?rest_route=\/wp\/v2\/posts\/24539\/revisions\/24542"}],"wp:featuredmedia":[{"embeddable":true,"href":"https:\/\/radiorevelacionfm.cl\/index.php?rest_route=\/wp\/v2\/media\/24540"}],"wp:attachment":[{"href":"https:\/\/radiorevelacionfm.cl\/index.php?rest_route=%2Fwp%2Fv2%2Fmedia&parent=24539"}],"wp:term":[{"taxonomy":"category","embeddable":true,"href":"https:\/\/radiorevelacionfm.cl\/index.php?rest_route=%2Fwp%2Fv2%2Fcategories&post=24539"},{"taxonomy":"post_tag","embeddable":true,"href":"https:\/\/radiorevelacionfm.cl\/index.php?rest_route=%2Fwp%2Fv2%2Ftags&post=24539"}],"curies":[{"name":"wp","href":"https:\/\/api.w.org\/{rel}","templated":true}]}}