{"id":24535,"date":"2022-11-24T12:09:19","date_gmt":"2022-11-24T15:09:19","guid":{"rendered":"https:\/\/radiorevelacionfm.cl\/?p=24535"},"modified":"2022-11-24T12:09:19","modified_gmt":"2022-11-24T15:09:19","slug":"familias-de-aysen-se-capacitan-en-tecnicas-de-preparacion-de-almacigos","status":"publish","type":"post","link":"https:\/\/radiorevelacionfm.cl\/?p=24535","title":{"rendered":"Familias de Ays\u00e9n se capacitan en t\u00e9cnicas de preparaci\u00f3n de alm\u00e1cigos"},"content":{"rendered":"<div class=\"flex_column av_one_full  flex_column_div av-zero-column-padding first  avia-builder-el-0  el_before_av_one_full  avia-builder-el-first  \" style='border-radius:0px; '><div  class='avia-image-container  av-styling-    avia-builder-el-1  avia-builder-el-no-sibling  avia-align-center '  itemprop=\"image\" itemscope=\"itemscope\" itemtype=\"https:\/\/schema.org\/ImageObject\"  ><div class='avia-image-container-inner'><div class='avia-image-overlay-wrap'><img decoding=\"async\" class='wp-image-24536 avia-img-lazy-loading-not-24536 avia_image' src=\"https:\/\/radiorevelacionfm.cl\/wp-content\/uploads\/2022\/11\/dsc02070-1_optimized.jpg\" alt='' title='dsc02070-(1)_optimized' height=\"600\" width=\"1067\"  itemprop=\"thumbnailUrl\" srcset=\"https:\/\/radiorevelacionfm.cl\/wp-content\/uploads\/2022\/11\/dsc02070-1_optimized.jpg 1067w, https:\/\/radiorevelacionfm.cl\/wp-content\/uploads\/2022\/11\/dsc02070-1_optimized-300x169.jpg 300w, https:\/\/radiorevelacionfm.cl\/wp-content\/uploads\/2022\/11\/dsc02070-1_optimized-1030x579.jpg 1030w, https:\/\/radiorevelacionfm.cl\/wp-content\/uploads\/2022\/11\/dsc02070-1_optimized-768x432.jpg 768w, https:\/\/radiorevelacionfm.cl\/wp-content\/uploads\/2022\/11\/dsc02070-1_optimized-705x396.jpg 705w, https:\/\/radiorevelacionfm.cl\/wp-content\/uploads\/2022\/11\/dsc02070-1_optimized-600x337.jpg 600w\" sizes=\"(max-width: 1067px) 100vw, 1067px\" \/><\/div><\/div><\/div><\/div><div class=\"flex_column av_one_full  flex_column_div av-zero-column-padding first  avia-builder-el-2  el_after_av_one_full  el_before_av_one_full  column-top-margin\" style='border-radius:0px; '><section class=\"av_textblock_section \"  itemscope=\"itemscope\" itemtype=\"https:\/\/schema.org\/BlogPosting\" itemprop=\"blogPost\" ><div class='avia_textblock  '   itemprop=\"text\" ><p style=\"text-align: center;\"><span style=\"font-size: 18pt;\"><strong>Familias de Ays\u00e9n se capacitan en t\u00e9cnicas de preparaci\u00f3n de alm\u00e1cigos <\/strong><\/span><\/p>\n<div id=\"gtx-trans\" style=\"position: absolute; left: -50px; top: 4.31534px;\">\n<div class=\"gtx-trans-icon\"><\/div>\n<\/div>\n<\/div><\/section><\/div><div class=\"flex_column av_one_full  flex_column_div av-zero-column-padding first  avia-builder-el-4  el_after_av_one_full  el_before_av_hr  column-top-margin\" style='border-radius:0px; '><section class=\"av_textblock_section \"  itemscope=\"itemscope\" itemtype=\"https:\/\/schema.org\/BlogPosting\" itemprop=\"blogPost\" ><div class='avia_textblock  '   itemprop=\"text\" ><p style=\"text-align: justify;\">En dependencias del Campus Patagonia de la Universidad Austral de Chile (UACh) se desarroll\u00f3 un taller de preparaci\u00f3n de alm\u00e1cigos y trasplante para usuarias y usuarios del programa Apoyo a la Seguridad Alimentaria de la Regi\u00f3n de Ays\u00e9n financiado por el Ministerio de Desarrollo Social y Familia y asistido t\u00e9cnicamente por el Fondo de Solidaridad e Inversi\u00f3n Social, FOSIS y cuenta con la ejecuci\u00f3n de los Municipios.<\/p>\n<p style=\"text-align: justify;\">Con el objetivo de capacitar a 15 familias urbanas para que cultiven sus propios alimentos en el contexto de aumentar la seguridad alimentaria para mejorar el acceso a los alimentos, incrementar el consumo de hortalizas y mejorar h\u00e1bitos alimenticios para ampliar los ingresos por medio de la estrategia de sustituci\u00f3n de gastos por la auto provisi\u00f3n de alimentos.<\/p>\n<p style=\"text-align: justify;\">Karina Acevedo, Seremi de Desarrollo Social y Familia, Regi\u00f3n de Ays\u00e9n, recalc\u00f3 la importancia de esta iniciativa, indicando que, \u201ceste programa de autoconsumo lo que nos permite, en convenio con la universidad, no solamente es entregar herramientas para que puedan cultivar o cuidar algo de su hogar, sino adem\u00e1s recibir los conocimientos y tips para que puedan resolver sus dudas. Muchos de ellos han aplicado autoconsumo, sin embargo, les faltaba el conocimiento, la capacidad y la expertiz que tienen los profesionales de la universidad que son traspasados hacia ellos para que puedan mejorar el cultivo, la siembra o lo que est\u00e9n realizando; as\u00ed que es un convenio virtuoso, un trabajo maravilloso que estamos realizando junto a la universidad y el FOSIS y que esperamos para el pr\u00f3ximo a\u00f1o trabajar de un forma distinta, en forma directa y coordinado por la universidad.\u201d<\/p>\n<p style=\"text-align: justify;\">Esta iniciativa pretende establecer acciones de colaboraci\u00f3n entre el Ministerio de Desarrollo Social y Familia, a trav\u00e9s de la Divisi\u00f3n de promoci\u00f3n y protecci\u00f3n social de la Subsecretaria de Servicios Sociales, y del Campus Patagonia de la UACh, para fortalecer contenidos y competencias t\u00e9cnicas del equipo y de familias usuarias del programa; desarrollando actividades de investigaci\u00f3n, docencia y extensi\u00f3n; por medio de talleres, capacitaciones, jornadas y material audiovisual basados en el \u00e1rea productiva, a trav\u00e9s de profesionales y docentes de la UACh.<\/p>\n<p style=\"text-align: justify;\">Por su parte, Pablo Hern\u00e1ndez, Ingeniero Agr\u00f3nomo y jefe de carrera T\u00e9cnico Universitario en Producci\u00f3n Agropecuaria UACh, se\u00f1al\u00f3 las principales actividades desarrolladas en el taller, destacando, \u201clo que hicimos con las familias fue preparar sustrato, ponerlo en las bandejas para hacer alm\u00e1cigos de diversos cultivos, donde aprendimos que algunas especies por tradici\u00f3n se hac\u00eda trasplante de alm\u00e1cigos o siembra directa, pero en la materia que nos convoca que es el autoconsumo, en general todas las especies las preparamos con alm\u00e1cigos. La gran mayor\u00eda de las familias son habitantes urbanos, entonces hay un desconocimiento sobre las t\u00e9cnicas agr\u00edcolas; les gusta la huerta, les gusta producir pero les falta el componente agr\u00edcola.\u201d<\/p>\n<p style=\"text-align: justify;\">El profesional, destac\u00f3 que los talleres tiene como idea central, que las familias produzcan sus propios alimentos en espacios reducidos, como en el patio de la casa, porque el autoconsumo permite tener alimentos todos los d\u00edas y de manera surtida.<\/p>\n<p style=\"text-align: justify;\">Es en esa l\u00ednea, que Ivonne Ovalle, usuario del programa del sector El Claro destac\u00f3 el alcance\u00a0 que tienen estos talleres, \u201ceste programa nos ha ayudado mucho en cuanto a capacitaci\u00f3n, la implementaci\u00f3n para mejorar lo que ya ten\u00edamos\u201d.<\/p>\n<p style=\"text-align: justify;\">Finalmente, Fernanda Leiva, directora regional del FOSIS Ays\u00e9n, se\u00f1al\u00f3 \u201cestamos muy contentos de participar en este taller del programa de Apoyo a la Seguridad Alimentaria, con usuarios y usuarias que est\u00e1n aprendiendo nuevas t\u00e9cnicas, incorporando nuevas tecnolog\u00edas, consejos y tips para poder desarrollar sus almacigueras, que les permitir\u00e1 mejorar sus cultivos\u00a0y el de sus familias. Tambi\u00e9n para poder difundir este conocimiento creemos que es muy importante, as\u00ed que estamos muy felices de llevar a cabo este trabajo colaborativo entre las distintas instituciones involucradas y creemos que tenemos que seguir potenci\u00e1ndolo.\u201d<\/p>\n<\/div><\/section><\/div><div  style='height:50px' class='hr hr-invisible   avia-builder-el-6  el_after_av_one_full  el_before_av_social_share '><span class='hr-inner ' ><span class='hr-inner-style'><\/span><\/span><\/div><\/p>\n<div  class='av-social-sharing-box  avia-builder-el-7  el_after_av_hr  el_before_av_hr  '><div class='av-share-box'><h5 class='av-share-link-description av-no-toc '>Compartir esta noticia<\/h5><ul class='av-share-box-list noLightbox'><li class='av-share-link av-social-link-facebook' ><a target=\"_blank\" aria-label=\"Compartir en Facebook\" href='https:\/\/www.facebook.com\/sharer.php?u=https:\/\/radiorevelacionfm.cl\/?p=24535&#038;t=Familias%20de%20Ays%C3%A9n%20se%20capacitan%20en%20t%C3%A9cnicas%20de%20preparaci%C3%B3n%20de%20alm%C3%A1cigos' aria-hidden='false' data-av_icon='\ue8f3' data-av_iconfont='entypo-fontello' title='' data-avia-related-tooltip='Compartir en Facebook' rel=\"noopener\"><span class='avia_hidden_link_text'>Compartir en Facebook<\/span><\/a><\/li><li class='av-share-link av-social-link-twitter' ><a target=\"_blank\" aria-label=\"Compartir en Twitter\" href='https:\/\/twitter.com\/share?text=Familias%20de%20Ays%C3%A9n%20se%20capacitan%20en%20t%C3%A9cnicas%20de%20preparaci%C3%B3n%20de%20alm%C3%A1cigos&#038;url=https:\/\/radiorevelacionfm.cl\/?p=24535' aria-hidden='false' data-av_icon='\ue8f1' data-av_iconfont='entypo-fontello' title='' data-avia-related-tooltip='Compartir en Twitter' rel=\"noopener\"><span class='avia_hidden_link_text'>Compartir en Twitter<\/span><\/a><\/li><li class='av-share-link av-social-link-whatsapp' ><a target=\"_blank\" aria-label=\"Compartir en Whatsapp\" href='https:\/\/api.whatsapp.com\/send?text=https:\/\/radiorevelacionfm.cl\/?p=24535' aria-hidden='false' data-av_icon='\uf232' data-av_iconfont='entypo-fontello' title='' data-avia-related-tooltip='Compartir en Whatsapp' rel=\"noopener\"><span class='avia_hidden_link_text'>Compartir en Whatsapp<\/span><\/a><\/li><li class='av-share-link av-social-link-linkedin' ><a target=\"_blank\" aria-label=\"Compartir en LinkedIn\" href='https:\/\/linkedin.com\/shareArticle?mini=true&#038;title=Familias%20de%20Ays%C3%A9n%20se%20capacitan%20en%20t%C3%A9cnicas%20de%20preparaci%C3%B3n%20de%20alm%C3%A1cigos&#038;url=https:\/\/radiorevelacionfm.cl\/?p=24535' aria-hidden='false' data-av_icon='\ue8fc' data-av_iconfont='entypo-fontello' title='' data-avia-related-tooltip='Compartir en LinkedIn' rel=\"noopener\"><span class='avia_hidden_link_text'>Compartir en LinkedIn<\/span><\/a><\/li><li class='av-share-link av-social-link-mail' ><a  aria-label=\"Compartir por correo\" href='mailto:?subject=Familias%20de%20Ays%C3%A9n%20se%20capacitan%20en%20t%C3%A9cnicas%20de%20preparaci%C3%B3n%20de%20alm%C3%A1cigos&#038;body=https:\/\/radiorevelacionfm.cl\/?p=24535' aria-hidden='false' data-av_icon='\ue805' data-av_iconfont='entypo-fontello' title='' data-avia-related-tooltip='Compartir por correo'><span class='avia_hidden_link_text'>Compartir por correo<\/span><\/a><\/li><\/ul><\/div><\/div>\n<div  style='height:50px' class='hr hr-invisible   avia-builder-el-8  el_after_av_social_share  el_before_av_comments_list '><span class='hr-inner ' ><span class='hr-inner-style'><\/span><\/span><\/div>\n<div  class='av-buildercomment  av-blog-meta-html-info-disabled av-blog-meta-tag-disabled  '><\/div>\n","protected":false},"excerpt":{"rendered":"","protected":false},"author":1,"featured_media":24536,"comment_status":"open","ping_status":"open","sticky":false,"template":"","format":"standard","meta":{"footnotes":""},"categories":[38],"tags":[],"class_list":["post-24535","post","type-post","status-publish","format-standard","has-post-thumbnail","hentry","category-regional"],"jetpack_featured_media_url":"https:\/\/radiorevelacionfm.cl\/wp-content\/uploads\/2022\/11\/dsc02070-1_optimized.jpg","_links":{"self":[{"href":"https:\/\/radiorevelacionfm.cl\/index.php?rest_route=\/wp\/v2\/posts\/24535","targetHints":{"allow":["GET"]}}],"collection":[{"href":"https:\/\/radiorevelacionfm.cl\/index.php?rest_route=\/wp\/v2\/posts"}],"about":[{"href":"https:\/\/radiorevelacionfm.cl\/index.php?rest_route=\/wp\/v2\/types\/post"}],"author":[{"embeddable":true,"href":"https:\/\/radiorevelacionfm.cl\/index.php?rest_route=\/wp\/v2\/users\/1"}],"replies":[{"embeddable":true,"href":"https:\/\/radiorevelacionfm.cl\/index.php?rest_route=%2Fwp%2Fv2%2Fcomments&post=24535"}],"version-history":[{"count":2,"href":"https:\/\/radiorevelacionfm.cl\/index.php?rest_route=\/wp\/v2\/posts\/24535\/revisions"}],"predecessor-version":[{"id":24611,"href":"https:\/\/radiorevelacionfm.cl\/index.php?rest_route=\/wp\/v2\/posts\/24535\/revisions\/24611"}],"wp:featuredmedia":[{"embeddable":true,"href":"https:\/\/radiorevelacionfm.cl\/index.php?rest_route=\/wp\/v2\/media\/24536"}],"wp:attachment":[{"href":"https:\/\/radiorevelacionfm.cl\/index.php?rest_route=%2Fwp%2Fv2%2Fmedia&parent=24535"}],"wp:term":[{"taxonomy":"category","embeddable":true,"href":"https:\/\/radiorevelacionfm.cl\/index.php?rest_route=%2Fwp%2Fv2%2Fcategories&post=24535"},{"taxonomy":"post_tag","embeddable":true,"href":"https:\/\/radiorevelacionfm.cl\/index.php?rest_route=%2Fwp%2Fv2%2Ftags&post=24535"}],"curies":[{"name":"wp","href":"https:\/\/api.w.org\/{rel}","templated":true}]}}