{"id":24532,"date":"2022-11-23T11:34:54","date_gmt":"2022-11-23T14:34:54","guid":{"rendered":"https:\/\/radiorevelacionfm.cl\/?p=24532"},"modified":"2022-11-23T11:34:54","modified_gmt":"2022-11-23T14:34:54","slug":"barrios-equitativos-y-sustentables-convenio-entre-el-gobierno-regional-y-el-minvu-avanza-su-ejecucion-a-paso-firme","status":"publish","type":"post","link":"https:\/\/radiorevelacionfm.cl\/?p=24532","title":{"rendered":"Barrios equitativos y sustentables: Convenio entre el Gobierno Regional y el Minvu avanza su ejecuci\u00f3n a paso firme"},"content":{"rendered":"<div class=\"flex_column av_one_full  flex_column_div av-zero-column-padding first  avia-builder-el-0  el_before_av_one_full  avia-builder-el-first  \" style='border-radius:0px; '><div  class='avia-image-container  av-styling-    avia-builder-el-1  avia-builder-el-no-sibling  avia-align-center '  itemprop=\"image\" itemscope=\"itemscope\" itemtype=\"https:\/\/schema.org\/ImageObject\"  ><div class='avia-image-container-inner'><div class='avia-image-overlay-wrap'><img decoding=\"async\" class='wp-image-24533 avia-img-lazy-loading-not-24533 avia_image' src=\"https:\/\/radiorevelacionfm.cl\/wp-content\/uploads\/2022\/11\/WhatsApp-Image-2022-11-21-at-10.28.33-AM-1-1.jpeg\" alt='' title='WhatsApp Image 2022-11-21 at 10.28.33 AM (1) (1)' height=\"600\" width=\"900\"  itemprop=\"thumbnailUrl\" srcset=\"https:\/\/radiorevelacionfm.cl\/wp-content\/uploads\/2022\/11\/WhatsApp-Image-2022-11-21-at-10.28.33-AM-1-1.jpeg 900w, https:\/\/radiorevelacionfm.cl\/wp-content\/uploads\/2022\/11\/WhatsApp-Image-2022-11-21-at-10.28.33-AM-1-1-300x200.jpeg 300w, https:\/\/radiorevelacionfm.cl\/wp-content\/uploads\/2022\/11\/WhatsApp-Image-2022-11-21-at-10.28.33-AM-1-1-768x512.jpeg 768w, https:\/\/radiorevelacionfm.cl\/wp-content\/uploads\/2022\/11\/WhatsApp-Image-2022-11-21-at-10.28.33-AM-1-1-705x470.jpeg 705w, https:\/\/radiorevelacionfm.cl\/wp-content\/uploads\/2022\/11\/WhatsApp-Image-2022-11-21-at-10.28.33-AM-1-1-600x400.jpeg 600w\" sizes=\"(max-width: 900px) 100vw, 900px\" \/><\/div><\/div><\/div><\/div><div class=\"flex_column av_one_full  flex_column_div av-zero-column-padding first  avia-builder-el-2  el_after_av_one_full  el_before_av_one_full  column-top-margin\" style='border-radius:0px; '><section class=\"av_textblock_section \"  itemscope=\"itemscope\" itemtype=\"https:\/\/schema.org\/BlogPosting\" itemprop=\"blogPost\" ><div class='avia_textblock  '   itemprop=\"text\" ><p style=\"text-align: center;\"><strong><span style=\"font-size: 18pt;\">Barrios equitativos y sustentables: Convenio entre el Gobierno Regional y el Minvu avanza su ejecuci\u00f3n a paso firme<\/span><\/strong><\/p>\n<div id=\"gtx-trans\" style=\"position: absolute; left: -50px; top: 4.31534px;\">\n<div class=\"gtx-trans-icon\"><\/div>\n<\/div>\n<\/div><\/section><\/div><div class=\"flex_column av_one_full  flex_column_div av-zero-column-padding first  avia-builder-el-4  el_after_av_one_full  el_before_av_hr  column-top-margin\" style='border-radius:0px; '><section class=\"av_textblock_section \"  itemscope=\"itemscope\" itemtype=\"https:\/\/schema.org\/BlogPosting\" itemprop=\"blogPost\" ><div class='avia_textblock  '   itemprop=\"text\" ><p dir=\"ltr\" style=\"text-align: justify;\">El Ministerio de Vivienda y Urbanismo (Minvu), a trav\u00e9s de la Seremi de la cartera, Paulina Ruz, expuso ante parte del Consejo Regional y la Gobernadora Andrea Mac\u00edas Palma, los avances del convenio program\u00e1tico denominado \u201cPor un Desarrollo de Integraci\u00f3n Social y Sustentable para la Regi\u00f3n de Ays\u00e9n en Ciudad, Barrio y Vivienda\u201d.<\/p>\n<p dir=\"ltr\" style=\"text-align: justify;\">El objetivo general de esta iniciativa es poner en valor el territorio de la Regi\u00f3n de Ays\u00e9n, mediante la construcci\u00f3n de plazas, parques, calles veredas, mejorando las soluciones habitacionales y aumentando las unidades de subsidios del Plan de Descontaminaci\u00f3n Ambiental de la regi\u00f3n, logrando un desarrollo equitativo en sus distintas comunas y facilitando a las familias m\u00e1s vulnerables el acceso a una soluci\u00f3n habitacional.<\/p>\n<p dir=\"ltr\" style=\"text-align: justify;\">\u201cEste convenio, que se firma en 2019 y que inicia su ejecuci\u00f3n en 2020, contempla una planificaci\u00f3n de cinco a\u00f1os y ya a estas alturas presenta un 45% de avance en su ejecuci\u00f3n. Ha permitido habilitar los terrenos, por ejemplo, para distintos comit\u00e9s de vivienda que durante estos a\u00f1os han avanzado con sus procesos de subsidio, pero tambi\u00e9n en mejorar la infraestructura p\u00fablica\u201d, se\u00f1al\u00f3 la Gobernadora Regional.<\/p>\n<p dir=\"ltr\" style=\"text-align: justify;\">Este programa, que significa una inversi\u00f3n total de m\u00e1s de $56 mil millones, est\u00e1 financiado en parte por el Minvu, que se comprometi\u00f3 a aportar m\u00e1s de $38 mil millones entre 2019 y 2024 (67,26%) y en parte por el Gobierno Regional, que debe aportar m\u00e1s de $18 mil millones en el mismo per\u00edodo de tiempo (32,74%).<\/p>\n<p dir=\"ltr\" style=\"text-align: justify;\">Por su parte, la seremi Paulina Ruz manifest\u00f3 que en su servicio est\u00e1n muy satisfechos con este trabajo, con una ejecuci\u00f3n que ya va a casi la mitad. \u201cDentro de los convenios que se han hecho con otras instituciones, este es el que tiene mayor avance\u201d, asegur\u00f3, destacando y felicitando la gesti\u00f3n de la Gobernadora Andrea Mac\u00edas Palma y del Consejo Regional.<\/p>\n<p dir=\"ltr\" style=\"text-align: justify;\">Entre las obras que se encuentran ya terminadas bajo este programa se cuentan plazoletas en Puerto Cisnes y mejoramientos en Cochrane, adem\u00e1s de los trabajos en v\u00edas p\u00fablicas como la calle Jorge Ibar y la calle Silva Orme\u00f1o, que eran situaciones hist\u00f3ricas. Por \u00faltimo, a\u00fan se encuentran en etapa de dise\u00f1o las faenas que se realizar\u00e1 en un tramo de la calle Alfonso Serrano.<\/p>\n<p dir=\"ltr\" style=\"text-align: justify;\">Finalmente, la Consejera Regional de la Provincia de Coyhaique, Paula Acu\u00f1a, quien asisti\u00f3 a la reuni\u00f3n acompa\u00f1ada de su colega de la Provincia de Aysen, Loreta Villegas, afirm\u00f3 que est\u00e1 \u201cmuy esperanzada de que las gestiones se puedan llevar a cabo y que el convenio pueda ser ejecutado en su cien por ciento lo m\u00e1s pronto posible\u201d.<\/p>\n<\/div><\/section><\/div><div  style='height:50px' class='hr hr-invisible   avia-builder-el-6  el_after_av_one_full  el_before_av_social_share '><span class='hr-inner ' ><span class='hr-inner-style'><\/span><\/span><\/div><\/p>\n<div  class='av-social-sharing-box  avia-builder-el-7  el_after_av_hr  el_before_av_hr  '><div class='av-share-box'><h5 class='av-share-link-description av-no-toc '>Compartir esta noticia<\/h5><ul class='av-share-box-list noLightbox'><li class='av-share-link av-social-link-facebook' ><a target=\"_blank\" aria-label=\"Compartir en Facebook\" href='https:\/\/www.facebook.com\/sharer.php?u=https:\/\/radiorevelacionfm.cl\/?p=24532&#038;t=Barrios%20equitativos%20y%20sustentables%3A%20Convenio%20entre%20el%20Gobierno%20Regional%20y%20el%20Minvu%20avanza%20su%20ejecuci%C3%B3n%20a%20paso%20firme' aria-hidden='false' data-av_icon='\ue8f3' data-av_iconfont='entypo-fontello' title='' data-avia-related-tooltip='Compartir en Facebook' rel=\"noopener\"><span class='avia_hidden_link_text'>Compartir en Facebook<\/span><\/a><\/li><li class='av-share-link av-social-link-twitter' ><a target=\"_blank\" aria-label=\"Compartir en Twitter\" href='https:\/\/twitter.com\/share?text=Barrios%20equitativos%20y%20sustentables%3A%20Convenio%20entre%20el%20Gobierno%20Regional%20y%20el%20Minvu%20avanza%20su%20ejecuci%C3%B3n%20a%20paso%20firme&#038;url=https:\/\/radiorevelacionfm.cl\/?p=24532' aria-hidden='false' data-av_icon='\ue8f1' data-av_iconfont='entypo-fontello' title='' data-avia-related-tooltip='Compartir en Twitter' rel=\"noopener\"><span class='avia_hidden_link_text'>Compartir en Twitter<\/span><\/a><\/li><li class='av-share-link av-social-link-whatsapp' ><a target=\"_blank\" aria-label=\"Compartir en Whatsapp\" href='https:\/\/api.whatsapp.com\/send?text=https:\/\/radiorevelacionfm.cl\/?p=24532' aria-hidden='false' data-av_icon='\uf232' data-av_iconfont='entypo-fontello' title='' data-avia-related-tooltip='Compartir en Whatsapp' rel=\"noopener\"><span class='avia_hidden_link_text'>Compartir en Whatsapp<\/span><\/a><\/li><li class='av-share-link av-social-link-linkedin' ><a target=\"_blank\" aria-label=\"Compartir en LinkedIn\" href='https:\/\/linkedin.com\/shareArticle?mini=true&#038;title=Barrios%20equitativos%20y%20sustentables%3A%20Convenio%20entre%20el%20Gobierno%20Regional%20y%20el%20Minvu%20avanza%20su%20ejecuci%C3%B3n%20a%20paso%20firme&#038;url=https:\/\/radiorevelacionfm.cl\/?p=24532' aria-hidden='false' data-av_icon='\ue8fc' data-av_iconfont='entypo-fontello' title='' data-avia-related-tooltip='Compartir en LinkedIn' rel=\"noopener\"><span class='avia_hidden_link_text'>Compartir en LinkedIn<\/span><\/a><\/li><li class='av-share-link av-social-link-mail' ><a  aria-label=\"Compartir por correo\" href='mailto:?subject=Barrios%20equitativos%20y%20sustentables%3A%20Convenio%20entre%20el%20Gobierno%20Regional%20y%20el%20Minvu%20avanza%20su%20ejecuci%C3%B3n%20a%20paso%20firme&#038;body=https:\/\/radiorevelacionfm.cl\/?p=24532' aria-hidden='false' data-av_icon='\ue805' data-av_iconfont='entypo-fontello' title='' data-avia-related-tooltip='Compartir por correo'><span class='avia_hidden_link_text'>Compartir por correo<\/span><\/a><\/li><\/ul><\/div><\/div>\n<div  style='height:50px' class='hr hr-invisible   avia-builder-el-8  el_after_av_social_share  el_before_av_comments_list '><span class='hr-inner ' ><span class='hr-inner-style'><\/span><\/span><\/div>\n<div  class='av-buildercomment  av-blog-meta-html-info-disabled av-blog-meta-tag-disabled  '><\/div>\n","protected":false},"excerpt":{"rendered":"","protected":false},"author":1,"featured_media":24533,"comment_status":"open","ping_status":"open","sticky":false,"template":"","format":"standard","meta":{"footnotes":""},"categories":[38],"tags":[],"class_list":["post-24532","post","type-post","status-publish","format-standard","has-post-thumbnail","hentry","category-regional"],"jetpack_featured_media_url":"https:\/\/radiorevelacionfm.cl\/wp-content\/uploads\/2022\/11\/WhatsApp-Image-2022-11-21-at-10.28.33-AM-1-1.jpeg","_links":{"self":[{"href":"https:\/\/radiorevelacionfm.cl\/index.php?rest_route=\/wp\/v2\/posts\/24532","targetHints":{"allow":["GET"]}}],"collection":[{"href":"https:\/\/radiorevelacionfm.cl\/index.php?rest_route=\/wp\/v2\/posts"}],"about":[{"href":"https:\/\/radiorevelacionfm.cl\/index.php?rest_route=\/wp\/v2\/types\/post"}],"author":[{"embeddable":true,"href":"https:\/\/radiorevelacionfm.cl\/index.php?rest_route=\/wp\/v2\/users\/1"}],"replies":[{"embeddable":true,"href":"https:\/\/radiorevelacionfm.cl\/index.php?rest_route=%2Fwp%2Fv2%2Fcomments&post=24532"}],"version-history":[{"count":2,"href":"https:\/\/radiorevelacionfm.cl\/index.php?rest_route=\/wp\/v2\/posts\/24532\/revisions"}],"predecessor-version":[{"id":24553,"href":"https:\/\/radiorevelacionfm.cl\/index.php?rest_route=\/wp\/v2\/posts\/24532\/revisions\/24553"}],"wp:featuredmedia":[{"embeddable":true,"href":"https:\/\/radiorevelacionfm.cl\/index.php?rest_route=\/wp\/v2\/media\/24533"}],"wp:attachment":[{"href":"https:\/\/radiorevelacionfm.cl\/index.php?rest_route=%2Fwp%2Fv2%2Fmedia&parent=24532"}],"wp:term":[{"taxonomy":"category","embeddable":true,"href":"https:\/\/radiorevelacionfm.cl\/index.php?rest_route=%2Fwp%2Fv2%2Fcategories&post=24532"},{"taxonomy":"post_tag","embeddable":true,"href":"https:\/\/radiorevelacionfm.cl\/index.php?rest_route=%2Fwp%2Fv2%2Ftags&post=24532"}],"curies":[{"name":"wp","href":"https:\/\/api.w.org\/{rel}","templated":true}]}}