{"id":24529,"date":"2022-11-22T20:36:23","date_gmt":"2022-11-22T23:36:23","guid":{"rendered":"https:\/\/radiorevelacionfm.cl\/?p=24529"},"modified":"2022-11-22T20:36:23","modified_gmt":"2022-11-22T23:36:23","slug":"sandoval-y-conectividad-lacustre-en-el-lago-general-carrera-tenemos-hoy-a-toda-una-comunidad-de-la-zona-sur-de-la-region-en-una-condicion-extrema-de-precariedad-que-es-inentendible","status":"publish","type":"post","link":"https:\/\/radiorevelacionfm.cl\/?p=24529","title":{"rendered":"Sandoval y conectividad lacustre en el Lago General Carrera:   \u201cTenemos hoy a toda una comunidad de la zona sur de la regi\u00f3n en una condici\u00f3n extrema de precariedad que es inentendible"},"content":{"rendered":"<div class=\"flex_column av_one_full  flex_column_div av-zero-column-padding first  avia-builder-el-0  el_before_av_one_full  avia-builder-el-first  \" style='border-radius:0px; '><div  class='avia-image-container  av-styling-    avia-builder-el-1  avia-builder-el-no-sibling  avia-align-center '  itemprop=\"image\" itemscope=\"itemscope\" itemtype=\"https:\/\/schema.org\/ImageObject\"  ><div class='avia-image-container-inner'><div class='avia-image-overlay-wrap'><img decoding=\"async\" class='wp-image-24530 avia-img-lazy-loading-not-24530 avia_image' src=\"https:\/\/radiorevelacionfm.cl\/wp-content\/uploads\/2022\/11\/senador-sandoval-15-1-1.jpg\" alt='' title='senador sandoval (15) (1) (1)' height=\"600\" width=\"900\"  itemprop=\"thumbnailUrl\" srcset=\"https:\/\/radiorevelacionfm.cl\/wp-content\/uploads\/2022\/11\/senador-sandoval-15-1-1.jpg 900w, https:\/\/radiorevelacionfm.cl\/wp-content\/uploads\/2022\/11\/senador-sandoval-15-1-1-300x200.jpg 300w, https:\/\/radiorevelacionfm.cl\/wp-content\/uploads\/2022\/11\/senador-sandoval-15-1-1-768x512.jpg 768w, https:\/\/radiorevelacionfm.cl\/wp-content\/uploads\/2022\/11\/senador-sandoval-15-1-1-705x470.jpg 705w, https:\/\/radiorevelacionfm.cl\/wp-content\/uploads\/2022\/11\/senador-sandoval-15-1-1-600x400.jpg 600w\" sizes=\"(max-width: 900px) 100vw, 900px\" \/><\/div><\/div><\/div><\/div><div class=\"flex_column av_one_full  flex_column_div av-zero-column-padding first  avia-builder-el-2  el_after_av_one_full  el_before_av_one_full  column-top-margin\" style='border-radius:0px; '><section class=\"av_textblock_section \"  itemscope=\"itemscope\" itemtype=\"https:\/\/schema.org\/BlogPosting\" itemprop=\"blogPost\" ><div class='avia_textblock  '   itemprop=\"text\" ><p style=\"text-align: center;\"><span style=\"font-size: 18pt;\"><strong>Sandoval y conectividad lacustre en el Lago General Carrera:\u00a0<\/strong><strong> \u201cTenemos hoy a toda una comunidad de la zona sur de la regi\u00f3n en una condici\u00f3n extrema de precariedad que es inentendible<\/strong><\/span><\/p>\n<div id=\"gtx-trans\" style=\"position: absolute; left: -50px; top: 4.31534px;\">\n<div class=\"gtx-trans-icon\"><\/div>\n<\/div>\n<\/div><\/section><\/div><div class=\"flex_column av_one_full  flex_column_div av-zero-column-padding first  avia-builder-el-4  el_after_av_one_full  el_before_av_hr  column-top-margin\" style='border-radius:0px; '><section class=\"av_textblock_section \"  itemscope=\"itemscope\" itemtype=\"https:\/\/schema.org\/BlogPosting\" itemprop=\"blogPost\" ><div class='avia_textblock  '   itemprop=\"text\" ><p style=\"text-align: justify;\">\u201cEl gobierno ya lleva 7 meses y debe empezar a asumir las culpas de las cosas que no estamos haciendo con la prioridad y oportunidad que se necesita\u201d. Con estas palabras, el senador David Sandoval se refiri\u00f3 a las precarias condiciones en las que se sigue movilizando la comunidad de Chile Chico, ante la ausencia de fondo en materia de conectividad lacustre.<\/p>\n<p style=\"text-align: justify;\">Esto, en el marco de la discusi\u00f3n del Presupuesto 2023, cuyo debate, discusi\u00f3n y votaci\u00f3n de partidas, se inici\u00f3 este martes, oportunidad en que Sandoval se refiri\u00f3 a este tema. \u201cHace un tiempo dije que a este Gobierno no le podemos cargar la responsabilidad de este tema porque ven\u00eda asumiendo, pero no podemos tener a toda una comunidad en esas condiciones precarias de aislamiento\u201d, indic\u00f3.<\/p>\n<p style=\"text-align: justify;\">El parlamentario tambi\u00e9n se refiri\u00f3 a las palabras de la concejala de la comuna de Chile Chico, Angela Valdebenito, quien en los \u00faltimos d\u00edas dijo <em>\u201cbasta de mentirnos en temas de conectividad\u201d<\/em>, lo cual fue respaldado por el legislador en el sentido de que \u201chay que ponerse en ese lado de la moneda, para entender lo que significa esa precariedad\u201d.<\/p>\n<p style=\"text-align: justify;\">En esa l\u00ednea, Sandoval se refiri\u00f3 las alternativas que se han implementado en la zona, pero que no han sido la soluci\u00f3n que se necesita, recordando episodios como el de una avioneta que termin\u00f3 aterrizando sin su tren aterrizaje o los problemas de las barcazas alternativas a La Tehuelche. \u201cEl grado de verg\u00fcenza para seguir en estas condiciones de precariedad, deben ameritar profundas acciones\u201d, recalc\u00f3.<\/p>\n<p style=\"text-align: justify;\">\u201cLo \u00fanico que pido es que las autoridades actuales hagan todas las acciones pertinentes, exijan todas las responsabilidades administrativas por quienes omitieron sus fallas en el pasado, porque gracias a esas omisiones tenemos hoy a toda una comunidad en una condici\u00f3n extrema de precariedad que es inentendible\u201d, subray\u00f3 el legislador.<\/p>\n<p style=\"text-align: justify;\"><strong>Presupuesto 2023<\/strong><\/p>\n<p style=\"text-align: justify;\"><strong>\u00a0\u00a0\u00a0\u00a0\u00a0\u00a0\u00a0\u00a0\u00a0\u00a0\u00a0 <\/strong>En otro de los temas planteados durante la jornada por el senador Sandoval, est\u00e1n la conectividad de la ruta 7, la que insisti\u00f3 \u201cdebe ser un compromiso de Estado\u201d, solicitando adem\u00e1s compromisos para asumir los desaf\u00edos que implican el desarrollo de la agricultura familiar campesina y la pesca artesanal.<\/p>\n<p style=\"text-align: justify;\">\u00a0\u00a0\u00a0\u00a0\u00a0\u00a0\u00a0\u00a0\u00a0\u00a0\u00a0 Finalmente, tambi\u00e9n manifest\u00f3 su preocupaci\u00f3n por la tasa de deserci\u00f3n y ausentismo escolar, pidiendo m\u00e1s proactividad al Mineduc en esta materia, valorando, por otro lado, la disposici\u00f3n para promover una mayor eficiencia en la inversi\u00f3n y el gasto p\u00fablico.<\/p>\n<\/div><\/section><\/div><div  style='height:50px' class='hr hr-invisible   avia-builder-el-6  el_after_av_one_full  el_before_av_social_share '><span class='hr-inner ' ><span class='hr-inner-style'><\/span><\/span><\/div><\/p>\n<div  class='av-social-sharing-box  avia-builder-el-7  el_after_av_hr  el_before_av_hr  '><div class='av-share-box'><h5 class='av-share-link-description av-no-toc '>Compartir esta noticia<\/h5><ul class='av-share-box-list noLightbox'><li class='av-share-link av-social-link-facebook' ><a target=\"_blank\" aria-label=\"Compartir en Facebook\" href='https:\/\/www.facebook.com\/sharer.php?u=https:\/\/radiorevelacionfm.cl\/?p=24529&#038;t=Sandoval%20y%20conectividad%20lacustre%20en%20el%20Lago%20General%20Carrera%3A%20%20%20%E2%80%9CTenemos%20hoy%20a%20toda%20una%20comunidad%20de%20la%20zona%20sur%20de%20la%20regi%C3%B3n%20en%20una%20condici%C3%B3n%20extrema%20de%20precariedad%20que%20es%20inentendible' aria-hidden='false' data-av_icon='\ue8f3' data-av_iconfont='entypo-fontello' title='' data-avia-related-tooltip='Compartir en Facebook' rel=\"noopener\"><span class='avia_hidden_link_text'>Compartir en Facebook<\/span><\/a><\/li><li class='av-share-link av-social-link-twitter' ><a target=\"_blank\" aria-label=\"Compartir en Twitter\" href='https:\/\/twitter.com\/share?text=Sandoval%20y%20conectividad%20lacustre%20en%20el%20Lago%20General%20Carrera%3A%20%20%20%E2%80%9CTenemos%20hoy%20a%20toda%20una%20comunidad%20de%20la%20zona%20sur%20de%20la%20regi%C3%B3n%20en%20una%20condici%C3%B3n%20extrema%20de%20precariedad%20que%20es%20inentendible&#038;url=https:\/\/radiorevelacionfm.cl\/?p=24529' aria-hidden='false' data-av_icon='\ue8f1' data-av_iconfont='entypo-fontello' title='' data-avia-related-tooltip='Compartir en Twitter' rel=\"noopener\"><span class='avia_hidden_link_text'>Compartir en Twitter<\/span><\/a><\/li><li class='av-share-link av-social-link-whatsapp' ><a target=\"_blank\" aria-label=\"Compartir en Whatsapp\" href='https:\/\/api.whatsapp.com\/send?text=https:\/\/radiorevelacionfm.cl\/?p=24529' aria-hidden='false' data-av_icon='\uf232' data-av_iconfont='entypo-fontello' title='' data-avia-related-tooltip='Compartir en Whatsapp' rel=\"noopener\"><span class='avia_hidden_link_text'>Compartir en Whatsapp<\/span><\/a><\/li><li class='av-share-link av-social-link-linkedin' ><a target=\"_blank\" aria-label=\"Compartir en LinkedIn\" href='https:\/\/linkedin.com\/shareArticle?mini=true&#038;title=Sandoval%20y%20conectividad%20lacustre%20en%20el%20Lago%20General%20Carrera%3A%20%20%20%E2%80%9CTenemos%20hoy%20a%20toda%20una%20comunidad%20de%20la%20zona%20sur%20de%20la%20regi%C3%B3n%20en%20una%20condici%C3%B3n%20extrema%20de%20precariedad%20que%20es%20inentendible&#038;url=https:\/\/radiorevelacionfm.cl\/?p=24529' aria-hidden='false' data-av_icon='\ue8fc' data-av_iconfont='entypo-fontello' title='' data-avia-related-tooltip='Compartir en LinkedIn' rel=\"noopener\"><span class='avia_hidden_link_text'>Compartir en LinkedIn<\/span><\/a><\/li><li class='av-share-link av-social-link-mail' ><a  aria-label=\"Compartir por correo\" href='mailto:?subject=Sandoval%20y%20conectividad%20lacustre%20en%20el%20Lago%20General%20Carrera%3A%20%20%20%E2%80%9CTenemos%20hoy%20a%20toda%20una%20comunidad%20de%20la%20zona%20sur%20de%20la%20regi%C3%B3n%20en%20una%20condici%C3%B3n%20extrema%20de%20precariedad%20que%20es%20inentendible&#038;body=https:\/\/radiorevelacionfm.cl\/?p=24529' aria-hidden='false' data-av_icon='\ue805' data-av_iconfont='entypo-fontello' title='' data-avia-related-tooltip='Compartir por correo'><span class='avia_hidden_link_text'>Compartir por correo<\/span><\/a><\/li><\/ul><\/div><\/div>\n<div  style='height:50px' class='hr hr-invisible   avia-builder-el-8  el_after_av_social_share  el_before_av_comments_list '><span class='hr-inner ' ><span class='hr-inner-style'><\/span><\/span><\/div>\n<div  class='av-buildercomment  av-blog-meta-html-info-disabled av-blog-meta-tag-disabled  '><\/div>\n","protected":false},"excerpt":{"rendered":"","protected":false},"author":1,"featured_media":24530,"comment_status":"open","ping_status":"open","sticky":false,"template":"","format":"standard","meta":{"footnotes":""},"categories":[35],"tags":[],"class_list":["post-24529","post","type-post","status-publish","format-standard","has-post-thumbnail","hentry","category-politica"],"jetpack_featured_media_url":"https:\/\/radiorevelacionfm.cl\/wp-content\/uploads\/2022\/11\/senador-sandoval-15-1-1.jpg","_links":{"self":[{"href":"https:\/\/radiorevelacionfm.cl\/index.php?rest_route=\/wp\/v2\/posts\/24529","targetHints":{"allow":["GET"]}}],"collection":[{"href":"https:\/\/radiorevelacionfm.cl\/index.php?rest_route=\/wp\/v2\/posts"}],"about":[{"href":"https:\/\/radiorevelacionfm.cl\/index.php?rest_route=\/wp\/v2\/types\/post"}],"author":[{"embeddable":true,"href":"https:\/\/radiorevelacionfm.cl\/index.php?rest_route=\/wp\/v2\/users\/1"}],"replies":[{"embeddable":true,"href":"https:\/\/radiorevelacionfm.cl\/index.php?rest_route=%2Fwp%2Fv2%2Fcomments&post=24529"}],"version-history":[{"count":2,"href":"https:\/\/radiorevelacionfm.cl\/index.php?rest_route=\/wp\/v2\/posts\/24529\/revisions"}],"predecessor-version":[{"id":24538,"href":"https:\/\/radiorevelacionfm.cl\/index.php?rest_route=\/wp\/v2\/posts\/24529\/revisions\/24538"}],"wp:featuredmedia":[{"embeddable":true,"href":"https:\/\/radiorevelacionfm.cl\/index.php?rest_route=\/wp\/v2\/media\/24530"}],"wp:attachment":[{"href":"https:\/\/radiorevelacionfm.cl\/index.php?rest_route=%2Fwp%2Fv2%2Fmedia&parent=24529"}],"wp:term":[{"taxonomy":"category","embeddable":true,"href":"https:\/\/radiorevelacionfm.cl\/index.php?rest_route=%2Fwp%2Fv2%2Fcategories&post=24529"},{"taxonomy":"post_tag","embeddable":true,"href":"https:\/\/radiorevelacionfm.cl\/index.php?rest_route=%2Fwp%2Fv2%2Ftags&post=24529"}],"curies":[{"name":"wp","href":"https:\/\/api.w.org\/{rel}","templated":true}]}}