{"id":24525,"date":"2022-11-22T18:57:29","date_gmt":"2022-11-22T21:57:29","guid":{"rendered":"https:\/\/radiorevelacionfm.cl\/?p=24525"},"modified":"2022-11-22T18:57:29","modified_gmt":"2022-11-22T21:57:29","slug":"sag-aysen-inicio-instalacion-de-trampas-para-monitorear-plagas-frutales","status":"publish","type":"post","link":"https:\/\/radiorevelacionfm.cl\/?p=24525","title":{"rendered":"SAG Ays\u00e9n inici\u00f3 instalaci\u00f3n de trampas para monitorear plagas frutales"},"content":{"rendered":"<div class=\"flex_column av_one_full  flex_column_div av-zero-column-padding first  avia-builder-el-0  el_before_av_one_full  avia-builder-el-first  \" style='border-radius:0px; '><div  class='avia-image-container  av-styling-    avia-builder-el-1  avia-builder-el-no-sibling  avia-align-center '  itemprop=\"image\" itemscope=\"itemscope\" itemtype=\"https:\/\/schema.org\/ImageObject\"  ><div class='avia-image-container-inner'><div class='avia-image-overlay-wrap'><img decoding=\"async\" class='wp-image-24526 avia-img-lazy-loading-not-24526 avia_image' src=\"https:\/\/radiorevelacionfm.cl\/wp-content\/uploads\/2022\/11\/foto-1-1-3-1-1.jpg\" alt='' title='foto 1 (1) (3) (1) (1)' height=\"600\" width=\"761\"  itemprop=\"thumbnailUrl\" srcset=\"https:\/\/radiorevelacionfm.cl\/wp-content\/uploads\/2022\/11\/foto-1-1-3-1-1.jpg 761w, https:\/\/radiorevelacionfm.cl\/wp-content\/uploads\/2022\/11\/foto-1-1-3-1-1-300x237.jpg 300w, https:\/\/radiorevelacionfm.cl\/wp-content\/uploads\/2022\/11\/foto-1-1-3-1-1-705x556.jpg 705w, https:\/\/radiorevelacionfm.cl\/wp-content\/uploads\/2022\/11\/foto-1-1-3-1-1-600x473.jpg 600w\" sizes=\"(max-width: 761px) 100vw, 761px\" \/><\/div><\/div><\/div><\/div><div class=\"flex_column av_one_full  flex_column_div av-zero-column-padding first  avia-builder-el-2  el_after_av_one_full  el_before_av_one_full  column-top-margin\" style='border-radius:0px; '><section class=\"av_textblock_section \"  itemscope=\"itemscope\" itemtype=\"https:\/\/schema.org\/BlogPosting\" itemprop=\"blogPost\" ><div class='avia_textblock  '   itemprop=\"text\" ><p style=\"text-align: center;\"><span style=\"font-size: 18pt;\"><strong>SAG Ays\u00e9n inici\u00f3 instalaci\u00f3n de trampas para monitorear plagas frutales<\/strong><\/span><\/p>\n<div id=\"gtx-trans\" style=\"position: absolute; left: -50px; top: 4.31534px;\">\n<div class=\"gtx-trans-icon\"><\/div>\n<\/div>\n<\/div><\/section><\/div><div class=\"flex_column av_one_full  flex_column_div av-zero-column-padding first  avia-builder-el-4  el_after_av_one_full  el_before_av_hr  column-top-margin\" style='border-radius:0px; '><section class=\"av_textblock_section \"  itemscope=\"itemscope\" itemtype=\"https:\/\/schema.org\/BlogPosting\" itemprop=\"blogPost\" ><div class='avia_textblock  '   itemprop=\"text\" ><p style=\"text-align: justify;\">El Servicio Agr\u00edcola y Ganadero, realiz\u00f3 instalaci\u00f3n de trampas para el monitoreo de la polilla del racimo de la vid,\u00a0\u201c<em>Lobesia botrana\u201d<\/em>, en las comunas de Coyhaique, Chile Chico y Puerto Ays\u00e9n.<\/p>\n<p style=\"text-align: justify;\">\u201cEsta instalaci\u00f3n de trampas para vigilancia sanitaria, se realiza todos los a\u00f1os, en el marco del Programa de Control Oficial de\u00a0<em>Lobesia botrana, <\/em>que tiene como objetivo la detecci\u00f3n oportuna para realizar la erradicaci\u00f3n o contenci\u00f3n de la plaga\u201d indic\u00f3 Valeria Carrasco S\u00e1ez, directora regional (s) del SAG.<\/p>\n<p style=\"text-align: justify;\">\u201cA fines del a\u00f1o 2021 se detect\u00f3 presencia de la plaga en el radio urbano de la ciudad de Coyhaique, oportunidad donde se instalaron como medida de control 27.500 difusores de confusi\u00f3n sexual, para evitar la propagaci\u00f3n de la plaga, la cual dio resultado positivo ya que no se han detectado nuevos ejemplares del insecto. En este momento a nivel regional hay 123 trampas en lugares de alta probabilidad de ingreso de la plaga, con el objetivo de mantener monitoreo constante\u201d indic\u00f3 Milixsa Gonz\u00e1lez Aravena, Profesional Sectorial Agr\u00edcola.<\/p>\n<p style=\"text-align: justify;\"><strong><u>Polilla del racimo de la vid <\/u><\/strong><\/p>\n<p style=\"text-align: justify;\">La polilla del racimo de la vid es originaria de Europa, que da\u00f1a preferentemente a la especie vid y su larva provoca un da\u00f1o directo al alimentarse de los racimos, produci\u00e9ndose una descomposici\u00f3n y deshidrataci\u00f3n de las bayas, situaci\u00f3n que hace disminuir los rendimientos de las vi\u00f1as y parronales, existen otros frutales como cerezos, frambuesos y ar\u00e1ndanos que se ven afectados.<\/p>\n<p style=\"text-align: justify;\">El sistema de trampeo que se utiliza para este monitoreo consiste en la instalaci\u00f3n de trampas tipo delta con feromonas sexuales sint\u00e9ticas id\u00e9nticas a las producidas por las hembras del insecto, para la atracci\u00f3n de ejemplares machos. Esta detecci\u00f3n temprana permite aplicar las medidas fitosanitarias de manera oportuna.<\/p>\n<p style=\"text-align: justify;\">\u201cEs importante se\u00f1alar que estos dispositivos (emisores) no presentan riesgos para la salud de personas y animales dom\u00e9sticos, no produce efectos secundarios negativos debido a su especificidad, sensibilidad y nula toxicidad, no contamina el medio ambiente, no deja residuos en la fruta, por lo tanto, es una herramienta de control absolutamente inocua para la comunidad\u201d indic\u00f3 Valeria Carrasco<\/p>\n<p style=\"text-align: justify;\">Finalmente, desde la seremi de agricultura, se realiza un llamado a la comunidad que cuide y no destruyan las trampas instaladas para monitoreo, ya que cumplen un rol fundamental en la protecci\u00f3n de frutales y permite mantener el estatus sanitario de la regi\u00f3n de Ays\u00e9n.<\/p>\n<\/div><\/section><\/div><div  style='height:50px' class='hr hr-invisible   avia-builder-el-6  el_after_av_one_full  el_before_av_social_share '><span class='hr-inner ' ><span class='hr-inner-style'><\/span><\/span><\/div><\/p>\n<div  class='av-social-sharing-box  avia-builder-el-7  el_after_av_hr  el_before_av_hr  '><div class='av-share-box'><h5 class='av-share-link-description av-no-toc '>Compartir esta noticia<\/h5><ul class='av-share-box-list noLightbox'><li class='av-share-link av-social-link-facebook' ><a target=\"_blank\" aria-label=\"Compartir en Facebook\" href='https:\/\/www.facebook.com\/sharer.php?u=https:\/\/radiorevelacionfm.cl\/?p=24525&#038;t=SAG%20Ays%C3%A9n%20inici%C3%B3%20instalaci%C3%B3n%20de%20trampas%20para%20monitorear%20plagas%20frutales' aria-hidden='false' data-av_icon='\ue8f3' data-av_iconfont='entypo-fontello' title='' data-avia-related-tooltip='Compartir en Facebook' rel=\"noopener\"><span class='avia_hidden_link_text'>Compartir en Facebook<\/span><\/a><\/li><li class='av-share-link av-social-link-twitter' ><a target=\"_blank\" aria-label=\"Compartir en Twitter\" href='https:\/\/twitter.com\/share?text=SAG%20Ays%C3%A9n%20inici%C3%B3%20instalaci%C3%B3n%20de%20trampas%20para%20monitorear%20plagas%20frutales&#038;url=https:\/\/radiorevelacionfm.cl\/?p=24525' aria-hidden='false' data-av_icon='\ue8f1' data-av_iconfont='entypo-fontello' title='' data-avia-related-tooltip='Compartir en Twitter' rel=\"noopener\"><span class='avia_hidden_link_text'>Compartir en Twitter<\/span><\/a><\/li><li class='av-share-link av-social-link-whatsapp' ><a target=\"_blank\" aria-label=\"Compartir en Whatsapp\" href='https:\/\/api.whatsapp.com\/send?text=https:\/\/radiorevelacionfm.cl\/?p=24525' aria-hidden='false' data-av_icon='\uf232' data-av_iconfont='entypo-fontello' title='' data-avia-related-tooltip='Compartir en Whatsapp' rel=\"noopener\"><span class='avia_hidden_link_text'>Compartir en Whatsapp<\/span><\/a><\/li><li class='av-share-link av-social-link-linkedin' ><a target=\"_blank\" aria-label=\"Compartir en LinkedIn\" href='https:\/\/linkedin.com\/shareArticle?mini=true&#038;title=SAG%20Ays%C3%A9n%20inici%C3%B3%20instalaci%C3%B3n%20de%20trampas%20para%20monitorear%20plagas%20frutales&#038;url=https:\/\/radiorevelacionfm.cl\/?p=24525' aria-hidden='false' data-av_icon='\ue8fc' data-av_iconfont='entypo-fontello' title='' data-avia-related-tooltip='Compartir en LinkedIn' rel=\"noopener\"><span class='avia_hidden_link_text'>Compartir en LinkedIn<\/span><\/a><\/li><li class='av-share-link av-social-link-mail' ><a  aria-label=\"Compartir por correo\" href='mailto:?subject=SAG%20Ays%C3%A9n%20inici%C3%B3%20instalaci%C3%B3n%20de%20trampas%20para%20monitorear%20plagas%20frutales&#038;body=https:\/\/radiorevelacionfm.cl\/?p=24525' aria-hidden='false' data-av_icon='\ue805' data-av_iconfont='entypo-fontello' title='' data-avia-related-tooltip='Compartir por correo'><span class='avia_hidden_link_text'>Compartir por correo<\/span><\/a><\/li><\/ul><\/div><\/div>\n<div  style='height:50px' class='hr hr-invisible   avia-builder-el-8  el_after_av_social_share  el_before_av_comments_list '><span class='hr-inner ' ><span class='hr-inner-style'><\/span><\/span><\/div>\n<div  class='av-buildercomment  av-blog-meta-html-info-disabled av-blog-meta-tag-disabled  '><\/div>\n","protected":false},"excerpt":{"rendered":"","protected":false},"author":1,"featured_media":24526,"comment_status":"open","ping_status":"open","sticky":false,"template":"","format":"standard","meta":{"footnotes":""},"categories":[38],"tags":[],"class_list":["post-24525","post","type-post","status-publish","format-standard","has-post-thumbnail","hentry","category-regional"],"jetpack_featured_media_url":"https:\/\/radiorevelacionfm.cl\/wp-content\/uploads\/2022\/11\/foto-1-1-3-1-1.jpg","_links":{"self":[{"href":"https:\/\/radiorevelacionfm.cl\/index.php?rest_route=\/wp\/v2\/posts\/24525","targetHints":{"allow":["GET"]}}],"collection":[{"href":"https:\/\/radiorevelacionfm.cl\/index.php?rest_route=\/wp\/v2\/posts"}],"about":[{"href":"https:\/\/radiorevelacionfm.cl\/index.php?rest_route=\/wp\/v2\/types\/post"}],"author":[{"embeddable":true,"href":"https:\/\/radiorevelacionfm.cl\/index.php?rest_route=\/wp\/v2\/users\/1"}],"replies":[{"embeddable":true,"href":"https:\/\/radiorevelacionfm.cl\/index.php?rest_route=%2Fwp%2Fv2%2Fcomments&post=24525"}],"version-history":[{"count":2,"href":"https:\/\/radiorevelacionfm.cl\/index.php?rest_route=\/wp\/v2\/posts\/24525\/revisions"}],"predecessor-version":[{"id":24528,"href":"https:\/\/radiorevelacionfm.cl\/index.php?rest_route=\/wp\/v2\/posts\/24525\/revisions\/24528"}],"wp:featuredmedia":[{"embeddable":true,"href":"https:\/\/radiorevelacionfm.cl\/index.php?rest_route=\/wp\/v2\/media\/24526"}],"wp:attachment":[{"href":"https:\/\/radiorevelacionfm.cl\/index.php?rest_route=%2Fwp%2Fv2%2Fmedia&parent=24525"}],"wp:term":[{"taxonomy":"category","embeddable":true,"href":"https:\/\/radiorevelacionfm.cl\/index.php?rest_route=%2Fwp%2Fv2%2Fcategories&post=24525"},{"taxonomy":"post_tag","embeddable":true,"href":"https:\/\/radiorevelacionfm.cl\/index.php?rest_route=%2Fwp%2Fv2%2Ftags&post=24525"}],"curies":[{"name":"wp","href":"https:\/\/api.w.org\/{rel}","templated":true}]}}