{"id":24521,"date":"2022-11-22T18:38:17","date_gmt":"2022-11-22T21:38:17","guid":{"rendered":"https:\/\/radiorevelacionfm.cl\/?p=24521"},"modified":"2022-11-22T18:38:17","modified_gmt":"2022-11-22T21:38:17","slug":"sesiones-en-la-ruta-del-acordeon-patrimonio-y-tradiciones-desde-la-mirada-de-ninas-ninos-y-adolescentes","status":"publish","type":"post","link":"https:\/\/radiorevelacionfm.cl\/?p=24521","title":{"rendered":"Sesiones en La Ruta del Acorde\u00f3n: Patrimonio y tradiciones desde la mirada de ni\u00f1as, ni\u00f1os y adolescentes"},"content":{"rendered":"<div class=\"flex_column av_one_full  flex_column_div av-zero-column-padding first  avia-builder-el-0  el_before_av_one_full  avia-builder-el-first  \" style='border-radius:0px; '><div  class='avia-image-container  av-styling-    avia-builder-el-1  avia-builder-el-no-sibling  avia-align-center '  itemprop=\"image\" itemscope=\"itemscope\" itemtype=\"https:\/\/schema.org\/ImageObject\"  ><div class='avia-image-container-inner'><div class='avia-image-overlay-wrap'><img decoding=\"async\" class='wp-image-24522 avia-img-lazy-loading-not-24522 avia_image' src=\"https:\/\/radiorevelacionfm.cl\/wp-content\/uploads\/2022\/11\/la-ruta-del-acordeon-02-1_optimized.jpg\" alt='' title='la-ruta-del-acordeon-02-(1)_optimized' height=\"600\" width=\"1067\"  itemprop=\"thumbnailUrl\" srcset=\"https:\/\/radiorevelacionfm.cl\/wp-content\/uploads\/2022\/11\/la-ruta-del-acordeon-02-1_optimized.jpg 1067w, https:\/\/radiorevelacionfm.cl\/wp-content\/uploads\/2022\/11\/la-ruta-del-acordeon-02-1_optimized-300x169.jpg 300w, https:\/\/radiorevelacionfm.cl\/wp-content\/uploads\/2022\/11\/la-ruta-del-acordeon-02-1_optimized-1030x579.jpg 1030w, https:\/\/radiorevelacionfm.cl\/wp-content\/uploads\/2022\/11\/la-ruta-del-acordeon-02-1_optimized-768x432.jpg 768w, https:\/\/radiorevelacionfm.cl\/wp-content\/uploads\/2022\/11\/la-ruta-del-acordeon-02-1_optimized-705x396.jpg 705w, https:\/\/radiorevelacionfm.cl\/wp-content\/uploads\/2022\/11\/la-ruta-del-acordeon-02-1_optimized-600x337.jpg 600w\" sizes=\"(max-width: 1067px) 100vw, 1067px\" \/><\/div><\/div><\/div><\/div><div class=\"flex_column av_one_full  flex_column_div av-zero-column-padding first  avia-builder-el-2  el_after_av_one_full  el_before_av_one_full  column-top-margin\" style='border-radius:0px; '><section class=\"av_textblock_section \"  itemscope=\"itemscope\" itemtype=\"https:\/\/schema.org\/BlogPosting\" itemprop=\"blogPost\" ><div class='avia_textblock  '   itemprop=\"text\" ><p style=\"text-align: center;\"><span style=\"font-size: 18pt;\"><b>Sesiones en La Ruta del Acorde\u00f3n: Patrimonio y tradiciones\u00a0<\/b><b>desde la mirada de ni\u00f1as, ni\u00f1os y adolescentes<\/b><\/span><\/p>\n<div id=\"gtx-trans\" style=\"position: absolute; left: -50px; top: 4.31534px;\">\n<div class=\"gtx-trans-icon\"><\/div>\n<\/div>\n<\/div><\/section><\/div><div class=\"flex_column av_one_full  flex_column_div av-zero-column-padding first  avia-builder-el-4  el_after_av_one_full  el_before_av_hr  column-top-margin\" style='border-radius:0px; '><section class=\"av_textblock_section \"  itemscope=\"itemscope\" itemtype=\"https:\/\/schema.org\/BlogPosting\" itemprop=\"blogPost\" ><div class='avia_textblock  '   itemprop=\"text\" ><p style=\"text-align: justify;\">El viernes 25 de noviembre a las 11:45 horas, Darwin P\u00e9rez, estudiante reci\u00e9n egresado del Liceo Bicentenario Insular de Achao, conversar\u00e1 con alumnas y alumnos del Liceo Josefina Aguirre Montenegro de Coyhaique, quienes lo estar\u00e1n esperando con c\u00e1mara y micr\u00f3fono encendido para hablar con \u00e9l sobre tradiciones, m\u00fasica y acorde\u00f3n.<\/p>\n<p style=\"text-align: justify;\">Darwin se acerc\u00f3 al acorde\u00f3n en su escuela, gracias a los profesores de m\u00fasica que lo incentivaron a aprender a tocar este instrumento. Hace cuatro a\u00f1os particip\u00f3 como entrevistado en la\u00a0serie documental\u00a0<strong>Viento Acorde<\/strong>, donde demostr\u00f3 su habilidad para tocar el acorde\u00f3n y lo importante que es contar con el apoyo de la familia y de la escuela para poder desarrollarse en la m\u00fasica desde temprana edad.<\/p>\n<p style=\"text-align: justify;\">Respecto a su participaci\u00f3n en esta actividad, Darwin se\u00f1al\u00f3: \u201cPienso que el folclor se ha ido perdiendo a medida que pasan los a\u00f1os, por eso es importante que los ni\u00f1os y ni\u00f1as muestren un inter\u00e9s en saber y aprender la m\u00fasica, espec\u00edficamente en el acorde\u00f3n, por eso considero que es importante participar en instancias como estas, ya que ayuda a que los ni\u00f1os y ni\u00f1as aprendan m\u00e1s de lo que fue la m\u00fasica hace ya muchos a\u00f1os y como ha ido evolucionado con el tiempo\u201d.<\/p>\n<p style=\"text-align: justify;\">Esta es una nueva actividad de mediaci\u00f3n que el proyecto La Ruta del Acorde\u00f3n desarrollar\u00e1 con la comunidad educativa y con ella busca despertar en las y los estudiantes el inter\u00e9s por la cultura y sus diversas manifestaciones.<\/p>\n<p>La jefa de la Unidad T\u00e9cnico Pedag\u00f3gica del Liceo Josefina Aguirre Montenegro de Coyhaique, Martina Caroca Astorga, coment\u00f3 respecto a sus expectativas de la actividad: \u201cMe gustar\u00eda que los y las estudiantes valoraran el talento de sus pares y logren entusiasmarse para que nuestras tradiciones persistan, tambi\u00e9n me gustar\u00eda que fuera un momento entretenido donde disfruten y puedan valorar y reflexionar sobre la m\u00fasica y todo lo que conlleva. El compartir con ni\u00f1os de otra regi\u00f3n sin duda es enriquecedor\u201d.<\/p>\n<p style=\"text-align: justify;\">Cabe destacar que todas las actividades que realiza La Ruta del Acorde\u00f3n se difunden a trav\u00e9s de sus redes sociales en Facebook, Instagram y TikTok. Adem\u00e1s, todo el contenido desarrollado por el proyecto se puede encontrar en<a href=\"http:\/\/www.larutadelacordeon.cl\/\" data-saferedirecturl=\"https:\/\/www.google.com\/url?q=http:\/\/www.larutadelacordeon.cl\/&amp;source=gmail&amp;ust=1669232949939000&amp;usg=AOvVaw17dr6OFnwAk3oGY-BR_o2N\">\u00a0www.larutadelacordeon.cl<\/a>.<\/p>\n<\/div><\/section><\/div><div  style='height:50px' class='hr hr-invisible   avia-builder-el-6  el_after_av_one_full  el_before_av_social_share '><span class='hr-inner ' ><span class='hr-inner-style'><\/span><\/span><\/div><\/p>\n<div  class='av-social-sharing-box  avia-builder-el-7  el_after_av_hr  el_before_av_hr  '><div class='av-share-box'><h5 class='av-share-link-description av-no-toc '>Compartir esta noticia<\/h5><ul class='av-share-box-list noLightbox'><li class='av-share-link av-social-link-facebook' ><a target=\"_blank\" aria-label=\"Compartir en Facebook\" href='https:\/\/www.facebook.com\/sharer.php?u=https:\/\/radiorevelacionfm.cl\/?p=24521&#038;t=Sesiones%20en%20La%20Ruta%20del%20Acorde%C3%B3n%3A%20Patrimonio%20y%20tradiciones%20desde%20la%20mirada%20de%20ni%C3%B1as%2C%20ni%C3%B1os%20y%20adolescentes' aria-hidden='false' data-av_icon='\ue8f3' data-av_iconfont='entypo-fontello' title='' data-avia-related-tooltip='Compartir en Facebook' rel=\"noopener\"><span class='avia_hidden_link_text'>Compartir en Facebook<\/span><\/a><\/li><li class='av-share-link av-social-link-twitter' ><a target=\"_blank\" aria-label=\"Compartir en Twitter\" href='https:\/\/twitter.com\/share?text=Sesiones%20en%20La%20Ruta%20del%20Acorde%C3%B3n%3A%20Patrimonio%20y%20tradiciones%20desde%20la%20mirada%20de%20ni%C3%B1as%2C%20ni%C3%B1os%20y%20adolescentes&#038;url=https:\/\/radiorevelacionfm.cl\/?p=24521' aria-hidden='false' data-av_icon='\ue8f1' data-av_iconfont='entypo-fontello' title='' data-avia-related-tooltip='Compartir en Twitter' rel=\"noopener\"><span class='avia_hidden_link_text'>Compartir en Twitter<\/span><\/a><\/li><li class='av-share-link av-social-link-whatsapp' ><a target=\"_blank\" aria-label=\"Compartir en Whatsapp\" href='https:\/\/api.whatsapp.com\/send?text=https:\/\/radiorevelacionfm.cl\/?p=24521' aria-hidden='false' data-av_icon='\uf232' data-av_iconfont='entypo-fontello' title='' data-avia-related-tooltip='Compartir en Whatsapp' rel=\"noopener\"><span class='avia_hidden_link_text'>Compartir en Whatsapp<\/span><\/a><\/li><li class='av-share-link av-social-link-linkedin' ><a target=\"_blank\" aria-label=\"Compartir en LinkedIn\" href='https:\/\/linkedin.com\/shareArticle?mini=true&#038;title=Sesiones%20en%20La%20Ruta%20del%20Acorde%C3%B3n%3A%20Patrimonio%20y%20tradiciones%20desde%20la%20mirada%20de%20ni%C3%B1as%2C%20ni%C3%B1os%20y%20adolescentes&#038;url=https:\/\/radiorevelacionfm.cl\/?p=24521' aria-hidden='false' data-av_icon='\ue8fc' data-av_iconfont='entypo-fontello' title='' data-avia-related-tooltip='Compartir en LinkedIn' rel=\"noopener\"><span class='avia_hidden_link_text'>Compartir en LinkedIn<\/span><\/a><\/li><li class='av-share-link av-social-link-mail' ><a  aria-label=\"Compartir por correo\" href='mailto:?subject=Sesiones%20en%20La%20Ruta%20del%20Acorde%C3%B3n%3A%20Patrimonio%20y%20tradiciones%20desde%20la%20mirada%20de%20ni%C3%B1as%2C%20ni%C3%B1os%20y%20adolescentes&#038;body=https:\/\/radiorevelacionfm.cl\/?p=24521' aria-hidden='false' data-av_icon='\ue805' data-av_iconfont='entypo-fontello' title='' data-avia-related-tooltip='Compartir por correo'><span class='avia_hidden_link_text'>Compartir por correo<\/span><\/a><\/li><\/ul><\/div><\/div>\n<div  style='height:50px' class='hr hr-invisible   avia-builder-el-8  el_after_av_social_share  el_before_av_comments_list '><span class='hr-inner ' ><span class='hr-inner-style'><\/span><\/span><\/div>\n<div  class='av-buildercomment  av-blog-meta-html-info-disabled av-blog-meta-tag-disabled  '><\/div>\n","protected":false},"excerpt":{"rendered":"","protected":false},"author":1,"featured_media":24522,"comment_status":"open","ping_status":"open","sticky":false,"template":"","format":"standard","meta":{"footnotes":""},"categories":[52,38],"tags":[],"class_list":["post-24521","post","type-post","status-publish","format-standard","has-post-thumbnail","hentry","category-cultura","category-regional"],"jetpack_featured_media_url":"https:\/\/radiorevelacionfm.cl\/wp-content\/uploads\/2022\/11\/la-ruta-del-acordeon-02-1_optimized.jpg","_links":{"self":[{"href":"https:\/\/radiorevelacionfm.cl\/index.php?rest_route=\/wp\/v2\/posts\/24521","targetHints":{"allow":["GET"]}}],"collection":[{"href":"https:\/\/radiorevelacionfm.cl\/index.php?rest_route=\/wp\/v2\/posts"}],"about":[{"href":"https:\/\/radiorevelacionfm.cl\/index.php?rest_route=\/wp\/v2\/types\/post"}],"author":[{"embeddable":true,"href":"https:\/\/radiorevelacionfm.cl\/index.php?rest_route=\/wp\/v2\/users\/1"}],"replies":[{"embeddable":true,"href":"https:\/\/radiorevelacionfm.cl\/index.php?rest_route=%2Fwp%2Fv2%2Fcomments&post=24521"}],"version-history":[{"count":2,"href":"https:\/\/radiorevelacionfm.cl\/index.php?rest_route=\/wp\/v2\/posts\/24521\/revisions"}],"predecessor-version":[{"id":24524,"href":"https:\/\/radiorevelacionfm.cl\/index.php?rest_route=\/wp\/v2\/posts\/24521\/revisions\/24524"}],"wp:featuredmedia":[{"embeddable":true,"href":"https:\/\/radiorevelacionfm.cl\/index.php?rest_route=\/wp\/v2\/media\/24522"}],"wp:attachment":[{"href":"https:\/\/radiorevelacionfm.cl\/index.php?rest_route=%2Fwp%2Fv2%2Fmedia&parent=24521"}],"wp:term":[{"taxonomy":"category","embeddable":true,"href":"https:\/\/radiorevelacionfm.cl\/index.php?rest_route=%2Fwp%2Fv2%2Fcategories&post=24521"},{"taxonomy":"post_tag","embeddable":true,"href":"https:\/\/radiorevelacionfm.cl\/index.php?rest_route=%2Fwp%2Fv2%2Ftags&post=24521"}],"curies":[{"name":"wp","href":"https:\/\/api.w.org\/{rel}","templated":true}]}}