{"id":24517,"date":"2022-11-22T18:15:47","date_gmt":"2022-11-22T21:15:47","guid":{"rendered":"https:\/\/radiorevelacionfm.cl\/?p=24517"},"modified":"2022-11-22T18:15:47","modified_gmt":"2022-11-22T21:15:47","slug":"seremi-de-culturas-aysen-anuncia-ganadores-del-concurso-cuentos-de-invierno","status":"publish","type":"post","link":"https:\/\/radiorevelacionfm.cl\/?p=24517","title":{"rendered":"Seremi de Culturas Ays\u00e9n anuncia ganadores del Concurso Cuentos de Invierno"},"content":{"rendered":"<div class=\"flex_column av_one_full  flex_column_div av-zero-column-padding first  avia-builder-el-0  el_before_av_one_full  avia-builder-el-first  \" style='border-radius:0px; '><div  class='avia-image-container  av-styling-    avia-builder-el-1  avia-builder-el-no-sibling  avia-align-center '  itemprop=\"image\" itemscope=\"itemscope\" itemtype=\"https:\/\/schema.org\/ImageObject\"  ><div class='avia-image-container-inner'><div class='avia-image-overlay-wrap'><img decoding=\"async\" class='wp-image-24518 avia-img-lazy-loading-not-24518 avia_image' src=\"https:\/\/radiorevelacionfm.cl\/wp-content\/uploads\/2022\/11\/Afiche-cuentos-invierno-2022-1-1-1.jpg\" alt='' title='Afiche-cuentos-invierno-2022 (1) (1) (1)' height=\"600\" width=\"651\"  itemprop=\"thumbnailUrl\" srcset=\"https:\/\/radiorevelacionfm.cl\/wp-content\/uploads\/2022\/11\/Afiche-cuentos-invierno-2022-1-1-1.jpg 651w, https:\/\/radiorevelacionfm.cl\/wp-content\/uploads\/2022\/11\/Afiche-cuentos-invierno-2022-1-1-1-300x276.jpg 300w, https:\/\/radiorevelacionfm.cl\/wp-content\/uploads\/2022\/11\/Afiche-cuentos-invierno-2022-1-1-1-600x553.jpg 600w\" sizes=\"(max-width: 651px) 100vw, 651px\" \/><\/div><\/div><\/div><\/div><div class=\"flex_column av_one_full  flex_column_div av-zero-column-padding first  avia-builder-el-2  el_after_av_one_full  el_before_av_one_full  column-top-margin\" style='border-radius:0px; '><section class=\"av_textblock_section \"  itemscope=\"itemscope\" itemtype=\"https:\/\/schema.org\/BlogPosting\" itemprop=\"blogPost\" ><div class='avia_textblock  '   itemprop=\"text\" ><p style=\"text-align: center;\"><span style=\"font-size: 18pt;\"><b>Seremi de Culturas Ays\u00e9n anuncia ganadores del Concurso Cuentos de Invierno<\/b><\/span><\/p>\n<div id=\"gtx-trans\" style=\"position: absolute; left: -50px; top: 4.31534px;\">\n<div class=\"gtx-trans-icon\"><\/div>\n<\/div>\n<\/div><\/section><\/div><div class=\"flex_column av_one_full  flex_column_div av-zero-column-padding first  avia-builder-el-4  el_after_av_one_full  el_before_av_hr  column-top-margin\" style='border-radius:0px; '><section class=\"av_textblock_section \"  itemscope=\"itemscope\" itemtype=\"https:\/\/schema.org\/BlogPosting\" itemprop=\"blogPost\" ><div class='avia_textblock  '   itemprop=\"text\" ><p style=\"text-align: justify;\">Como parte del Plan Nacional de la Lectura, el certamen organizado por la Seremi de Culturas Ays\u00e9n promueve la creaci\u00f3n literaria en toda la comunidad escolar, incluido el plantel docente.<\/p>\n<p style=\"text-align: justify;\">Para el seremi de Culturas Ays\u00e9n, Felipe Quiroz, \u201cse trata de un concurso que coincide con la reactivaci\u00f3n del sector cultural, tras la larga pandemia del Covid-19; esta reactivaci\u00f3n lleg\u00f3 tambi\u00e9n a los establecimiento educacionales de la Regi\u00f3n de Ays\u00e9n, cuyas comunidades educativas se entusiasmaron y crearon valiosas piezas literarias en torno a nuestro invierno. Llegaron 83 cuentos. Felicito a todos y todas los ganadores\u201d.<\/p>\n<p style=\"text-align: justify;\">El jurado estuvo compuesto por la cuentacuentos regional Genoveva Guzm\u00e1n; la escritora Carina Decker; la supervisora del Departamento Provincial de Educaci\u00f3n de Mineduc, Carmen Ortega; la profesional de la Coordinaci\u00f3n Regional de Bibliotecas P\u00fablicas de Ays\u00e9n, Alejandra Mu\u00f1oz; y el seremi de Culturas Ays\u00e9n, Felipe Quiroz.<\/p>\n<p style=\"text-align: justify;\">Los trabajos deb\u00edan destacar lugares, personajes, misterios, mitos, leyendas, clima y\/o ambientaciones que dieran cuenta de la Regi\u00f3n de Ays\u00e9n; y ser in\u00e9ditos.<\/p>\n<p style=\"text-align: justify;\">Los ganadores por categor\u00eda son los siguientes:<\/p>\n<p style=\"text-align: justify;\"><b>Primera categor\u00eda: 3\u00ba y 4\u00ba b\u00e1sico<\/b><\/p>\n<p style=\"text-align: justify;\">1er lugar: El caballo parlante<\/p>\n<p style=\"text-align: justify;\">Matilda Trinidad Del R\u00edo Concha, 4\u00ba b\u00e1sico, Colegio Uni\u00f3n Fraterna, Coyhaique.<\/p>\n<p style=\"text-align: justify;\">2\u00ba lugar: La historia de un perro coyhaiquino<\/p>\n<p style=\"text-align: justify;\">Mat\u00edas Eduardo Araneda Soto, 3\u00ba b\u00e1sico, Colegio Uni\u00f3n Fraterna, Coyhaique<\/p>\n<p style=\"text-align: justify;\">3er lugar: La fiesta de la primavera<\/p>\n<p style=\"text-align: justify;\">Santiago Baltazar Pi\u00f1eda Fontecha, 4\u00ba b\u00e1sico, Colegio Alianza Austral, Coyhaique.<\/p>\n<p style=\"text-align: justify;\"><b>Menciones honrosas<\/b><\/p>\n<p style=\"text-align: justify;\">El huemul espantado<\/p>\n<p style=\"text-align: justify;\">Sergio Alex Chiguay Mella, 4\u00ba b\u00e1sico, Colegio Uni\u00f3n Fraterna, Coyhaique.<\/p>\n<p style=\"text-align: justify;\">El origen de la nalca<\/p>\n<p style=\"text-align: justify;\">Trinidad Javiera Alvarez Pe\u00f1a, 4\u00ba b\u00e1sico, Colegio Uni\u00f3n Fraterna, Coyhaique.<\/p>\n<p style=\"text-align: justify;\">Cenizas<\/p>\n<p style=\"text-align: justify;\">Benjam\u00edn Alejandro Cumi\u00e1n Ruiz, 3\u00ba b\u00e1sico, Colegio Uni\u00f3n Fraterna, Coyhaique.<\/p>\n<p style=\"text-align: justify;\">La pud\u00fa patagona<\/p>\n<p style=\"text-align: justify;\">Jendelyn Javiera Vel\u00e1squez Mac\u00edas, 4\u00ba b\u00e1sico, Colegio Uni\u00f3n Fraterna, Coyhaique.<\/p>\n<p style=\"text-align: justify;\"><b>Segunda categor\u00eda: 5\u00ba y 6\u00ba b\u00e1sico<\/b><\/p>\n<p style=\"text-align: justify;\">1er lugar: El misterio del Marchant<\/p>\n<p style=\"text-align: justify;\">Kamila Antonia Garc\u00eda Rojo, 6\u00ba b\u00e1sico, Escuela Rural Melimoyu, comuna de Cisnes.<\/p>\n<p style=\"text-align: justify;\">2\u00ba lugar: El mate<\/p>\n<p style=\"text-align: justify;\">Florencia Isidora Opazo Inostrosa, 5\u00ba b\u00e1sico, Colegio Uni\u00f3n Fraterna, Coyhaique.<\/p>\n<p style=\"text-align: justify;\">3er lugar: La partera de la isla<\/p>\n<p style=\"text-align: justify;\">Yerely Ray\u00e9n Chiguay Ag\u00fcero, 6\u00ba b\u00e1sico, Liceo de Melinka, Guaitecas.<\/p>\n<p style=\"text-align: justify;\"><b>Mencion honrosa<\/b><\/p>\n<p style=\"text-align: justify;\">Martina y su mejor amigo.<\/p>\n<p style=\"text-align: justify;\">Laura Vel\u00e1zquez, 6\u00ba b\u00e1sico, Colegio Alianza Austral, Coyhaique.<\/p>\n<p style=\"text-align: justify;\"><b>Tercera categor\u00eda: 7\u00ba y 8\u00ba b\u00e1sico<\/b><\/p>\n<p style=\"text-align: justify;\">1er lugar: El viaje<\/p>\n<p style=\"text-align: justify;\">Lucas Matheo Araneda Uribe, 8\u00ba b\u00e1sico, Escuela Jos\u00e9 Miguel Carrera, Lago Verde.<\/p>\n<p style=\"text-align: justify;\">2\u00ba lugar: El Fantasma de Antol\u00edn<\/p>\n<p style=\"text-align: justify;\">Yanina Silva Castro, 7\u00ba b\u00e1sico, Escuela Jos\u00e9 Antol\u00edn Silva Orme\u00f1o, Balmaceda, comuna de Coyhaique.<\/p>\n<p style=\"text-align: justify;\">3er lugar: Los duendes<\/p>\n<p style=\"text-align: justify;\">Francisco Antonio Hern\u00e1ndez Cares, 8\u00ba b\u00e1sico, Escuela Jos\u00e9 Antol\u00edn Silva Orme\u00f1o, Balmaceda, comuna de Coyhaique.<\/p>\n<p style=\"text-align: justify;\"><b>Cuarta categor\u00eda : 1\u00ba y 2\u00ba de ense\u00f1anza media<\/b><\/p>\n<p style=\"text-align: justify;\">1er lugar: Influida<\/p>\n<p style=\"text-align: justify;\">Samanta Estela L\u00f3pez Aburto, 2\u00ba medio, Centro Integral de Educaci\u00f3n Alborada, Coyhaique.<\/p>\n<p style=\"text-align: justify;\">2\u00ba lugar: Nieve t\u00f3xica<\/p>\n<p style=\"text-align: justify;\">L\u00eda Isabel Reyes Vallejos, 2\u00ba medio, Centro Integral de Educaci\u00f3n Alborada, Coyhaique.<\/p>\n<p style=\"text-align: justify;\">3er lugar: El coraz\u00f3n del Le\u00f3n<\/p>\n<p style=\"text-align: justify;\">Isidora Leonor Pantanalli Ojeda, Centro Integral de Educaci\u00f3n Alborada, Coyhaique.<\/p>\n<p style=\"text-align: justify;\">Menci\u00f3n honrosa: El 32<\/p>\n<p style=\"text-align: justify;\">\u00c1ngel Urrieta Llaiquel, 2\u00ba medio, Liceo Arturo Prat Chac\u00f3n, Puerto Cisnes, comuna de Cisnes.<\/p>\n<p style=\"text-align: justify;\"><b>Quinta categor\u00eda: profesores, educadoras de p\u00e1rvulos y otros agentes educativos<\/b><\/p>\n<p style=\"text-align: justify;\">1er lugar: La esquila milagrosa<\/p>\n<p style=\"text-align: justify;\">Mois\u00e9s Nicol\u00e1s Araneda Galarce, profesor, Colegio Uni\u00f3n Fraterna, Coyhaique.<\/p>\n<p style=\"text-align: justify;\">2\u00ba lugar: El sue\u00f1o de Seguismundo<\/p>\n<p style=\"text-align: justify;\">Frank Eduardo Rozas Corbal\u00e1n, profesor, Colegio Mater Dei, Coyhaique.<\/p>\n<p style=\"text-align: justify;\">3er lugar: La tormenta<\/p>\n<p style=\"text-align: justify;\">Carol Jazm\u00edn Mansilla Henr\u00edquez, profesora, Escuela Carlos Condell, Caleta Andrade, comuna de Ays\u00e9n.<\/p>\n<p style=\"text-align: justify;\">Todos y todas los ganadores recibir\u00e1n diplomas y libros en la premiaci\u00f3n que se realizar\u00e1 este s\u00e1bado en la 3\u00aa Feria Literaria Seamos Comunidad en Coyhaique en el Centro Cultural Coyhaique.<\/p>\n<\/div><\/section><\/div><div  style='height:50px' class='hr hr-invisible   avia-builder-el-6  el_after_av_one_full  el_before_av_social_share '><span class='hr-inner ' ><span class='hr-inner-style'><\/span><\/span><\/div><\/p>\n<div  class='av-social-sharing-box  avia-builder-el-7  el_after_av_hr  el_before_av_hr  '><div class='av-share-box'><h5 class='av-share-link-description av-no-toc '>Compartir esta noticia<\/h5><ul class='av-share-box-list noLightbox'><li class='av-share-link av-social-link-facebook' ><a target=\"_blank\" aria-label=\"Compartir en Facebook\" href='https:\/\/www.facebook.com\/sharer.php?u=https:\/\/radiorevelacionfm.cl\/?p=24517&#038;t=Seremi%20de%20Culturas%20Ays%C3%A9n%20anuncia%20ganadores%20del%20Concurso%20Cuentos%20de%20Invierno' aria-hidden='false' data-av_icon='\ue8f3' data-av_iconfont='entypo-fontello' title='' data-avia-related-tooltip='Compartir en Facebook' rel=\"noopener\"><span class='avia_hidden_link_text'>Compartir en Facebook<\/span><\/a><\/li><li class='av-share-link av-social-link-twitter' ><a target=\"_blank\" aria-label=\"Compartir en Twitter\" href='https:\/\/twitter.com\/share?text=Seremi%20de%20Culturas%20Ays%C3%A9n%20anuncia%20ganadores%20del%20Concurso%20Cuentos%20de%20Invierno&#038;url=https:\/\/radiorevelacionfm.cl\/?p=24517' aria-hidden='false' data-av_icon='\ue8f1' data-av_iconfont='entypo-fontello' title='' data-avia-related-tooltip='Compartir en Twitter' rel=\"noopener\"><span class='avia_hidden_link_text'>Compartir en Twitter<\/span><\/a><\/li><li class='av-share-link av-social-link-whatsapp' ><a target=\"_blank\" aria-label=\"Compartir en Whatsapp\" href='https:\/\/api.whatsapp.com\/send?text=https:\/\/radiorevelacionfm.cl\/?p=24517' aria-hidden='false' data-av_icon='\uf232' data-av_iconfont='entypo-fontello' title='' data-avia-related-tooltip='Compartir en Whatsapp' rel=\"noopener\"><span class='avia_hidden_link_text'>Compartir en Whatsapp<\/span><\/a><\/li><li class='av-share-link av-social-link-linkedin' ><a target=\"_blank\" aria-label=\"Compartir en LinkedIn\" href='https:\/\/linkedin.com\/shareArticle?mini=true&#038;title=Seremi%20de%20Culturas%20Ays%C3%A9n%20anuncia%20ganadores%20del%20Concurso%20Cuentos%20de%20Invierno&#038;url=https:\/\/radiorevelacionfm.cl\/?p=24517' aria-hidden='false' data-av_icon='\ue8fc' data-av_iconfont='entypo-fontello' title='' data-avia-related-tooltip='Compartir en LinkedIn' rel=\"noopener\"><span class='avia_hidden_link_text'>Compartir en LinkedIn<\/span><\/a><\/li><li class='av-share-link av-social-link-mail' ><a  aria-label=\"Compartir por correo\" href='mailto:?subject=Seremi%20de%20Culturas%20Ays%C3%A9n%20anuncia%20ganadores%20del%20Concurso%20Cuentos%20de%20Invierno&#038;body=https:\/\/radiorevelacionfm.cl\/?p=24517' aria-hidden='false' data-av_icon='\ue805' data-av_iconfont='entypo-fontello' title='' data-avia-related-tooltip='Compartir por correo'><span class='avia_hidden_link_text'>Compartir por correo<\/span><\/a><\/li><\/ul><\/div><\/div>\n<div  style='height:50px' class='hr hr-invisible   avia-builder-el-8  el_after_av_social_share  el_before_av_comments_list '><span class='hr-inner ' ><span class='hr-inner-style'><\/span><\/span><\/div>\n<div  class='av-buildercomment  av-blog-meta-html-info-disabled av-blog-meta-tag-disabled  '><\/div>\n","protected":false},"excerpt":{"rendered":"","protected":false},"author":1,"featured_media":24518,"comment_status":"open","ping_status":"open","sticky":false,"template":"","format":"standard","meta":{"footnotes":""},"categories":[49,38],"tags":[],"class_list":["post-24517","post","type-post","status-publish","format-standard","has-post-thumbnail","hentry","category-educacion","category-regional"],"jetpack_featured_media_url":"https:\/\/radiorevelacionfm.cl\/wp-content\/uploads\/2022\/11\/Afiche-cuentos-invierno-2022-1-1-1.jpg","_links":{"self":[{"href":"https:\/\/radiorevelacionfm.cl\/index.php?rest_route=\/wp\/v2\/posts\/24517","targetHints":{"allow":["GET"]}}],"collection":[{"href":"https:\/\/radiorevelacionfm.cl\/index.php?rest_route=\/wp\/v2\/posts"}],"about":[{"href":"https:\/\/radiorevelacionfm.cl\/index.php?rest_route=\/wp\/v2\/types\/post"}],"author":[{"embeddable":true,"href":"https:\/\/radiorevelacionfm.cl\/index.php?rest_route=\/wp\/v2\/users\/1"}],"replies":[{"embeddable":true,"href":"https:\/\/radiorevelacionfm.cl\/index.php?rest_route=%2Fwp%2Fv2%2Fcomments&post=24517"}],"version-history":[{"count":2,"href":"https:\/\/radiorevelacionfm.cl\/index.php?rest_route=\/wp\/v2\/posts\/24517\/revisions"}],"predecessor-version":[{"id":24520,"href":"https:\/\/radiorevelacionfm.cl\/index.php?rest_route=\/wp\/v2\/posts\/24517\/revisions\/24520"}],"wp:featuredmedia":[{"embeddable":true,"href":"https:\/\/radiorevelacionfm.cl\/index.php?rest_route=\/wp\/v2\/media\/24518"}],"wp:attachment":[{"href":"https:\/\/radiorevelacionfm.cl\/index.php?rest_route=%2Fwp%2Fv2%2Fmedia&parent=24517"}],"wp:term":[{"taxonomy":"category","embeddable":true,"href":"https:\/\/radiorevelacionfm.cl\/index.php?rest_route=%2Fwp%2Fv2%2Fcategories&post=24517"},{"taxonomy":"post_tag","embeddable":true,"href":"https:\/\/radiorevelacionfm.cl\/index.php?rest_route=%2Fwp%2Fv2%2Ftags&post=24517"}],"curies":[{"name":"wp","href":"https:\/\/api.w.org\/{rel}","templated":true}]}}