{"id":24513,"date":"2022-11-22T15:38:18","date_gmt":"2022-11-22T18:38:18","guid":{"rendered":"https:\/\/radiorevelacionfm.cl\/?p=24513"},"modified":"2022-11-22T15:38:18","modified_gmt":"2022-11-22T18:38:18","slug":"alianza-con-clinica-privada-de-santiago-permite-reducir-listas-de-espera-en-hospital-de-puerto-aysen","status":"publish","type":"post","link":"https:\/\/radiorevelacionfm.cl\/?p=24513","title":{"rendered":"Alianza con cl\u00ednica privada de Santiago permite reducir listas de espera en Hospital de Puerto Ays\u00e9n"},"content":{"rendered":"<div class=\"flex_column av_one_full  flex_column_div av-zero-column-padding first  avia-builder-el-0  el_before_av_one_full  avia-builder-el-first  \" style='border-radius:0px; '><div  class='avia-image-container  av-styling-    avia-builder-el-1  avia-builder-el-no-sibling  avia-align-center '  itemprop=\"image\" itemscope=\"itemscope\" itemtype=\"https:\/\/schema.org\/ImageObject\"  ><div class='avia-image-container-inner'><div class='avia-image-overlay-wrap'><img decoding=\"async\" class='wp-image-24514 avia-img-lazy-loading-not-24514 avia_image' src=\"https:\/\/radiorevelacionfm.cl\/wp-content\/uploads\/2022\/11\/operativo-clInica-alemana-2-1_optimized.jpg\" alt='' title='operativo-cl\u00cdnica-alemana-(2)-(1)_optimized' height=\"600\" width=\"900\"  itemprop=\"thumbnailUrl\" srcset=\"https:\/\/radiorevelacionfm.cl\/wp-content\/uploads\/2022\/11\/operativo-clInica-alemana-2-1_optimized.jpg 900w, https:\/\/radiorevelacionfm.cl\/wp-content\/uploads\/2022\/11\/operativo-clInica-alemana-2-1_optimized-300x200.jpg 300w, https:\/\/radiorevelacionfm.cl\/wp-content\/uploads\/2022\/11\/operativo-clInica-alemana-2-1_optimized-768x512.jpg 768w, https:\/\/radiorevelacionfm.cl\/wp-content\/uploads\/2022\/11\/operativo-clInica-alemana-2-1_optimized-705x470.jpg 705w, https:\/\/radiorevelacionfm.cl\/wp-content\/uploads\/2022\/11\/operativo-clInica-alemana-2-1_optimized-600x400.jpg 600w\" sizes=\"(max-width: 900px) 100vw, 900px\" \/><\/div><\/div><\/div><\/div><div class=\"flex_column av_one_full  flex_column_div av-zero-column-padding first  avia-builder-el-2  el_after_av_one_full  el_before_av_one_full  column-top-margin\" style='border-radius:0px; '><section class=\"av_textblock_section \"  itemscope=\"itemscope\" itemtype=\"https:\/\/schema.org\/BlogPosting\" itemprop=\"blogPost\" ><div class='avia_textblock  '   itemprop=\"text\" ><p style=\"text-align: center;\"><span style=\"font-size: 18pt;\"><b>Alianza con cl\u00ednica privada de Santiago permite reducir listas de espera en Hospital de Puerto Ays\u00e9n<\/b><\/span><\/p>\n<div id=\"gtx-trans\" style=\"position: absolute; left: -50px; top: 4.31534px;\">\n<div class=\"gtx-trans-icon\"><\/div>\n<\/div>\n<\/div><\/section><\/div><div class=\"flex_column av_one_full  flex_column_div av-zero-column-padding first  avia-builder-el-4  el_after_av_one_full  el_before_av_hr  column-top-margin\" style='border-radius:0px; '><section class=\"av_textblock_section \"  itemscope=\"itemscope\" itemtype=\"https:\/\/schema.org\/BlogPosting\" itemprop=\"blogPost\" ><div class='avia_textblock  '   itemprop=\"text\" ><p style=\"font-weight: 400; text-align: justify;\">La pandemia por COVID 19 increment\u00f3 los retrasos en las atenciones y diagn\u00f3sticos de pacientes del sector p\u00fablico de salud. Por eso y con el fin de enfrentar esta situaci\u00f3n se comprometieron con el proyecto \u201c1.000 personas Mil Soluciones de Salud\u201d de aqu\u00ed a fines del 2023. La iniciativa parti\u00f3 como un piloto y ya contabiliza la atenci\u00f3n de 181 pacientes, que fueron operados de varices, am\u00edgdalas, adenoides, meniscos, ves\u00edcula y cirug\u00edas ginecol\u00f3gicas, adem\u00e1s de ex\u00e1menes diagn\u00f3sticos de hipoacusia y c\u00e1ncer de mamas. El m\u00e9dico director de Cl\u00ednica Alemana, doctor Bern Oberpaur, destac\u00f3 durante el lanzamiento de esta iniciativa que esta se \u201crealiza de manera colaborativa con los hospitales para detectar las necesidades de salud en las que podemos lograr con ello una resoluci\u00f3n integral del problema que afecta a la persona, con el fin de mejorar su calidad de\u00a0vida\u201d.<\/p>\n<p style=\"font-weight: 400; text-align: justify;\">\u201cMuy contentos de esta iniciativa y muy contentos que haya resultado esta alianza con Cl\u00ednica Alemana de Santiago, ya que a\u00fan no cubrimos la brecha de un m\u00e9dico radi\u00f3logo y es una de las listas de espera m\u00e1s altas que tenemos y hemos recurrido a operativos para solucionar lo m\u00e1s urgente y con la capacidad tecnol\u00f3gica y de especialistas que tienen vamos a poder reducir bastante los n\u00fameros\u201d, se\u00f1al\u00f3 Claudio Arriagada, director del Hospital de Puerto Ays\u00e9n.<\/p>\n<p style=\"font-weight: 400; text-align: justify;\">Mientras el Dr. Felipe Gonz\u00e1lez, m\u00e9dico radi\u00f3logo, jefe de la unidad de ecotomograf\u00eda de la Cl\u00ednica Alemana, agreg\u00f3 que \u201cagradecemos a los profesionales de la Cl\u00ednica Alemana que vienen a entregar un servicio con vocaci\u00f3n. Tenemos una problem\u00e1tica que son las listas de espera, pacientes con m\u00e1s de dos a\u00f1os, una lista de espera de m\u00e1s de 21.500 personas y se vienen a resolver cerca del 20% de estas listas\u201d.<\/p>\n<p style=\"font-weight: 400; text-align: justify;\">Se trata de un trabajo colaborativo con el Servicio de Salud de Ays\u00e9n para resolver un problema de salud. Es un plan de mil personas y mil soluciones y en ese contexto es que se busca resolver listas de espera de ecotomograf\u00eda y aportar a la resoluci\u00f3n de estos problemas.<\/p>\n<p style=\"font-weight: 400; text-align: justify;\">\u201cTenemos poco equipamiento en el hospital y no tenemos quien pueda operar esas m\u00e1quinas y la lista supera las mil personas, contentos por los pacientes que se pueden atender y sacar sus ex\u00e1menes para continuidad de los tratamientos y llegar a un diagn\u00f3stico certero\u201d, remat\u00f3 por su parte Ximena Ru\u00edz, presidenta del Colegio Consultivo del Hospital de Puerto Ays\u00e9n.<\/p>\n<\/div><\/section><\/div><div  style='height:50px' class='hr hr-invisible   avia-builder-el-6  el_after_av_one_full  el_before_av_social_share '><span class='hr-inner ' ><span class='hr-inner-style'><\/span><\/span><\/div><\/p>\n<div  class='av-social-sharing-box  avia-builder-el-7  el_after_av_hr  el_before_av_hr  '><div class='av-share-box'><h5 class='av-share-link-description av-no-toc '>Compartir esta noticia<\/h5><ul class='av-share-box-list noLightbox'><li class='av-share-link av-social-link-facebook' ><a target=\"_blank\" aria-label=\"Compartir en Facebook\" href='https:\/\/www.facebook.com\/sharer.php?u=https:\/\/radiorevelacionfm.cl\/?p=24513&#038;t=Alianza%20con%20cl%C3%ADnica%20privada%20de%20Santiago%20permite%20reducir%20listas%20de%20espera%20en%20Hospital%20de%20Puerto%20Ays%C3%A9n' aria-hidden='false' data-av_icon='\ue8f3' data-av_iconfont='entypo-fontello' title='' data-avia-related-tooltip='Compartir en Facebook' rel=\"noopener\"><span class='avia_hidden_link_text'>Compartir en Facebook<\/span><\/a><\/li><li class='av-share-link av-social-link-twitter' ><a target=\"_blank\" aria-label=\"Compartir en Twitter\" href='https:\/\/twitter.com\/share?text=Alianza%20con%20cl%C3%ADnica%20privada%20de%20Santiago%20permite%20reducir%20listas%20de%20espera%20en%20Hospital%20de%20Puerto%20Ays%C3%A9n&#038;url=https:\/\/radiorevelacionfm.cl\/?p=24513' aria-hidden='false' data-av_icon='\ue8f1' data-av_iconfont='entypo-fontello' title='' data-avia-related-tooltip='Compartir en Twitter' rel=\"noopener\"><span class='avia_hidden_link_text'>Compartir en Twitter<\/span><\/a><\/li><li class='av-share-link av-social-link-whatsapp' ><a target=\"_blank\" aria-label=\"Compartir en Whatsapp\" href='https:\/\/api.whatsapp.com\/send?text=https:\/\/radiorevelacionfm.cl\/?p=24513' aria-hidden='false' data-av_icon='\uf232' data-av_iconfont='entypo-fontello' title='' data-avia-related-tooltip='Compartir en Whatsapp' rel=\"noopener\"><span class='avia_hidden_link_text'>Compartir en Whatsapp<\/span><\/a><\/li><li class='av-share-link av-social-link-linkedin' ><a target=\"_blank\" aria-label=\"Compartir en LinkedIn\" href='https:\/\/linkedin.com\/shareArticle?mini=true&#038;title=Alianza%20con%20cl%C3%ADnica%20privada%20de%20Santiago%20permite%20reducir%20listas%20de%20espera%20en%20Hospital%20de%20Puerto%20Ays%C3%A9n&#038;url=https:\/\/radiorevelacionfm.cl\/?p=24513' aria-hidden='false' data-av_icon='\ue8fc' data-av_iconfont='entypo-fontello' title='' data-avia-related-tooltip='Compartir en LinkedIn' rel=\"noopener\"><span class='avia_hidden_link_text'>Compartir en LinkedIn<\/span><\/a><\/li><li class='av-share-link av-social-link-mail' ><a  aria-label=\"Compartir por correo\" href='mailto:?subject=Alianza%20con%20cl%C3%ADnica%20privada%20de%20Santiago%20permite%20reducir%20listas%20de%20espera%20en%20Hospital%20de%20Puerto%20Ays%C3%A9n&#038;body=https:\/\/radiorevelacionfm.cl\/?p=24513' aria-hidden='false' data-av_icon='\ue805' data-av_iconfont='entypo-fontello' title='' data-avia-related-tooltip='Compartir por correo'><span class='avia_hidden_link_text'>Compartir por correo<\/span><\/a><\/li><\/ul><\/div><\/div>\n<div  style='height:50px' class='hr hr-invisible   avia-builder-el-8  el_after_av_social_share  el_before_av_comments_list '><span class='hr-inner ' ><span class='hr-inner-style'><\/span><\/span><\/div>\n<div  class='av-buildercomment  av-blog-meta-html-info-disabled av-blog-meta-tag-disabled  '><\/div>\n","protected":false},"excerpt":{"rendered":"","protected":false},"author":1,"featured_media":24514,"comment_status":"open","ping_status":"open","sticky":false,"template":"","format":"standard","meta":{"footnotes":""},"categories":[38,46],"tags":[],"class_list":["post-24513","post","type-post","status-publish","format-standard","has-post-thumbnail","hentry","category-regional","category-salud"],"jetpack_featured_media_url":"https:\/\/radiorevelacionfm.cl\/wp-content\/uploads\/2022\/11\/operativo-clInica-alemana-2-1_optimized.jpg","_links":{"self":[{"href":"https:\/\/radiorevelacionfm.cl\/index.php?rest_route=\/wp\/v2\/posts\/24513","targetHints":{"allow":["GET"]}}],"collection":[{"href":"https:\/\/radiorevelacionfm.cl\/index.php?rest_route=\/wp\/v2\/posts"}],"about":[{"href":"https:\/\/radiorevelacionfm.cl\/index.php?rest_route=\/wp\/v2\/types\/post"}],"author":[{"embeddable":true,"href":"https:\/\/radiorevelacionfm.cl\/index.php?rest_route=\/wp\/v2\/users\/1"}],"replies":[{"embeddable":true,"href":"https:\/\/radiorevelacionfm.cl\/index.php?rest_route=%2Fwp%2Fv2%2Fcomments&post=24513"}],"version-history":[{"count":2,"href":"https:\/\/radiorevelacionfm.cl\/index.php?rest_route=\/wp\/v2\/posts\/24513\/revisions"}],"predecessor-version":[{"id":24516,"href":"https:\/\/radiorevelacionfm.cl\/index.php?rest_route=\/wp\/v2\/posts\/24513\/revisions\/24516"}],"wp:featuredmedia":[{"embeddable":true,"href":"https:\/\/radiorevelacionfm.cl\/index.php?rest_route=\/wp\/v2\/media\/24514"}],"wp:attachment":[{"href":"https:\/\/radiorevelacionfm.cl\/index.php?rest_route=%2Fwp%2Fv2%2Fmedia&parent=24513"}],"wp:term":[{"taxonomy":"category","embeddable":true,"href":"https:\/\/radiorevelacionfm.cl\/index.php?rest_route=%2Fwp%2Fv2%2Fcategories&post=24513"},{"taxonomy":"post_tag","embeddable":true,"href":"https:\/\/radiorevelacionfm.cl\/index.php?rest_route=%2Fwp%2Fv2%2Ftags&post=24513"}],"curies":[{"name":"wp","href":"https:\/\/api.w.org\/{rel}","templated":true}]}}