{"id":24509,"date":"2022-11-22T15:27:47","date_gmt":"2022-11-22T18:27:47","guid":{"rendered":"https:\/\/radiorevelacionfm.cl\/?p=24509"},"modified":"2022-11-22T15:27:47","modified_gmt":"2022-11-22T18:27:47","slug":"ninos-ninas-y-adolescentes-de-la-region-participaron-del-segundo-encuentro-de-participacion","status":"publish","type":"post","link":"https:\/\/radiorevelacionfm.cl\/?p=24509","title":{"rendered":"Ni\u00f1os, ni\u00f1as y adolescentes de la regi\u00f3n participaron del Segundo Encuentro de Participaci\u00f3n"},"content":{"rendered":"<div class=\"flex_column av_one_full  flex_column_div av-zero-column-padding first  avia-builder-el-0  el_before_av_one_full  avia-builder-el-first  \" style='border-radius:0px; '><div  class='avia-image-container  av-styling-    avia-builder-el-1  avia-builder-el-no-sibling  avia-align-center '  itemprop=\"image\" itemscope=\"itemscope\" itemtype=\"https:\/\/schema.org\/ImageObject\"  ><div class='avia-image-container-inner'><div class='avia-image-overlay-wrap'><img decoding=\"async\" class='wp-image-24510 avia-img-lazy-loading-not-24510 avia_image' src=\"https:\/\/radiorevelacionfm.cl\/wp-content\/uploads\/2022\/11\/SEGUNDO-ENCUENTRO-REGIONAL-DE-PARTICIPACION-3-1-1.jpg\" alt='' title='SEGUNDO ENCUENTRO REGIONAL DE PARTICIPACI\u00d3N (3) (1) (1)' height=\"600\" width=\"1299\"  itemprop=\"thumbnailUrl\" srcset=\"https:\/\/radiorevelacionfm.cl\/wp-content\/uploads\/2022\/11\/SEGUNDO-ENCUENTRO-REGIONAL-DE-PARTICIPACION-3-1-1.jpg 1299w, https:\/\/radiorevelacionfm.cl\/wp-content\/uploads\/2022\/11\/SEGUNDO-ENCUENTRO-REGIONAL-DE-PARTICIPACION-3-1-1-300x139.jpg 300w, https:\/\/radiorevelacionfm.cl\/wp-content\/uploads\/2022\/11\/SEGUNDO-ENCUENTRO-REGIONAL-DE-PARTICIPACION-3-1-1-1030x476.jpg 1030w, https:\/\/radiorevelacionfm.cl\/wp-content\/uploads\/2022\/11\/SEGUNDO-ENCUENTRO-REGIONAL-DE-PARTICIPACION-3-1-1-768x355.jpg 768w, https:\/\/radiorevelacionfm.cl\/wp-content\/uploads\/2022\/11\/SEGUNDO-ENCUENTRO-REGIONAL-DE-PARTICIPACION-3-1-1-705x326.jpg 705w, https:\/\/radiorevelacionfm.cl\/wp-content\/uploads\/2022\/11\/SEGUNDO-ENCUENTRO-REGIONAL-DE-PARTICIPACION-3-1-1-600x277.jpg 600w\" sizes=\"(max-width: 1299px) 100vw, 1299px\" \/><\/div><\/div><\/div><\/div><div class=\"flex_column av_one_full  flex_column_div av-zero-column-padding first  avia-builder-el-2  el_after_av_one_full  el_before_av_one_full  column-top-margin\" style='border-radius:0px; '><section class=\"av_textblock_section \"  itemscope=\"itemscope\" itemtype=\"https:\/\/schema.org\/BlogPosting\" itemprop=\"blogPost\" ><div class='avia_textblock  '   itemprop=\"text\" ><h2 class=\"title\" style=\"text-align: center;\"><b>Ni\u00f1os, ni\u00f1as y adolescentes de la regi\u00f3n participaron del Segundo Encuentro de Participaci\u00f3n<\/b><\/h2>\n<div id=\"gtx-trans\" style=\"position: absolute; left: -50px; top: 4.31534px;\">\n<div class=\"gtx-trans-icon\"><\/div>\n<\/div>\n<\/div><\/section><\/div><div class=\"flex_column av_one_full  flex_column_div av-zero-column-padding first  avia-builder-el-4  el_after_av_one_full  el_before_av_hr  column-top-margin\" style='border-radius:0px; '><section class=\"av_textblock_section \"  itemscope=\"itemscope\" itemtype=\"https:\/\/schema.org\/BlogPosting\" itemprop=\"blogPost\" ><div class='avia_textblock  '   itemprop=\"text\" ><p style=\"text-align: justify;\">Entregar espacios para compartir ideas, se\u00f1alando los temas de importancia para los ni\u00f1os, ni\u00f1as y adolescentes que pertenecen a los proyectos que ejecutan la red de protecci\u00f3n, fue el objetivo central del\u00a0<em>Segundo Encuentro Regional de Participaci\u00f3n<\/em>\u00a0que organiz\u00f3 el Servicio Nacional de Protecci\u00f3n Especializada a la Ni\u00f1ez y la Adolescencia.<\/p>\n<p style=\"text-align: justify;\">En la ejecuci\u00f3n de esta iniciativa tambi\u00e9n se busc\u00f3 \u00a0a trav\u00e9s de la elecci\u00f3n democr\u00e1tica de los propios participantes, el nombramiento de dos representantes de nuestra regi\u00f3n, los cuales viajar\u00e1n a la ciudad de Santiago para ser parte del\u00a0<em>Primer<\/em>\u00a0<em>Encuentro Nacional de Participaci\u00f3n<\/em>\u00a0que se realizar\u00e1 los d\u00edas 1 y 2 de diciembre pr\u00f3ximo.<\/p>\n<p style=\"text-align: justify;\">En la actividad las y los participantes eligieron dos adolescentes mujeres, quienes ser\u00e1n representantes de nuestra regi\u00f3n de Ays\u00e9n y asistir\u00e1n al evento nacional que se desarrollar\u00e1 en las pr\u00f3ximas semanas en la capital del pa\u00eds.<\/p>\n<p style=\"text-align: justify;\">Al respecto, la Seremi de Desarrollo Social y Familia Karina Acevedo, destac\u00f3 la realizaci\u00f3n de esta actividad, se\u00f1alando que \u201cpara el gobierno del Presidente Gabriel Boric la agenda de la infancia y adolescencia es muy relevante, as\u00ed como tambi\u00e9n entregar espacios de participaci\u00f3n ciudadana. Y qu\u00e9 mejor que generar espacios para que sean nuestros propios ni\u00f1os, ni\u00f1as y adolescentes que dialoguen entre ellos y determinen los principales temas que les interesan. Este ejercicio es muy relevante y esperamos que los participantes elegidos puedan llevar estas ideas y temas desde la regi\u00f3n de Ays\u00e9n hasta la capital cuando se desarrolle su encuentro nacional de participaci\u00f3n\u201d.<\/p>\n<p style=\"text-align: justify;\">Por su parte, Gabriela Opazo, Directora Regional (S) del Servicio Nacional de Protecci\u00f3n Especializada a la Ni\u00f1ez y la Adolescencia, se\u00f1al\u00f3 que \u201ceste espacio es de participaci\u00f3n colectiva que organiza la Direcci\u00f3n Regional del Servicio Nacional de Protecci\u00f3n Especializada a la Ni\u00f1ez y la Adolescencia, para propiciar espacios de di\u00e1logo, de reflexi\u00f3n y donde escuchamos la opini\u00f3n de los ni\u00f1os, ni\u00f1as y adolescentes. Estamos muy satisfechos por haber podido ejecutar esta instancia que es parte de la agenda que llevamos adelante como Servicio a trav\u00e9s de la unidad de participaci\u00f3n\u201d.<\/p>\n<p style=\"text-align: justify;\">Cabe consignar que en esta actividad asistieron m\u00e1s de 20 participantes entre ni\u00f1os, ni\u00f1as y adolescentes y sus adultos responsables, quienes a trav\u00e9s de actividades grupales dise\u00f1aron y plasmaron las principales tem\u00e1ticas de importancia para ellos, las cuales ser\u00e1n expuestas en el \u201cPrimer Encuentro Nacional de Participaci\u00f3n\u201d, actividad en que el Servicio Nacional de Protecci\u00f3n Especializada a la Ni\u00f1ez y la Adolescencia tiene programado para este 1 y 2 de diciembre.<\/p>\n<\/div><\/section><\/div><div  style='height:50px' class='hr hr-invisible   avia-builder-el-6  el_after_av_one_full  el_before_av_social_share '><span class='hr-inner ' ><span class='hr-inner-style'><\/span><\/span><\/div><\/p>\n<div  class='av-social-sharing-box  avia-builder-el-7  el_after_av_hr  el_before_av_hr  '><div class='av-share-box'><h5 class='av-share-link-description av-no-toc '>Compartir esta noticia<\/h5><ul class='av-share-box-list noLightbox'><li class='av-share-link av-social-link-facebook' ><a target=\"_blank\" aria-label=\"Compartir en Facebook\" href='https:\/\/www.facebook.com\/sharer.php?u=https:\/\/radiorevelacionfm.cl\/?p=24509&#038;t=Ni%C3%B1os%2C%20ni%C3%B1as%20y%20adolescentes%20de%20la%20regi%C3%B3n%20participaron%20del%20Segundo%20Encuentro%20de%20Participaci%C3%B3n' aria-hidden='false' data-av_icon='\ue8f3' data-av_iconfont='entypo-fontello' title='' data-avia-related-tooltip='Compartir en Facebook' rel=\"noopener\"><span class='avia_hidden_link_text'>Compartir en Facebook<\/span><\/a><\/li><li class='av-share-link av-social-link-twitter' ><a target=\"_blank\" aria-label=\"Compartir en Twitter\" href='https:\/\/twitter.com\/share?text=Ni%C3%B1os%2C%20ni%C3%B1as%20y%20adolescentes%20de%20la%20regi%C3%B3n%20participaron%20del%20Segundo%20Encuentro%20de%20Participaci%C3%B3n&#038;url=https:\/\/radiorevelacionfm.cl\/?p=24509' aria-hidden='false' data-av_icon='\ue8f1' data-av_iconfont='entypo-fontello' title='' data-avia-related-tooltip='Compartir en Twitter' rel=\"noopener\"><span class='avia_hidden_link_text'>Compartir en Twitter<\/span><\/a><\/li><li class='av-share-link av-social-link-whatsapp' ><a target=\"_blank\" aria-label=\"Compartir en Whatsapp\" href='https:\/\/api.whatsapp.com\/send?text=https:\/\/radiorevelacionfm.cl\/?p=24509' aria-hidden='false' data-av_icon='\uf232' data-av_iconfont='entypo-fontello' title='' data-avia-related-tooltip='Compartir en Whatsapp' rel=\"noopener\"><span class='avia_hidden_link_text'>Compartir en Whatsapp<\/span><\/a><\/li><li class='av-share-link av-social-link-linkedin' ><a target=\"_blank\" aria-label=\"Compartir en LinkedIn\" href='https:\/\/linkedin.com\/shareArticle?mini=true&#038;title=Ni%C3%B1os%2C%20ni%C3%B1as%20y%20adolescentes%20de%20la%20regi%C3%B3n%20participaron%20del%20Segundo%20Encuentro%20de%20Participaci%C3%B3n&#038;url=https:\/\/radiorevelacionfm.cl\/?p=24509' aria-hidden='false' data-av_icon='\ue8fc' data-av_iconfont='entypo-fontello' title='' data-avia-related-tooltip='Compartir en LinkedIn' rel=\"noopener\"><span class='avia_hidden_link_text'>Compartir en LinkedIn<\/span><\/a><\/li><li class='av-share-link av-social-link-mail' ><a  aria-label=\"Compartir por correo\" href='mailto:?subject=Ni%C3%B1os%2C%20ni%C3%B1as%20y%20adolescentes%20de%20la%20regi%C3%B3n%20participaron%20del%20Segundo%20Encuentro%20de%20Participaci%C3%B3n&#038;body=https:\/\/radiorevelacionfm.cl\/?p=24509' aria-hidden='false' data-av_icon='\ue805' data-av_iconfont='entypo-fontello' title='' data-avia-related-tooltip='Compartir por correo'><span class='avia_hidden_link_text'>Compartir por correo<\/span><\/a><\/li><\/ul><\/div><\/div>\n<div  style='height:50px' class='hr hr-invisible   avia-builder-el-8  el_after_av_social_share  el_before_av_comments_list '><span class='hr-inner ' ><span class='hr-inner-style'><\/span><\/span><\/div>\n<div  class='av-buildercomment  av-blog-meta-html-info-disabled av-blog-meta-tag-disabled  '><\/div>\n","protected":false},"excerpt":{"rendered":"","protected":false},"author":1,"featured_media":24510,"comment_status":"open","ping_status":"open","sticky":false,"template":"","format":"standard","meta":{"footnotes":""},"categories":[38],"tags":[],"class_list":["post-24509","post","type-post","status-publish","format-standard","has-post-thumbnail","hentry","category-regional"],"jetpack_featured_media_url":"https:\/\/radiorevelacionfm.cl\/wp-content\/uploads\/2022\/11\/SEGUNDO-ENCUENTRO-REGIONAL-DE-PARTICIPACION-3-1-1.jpg","_links":{"self":[{"href":"https:\/\/radiorevelacionfm.cl\/index.php?rest_route=\/wp\/v2\/posts\/24509","targetHints":{"allow":["GET"]}}],"collection":[{"href":"https:\/\/radiorevelacionfm.cl\/index.php?rest_route=\/wp\/v2\/posts"}],"about":[{"href":"https:\/\/radiorevelacionfm.cl\/index.php?rest_route=\/wp\/v2\/types\/post"}],"author":[{"embeddable":true,"href":"https:\/\/radiorevelacionfm.cl\/index.php?rest_route=\/wp\/v2\/users\/1"}],"replies":[{"embeddable":true,"href":"https:\/\/radiorevelacionfm.cl\/index.php?rest_route=%2Fwp%2Fv2%2Fcomments&post=24509"}],"version-history":[{"count":2,"href":"https:\/\/radiorevelacionfm.cl\/index.php?rest_route=\/wp\/v2\/posts\/24509\/revisions"}],"predecessor-version":[{"id":24512,"href":"https:\/\/radiorevelacionfm.cl\/index.php?rest_route=\/wp\/v2\/posts\/24509\/revisions\/24512"}],"wp:featuredmedia":[{"embeddable":true,"href":"https:\/\/radiorevelacionfm.cl\/index.php?rest_route=\/wp\/v2\/media\/24510"}],"wp:attachment":[{"href":"https:\/\/radiorevelacionfm.cl\/index.php?rest_route=%2Fwp%2Fv2%2Fmedia&parent=24509"}],"wp:term":[{"taxonomy":"category","embeddable":true,"href":"https:\/\/radiorevelacionfm.cl\/index.php?rest_route=%2Fwp%2Fv2%2Fcategories&post=24509"},{"taxonomy":"post_tag","embeddable":true,"href":"https:\/\/radiorevelacionfm.cl\/index.php?rest_route=%2Fwp%2Fv2%2Ftags&post=24509"}],"curies":[{"name":"wp","href":"https:\/\/api.w.org\/{rel}","templated":true}]}}