{"id":24505,"date":"2022-11-22T10:53:22","date_gmt":"2022-11-22T13:53:22","guid":{"rendered":"https:\/\/radiorevelacionfm.cl\/?p=24505"},"modified":"2022-11-22T10:53:22","modified_gmt":"2022-11-22T13:53:22","slug":"a-mayor-control-mayor-prevencion-carabineros-aysen-desplego-ronda-masiva-brindando-mas-seguridad-a-nuestros-vecinos","status":"publish","type":"post","link":"https:\/\/radiorevelacionfm.cl\/?p=24505","title":{"rendered":"\u201cA mayor control, mayor prevenci\u00f3n\u201d  Carabineros Ays\u00e9n despleg\u00f3 ronda masiva brindando m\u00e1s seguridad a nuestros vecinos"},"content":{"rendered":"<div class=\"flex_column av_one_full  flex_column_div av-zero-column-padding first  avia-builder-el-0  el_before_av_one_full  avia-builder-el-first  \" style='border-radius:0px; '><div  class='avia-image-container  av-styling-    avia-builder-el-1  avia-builder-el-no-sibling  avia-align-center '  itemprop=\"image\" itemscope=\"itemscope\" itemtype=\"https:\/\/schema.org\/ImageObject\"  ><div class='avia-image-container-inner'><div class='avia-image-overlay-wrap'><img decoding=\"async\" class='wp-image-24506 avia-img-lazy-loading-not-24506 avia_image' src=\"https:\/\/radiorevelacionfm.cl\/wp-content\/uploads\/2022\/11\/20221118_1707120-1_optimized.jpg\" alt='' title='20221118_170712(0)-(1)_optimized' height=\"600\" width=\"1067\"  itemprop=\"thumbnailUrl\" srcset=\"https:\/\/radiorevelacionfm.cl\/wp-content\/uploads\/2022\/11\/20221118_1707120-1_optimized.jpg 1067w, https:\/\/radiorevelacionfm.cl\/wp-content\/uploads\/2022\/11\/20221118_1707120-1_optimized-300x169.jpg 300w, https:\/\/radiorevelacionfm.cl\/wp-content\/uploads\/2022\/11\/20221118_1707120-1_optimized-1030x579.jpg 1030w, https:\/\/radiorevelacionfm.cl\/wp-content\/uploads\/2022\/11\/20221118_1707120-1_optimized-768x432.jpg 768w, https:\/\/radiorevelacionfm.cl\/wp-content\/uploads\/2022\/11\/20221118_1707120-1_optimized-705x396.jpg 705w, https:\/\/radiorevelacionfm.cl\/wp-content\/uploads\/2022\/11\/20221118_1707120-1_optimized-600x337.jpg 600w\" sizes=\"(max-width: 1067px) 100vw, 1067px\" \/><\/div><\/div><\/div><\/div><div class=\"flex_column av_one_full  flex_column_div av-zero-column-padding first  avia-builder-el-2  el_after_av_one_full  el_before_av_one_full  column-top-margin\" style='border-radius:0px; '><section class=\"av_textblock_section \"  itemscope=\"itemscope\" itemtype=\"https:\/\/schema.org\/BlogPosting\" itemprop=\"blogPost\" ><div class='avia_textblock  '   itemprop=\"text\" ><p style=\"text-align: center;\"><strong><span style=\"font-size: 18pt;\">\u00a0<i>\u201cA mayor control, mayor prevenci\u00f3n\u201d\u00a0<\/i>Carabineros Ays\u00e9n despleg\u00f3 ronda masiva brindando m\u00e1s seguridad a nuestros vecinos<\/span><\/strong><\/p>\n<div id=\"gtx-trans\" style=\"position: absolute; left: -50px; top: 4.31534px;\">\n<div class=\"gtx-trans-icon\"><\/div>\n<\/div>\n<\/div><\/section><\/div><div class=\"flex_column av_one_full  flex_column_div av-zero-column-padding first  avia-builder-el-4  el_after_av_one_full  el_before_av_hr  column-top-margin\" style='border-radius:0px; '><section class=\"av_textblock_section \"  itemscope=\"itemscope\" itemtype=\"https:\/\/schema.org\/BlogPosting\" itemprop=\"blogPost\" ><div class='avia_textblock  '   itemprop=\"text\" ><p style=\"text-align: justify;\">Un saldo de 13 personas detenidas por diversos delitos y la realizaci\u00f3n de 1.303 controles preventivos, fue el resultado de un servicio de ronda masiva efectuado por Carabineros en la regi\u00f3n de Ays\u00e9n, como parte de una estrategia desplegada a nivel nacional.<\/p>\n<p style=\"text-align: justify;\">Durante la jornada desarrollada desde las 08:30 horas y hasta cerca de las 23:00 horas del viernes reci\u00e9n pasado, se efectuaron 315 controles preventivos, 834 controles vehiculares, 82 fiscalizaciones a locales de alcoholes, 40 fiscalizaciones a locales comerciales, 9 a entidades bancarias y 23 controles de seguridad privada, en tanto que 26 personas fueron infraccionadas por ley de tr\u00e1nsito, 3 por ebriedad e igual n\u00famero por ingesta de alcohol en la v\u00eda p\u00fablica.<\/p>\n<p style=\"text-align: justify;\"><b>\u201cCarabineros previene\u00a0controlando\u201d<\/b><\/p>\n<p style=\"text-align: justify;\">El desarrollo de la ronda implic\u00f3 un despliegue de 250 carabineros y 50 carros policiales distribuidos en las diez comunas existentes a lo largo de la regi\u00f3n de Ays\u00e9n.<\/p>\n<p style=\"text-align: justify;\">Lo anterior cont\u00f3 igualmente con apoyo de servicios especializados como SIAT, GOPE, MICC, COP, SIP, OS-7 y personal de las unidades territoriales.<\/p>\n<p style=\"text-align: justify;\">\u201cA mayor control, mayor prevenci\u00f3n. Los Carabineros previenen controlando. Se realizaron controles de identidad y se reforzaron aquellas zonas cr\u00edticas. La idea es poder controlar incivilidades, detectar \u00f3rdenes de arresto y tambi\u00e9n prevenir la comisi\u00f3n de delitos, actuar en aquellas situaciones en flagrancia y poner a las personas responsables a disposici\u00f3n de los organismos jurisdiccionales\u201d, expres\u00f3 el Jefe de la XI Zona de Carabineros Ays\u00e9n, General Patricio Javier Santos Poblete.<\/p>\n<p style=\"text-align: justify;\"><b>Compromiso con la seguridad<\/b><b><\/b><\/p>\n<p style=\"text-align: justify;\">De manera complementaria, el Jefe de Zona junto a la Gobernadora Regional de Ays\u00e9n, Andrea Mac\u00edas Palma; el Coordinador Regional de Seguridad P\u00fablica, \u00a0Crist\u00f3bal Barcel\u00f3 Veas y la alcaldesa (s) de Coyhaique, Gabriela Retamal, efectuaron un sobrevuelo por la capital regional, verificando la cobertura y despliegue del servicio.<\/p>\n<p style=\"text-align: justify;\">\u201cLos carabineros estamos 24\/7 patrullando y reforzando los servicios de tal forma de llevar m\u00e1s tranquilidad y paz a las comunas de nuestra regi\u00f3n. Los carabineros trabajan cerca de 14 a 16 horas diarias y esta es una demostraci\u00f3n m\u00e1s de ello\u201d, expres\u00f3 el Oficial General.<\/p>\n<p style=\"text-align: justify;\">Por su parte el Coordinador Regional de Seguridad P\u00fablica, \u00a0Crist\u00f3bal Barcel\u00f3 Veas, indic\u00f3 que como gobierno del Presidente Gabriel Boric, respaldan la labor institucional que a diario despliega Carabineros de Chile en todo el pa\u00eds.<\/p>\n<p style=\"text-align: justify;\">\u201cAdem\u00e1s de eso, en nuestra regi\u00f3n, una regi\u00f3n tan extensa donde sabemos el sacrificio y las condiciones en que se trabaja y, es por eso que nosotros estamos aqu\u00ed acompa\u00f1ando este nuevo servicio\u201d, expres\u00f3 Barcel\u00f3.<\/p>\n<p style=\"text-align: justify;\">La seguridad implica el trabajo y esfuerzo coordinado de m\u00faltiples instituciones, para el desarrollo de acciones preventivas e investigativas que permitan sacar de circulaci\u00f3n a infractores de ley y actuar en situaciones de flagrancia.<\/p>\n<p style=\"text-align: justify;\">En tal sentido la Gobernadora Regional de Ays\u00e9n, Andrea Mac\u00edas Palma, indic\u00f3 que la seguridad es un tema relevante y que requiere del trabajo colaborativo de todos.<\/p>\n<p style=\"text-align: justify;\">\u201cEl plan que se ejecuta a nivel nacional, permiti\u00f3 en la regi\u00f3n, llevar a cabo diferentes diligencias con muy buenos resultados. Sum\u00e1ndonos a este trabajo colaborativo estamos todos comprometidos con la seguridad p\u00fablica, sabemos que es un tema relevante para toda la comunidad y desde nuestro Gobierno Regional y su Consejo vamos a aportar en todo aquello que podamos para garantizar o entregar mejores oportunidades de seguridad para todos\u201d, indic\u00f3 la autoridad regional.<\/p>\n<\/div><\/section><\/div><div  style='height:50px' class='hr hr-invisible   avia-builder-el-6  el_after_av_one_full  el_before_av_social_share '><span class='hr-inner ' ><span class='hr-inner-style'><\/span><\/span><\/div><\/p>\n<div  class='av-social-sharing-box  avia-builder-el-7  el_after_av_hr  el_before_av_hr  '><div class='av-share-box'><h5 class='av-share-link-description av-no-toc '>Compartir esta noticia<\/h5><ul class='av-share-box-list noLightbox'><li class='av-share-link av-social-link-facebook' ><a target=\"_blank\" aria-label=\"Compartir en Facebook\" href='https:\/\/www.facebook.com\/sharer.php?u=https:\/\/radiorevelacionfm.cl\/?p=24505&#038;t=%E2%80%9CA%20mayor%20control%2C%20mayor%20prevenci%C3%B3n%E2%80%9D%20%20Carabineros%20Ays%C3%A9n%20despleg%C3%B3%20ronda%20masiva%20brindando%20m%C3%A1s%20seguridad%20a%20nuestros%20vecinos' aria-hidden='false' data-av_icon='\ue8f3' data-av_iconfont='entypo-fontello' title='' data-avia-related-tooltip='Compartir en Facebook' rel=\"noopener\"><span class='avia_hidden_link_text'>Compartir en Facebook<\/span><\/a><\/li><li class='av-share-link av-social-link-twitter' ><a target=\"_blank\" aria-label=\"Compartir en Twitter\" href='https:\/\/twitter.com\/share?text=%E2%80%9CA%20mayor%20control%2C%20mayor%20prevenci%C3%B3n%E2%80%9D%20%20Carabineros%20Ays%C3%A9n%20despleg%C3%B3%20ronda%20masiva%20brindando%20m%C3%A1s%20seguridad%20a%20nuestros%20vecinos&#038;url=https:\/\/radiorevelacionfm.cl\/?p=24505' aria-hidden='false' data-av_icon='\ue8f1' data-av_iconfont='entypo-fontello' title='' data-avia-related-tooltip='Compartir en Twitter' rel=\"noopener\"><span class='avia_hidden_link_text'>Compartir en Twitter<\/span><\/a><\/li><li class='av-share-link av-social-link-whatsapp' ><a target=\"_blank\" aria-label=\"Compartir en Whatsapp\" href='https:\/\/api.whatsapp.com\/send?text=https:\/\/radiorevelacionfm.cl\/?p=24505' aria-hidden='false' data-av_icon='\uf232' data-av_iconfont='entypo-fontello' title='' data-avia-related-tooltip='Compartir en Whatsapp' rel=\"noopener\"><span class='avia_hidden_link_text'>Compartir en Whatsapp<\/span><\/a><\/li><li class='av-share-link av-social-link-linkedin' ><a target=\"_blank\" aria-label=\"Compartir en LinkedIn\" href='https:\/\/linkedin.com\/shareArticle?mini=true&#038;title=%E2%80%9CA%20mayor%20control%2C%20mayor%20prevenci%C3%B3n%E2%80%9D%20%20Carabineros%20Ays%C3%A9n%20despleg%C3%B3%20ronda%20masiva%20brindando%20m%C3%A1s%20seguridad%20a%20nuestros%20vecinos&#038;url=https:\/\/radiorevelacionfm.cl\/?p=24505' aria-hidden='false' data-av_icon='\ue8fc' data-av_iconfont='entypo-fontello' title='' data-avia-related-tooltip='Compartir en LinkedIn' rel=\"noopener\"><span class='avia_hidden_link_text'>Compartir en LinkedIn<\/span><\/a><\/li><li class='av-share-link av-social-link-mail' ><a  aria-label=\"Compartir por correo\" href='mailto:?subject=%E2%80%9CA%20mayor%20control%2C%20mayor%20prevenci%C3%B3n%E2%80%9D%20%20Carabineros%20Ays%C3%A9n%20despleg%C3%B3%20ronda%20masiva%20brindando%20m%C3%A1s%20seguridad%20a%20nuestros%20vecinos&#038;body=https:\/\/radiorevelacionfm.cl\/?p=24505' aria-hidden='false' data-av_icon='\ue805' data-av_iconfont='entypo-fontello' title='' data-avia-related-tooltip='Compartir por correo'><span class='avia_hidden_link_text'>Compartir por correo<\/span><\/a><\/li><\/ul><\/div><\/div>\n<div  style='height:50px' class='hr hr-invisible   avia-builder-el-8  el_after_av_social_share  el_before_av_comments_list '><span class='hr-inner ' ><span class='hr-inner-style'><\/span><\/span><\/div>\n<div  class='av-buildercomment  av-blog-meta-html-info-disabled av-blog-meta-tag-disabled  '><\/div>\n","protected":false},"excerpt":{"rendered":"","protected":false},"author":1,"featured_media":24506,"comment_status":"open","ping_status":"open","sticky":false,"template":"","format":"standard","meta":{"footnotes":""},"categories":[36,38],"tags":[],"class_list":["post-24505","post","type-post","status-publish","format-standard","has-post-thumbnail","hentry","category-policial","category-regional"],"jetpack_featured_media_url":"https:\/\/radiorevelacionfm.cl\/wp-content\/uploads\/2022\/11\/20221118_1707120-1_optimized.jpg","_links":{"self":[{"href":"https:\/\/radiorevelacionfm.cl\/index.php?rest_route=\/wp\/v2\/posts\/24505","targetHints":{"allow":["GET"]}}],"collection":[{"href":"https:\/\/radiorevelacionfm.cl\/index.php?rest_route=\/wp\/v2\/posts"}],"about":[{"href":"https:\/\/radiorevelacionfm.cl\/index.php?rest_route=\/wp\/v2\/types\/post"}],"author":[{"embeddable":true,"href":"https:\/\/radiorevelacionfm.cl\/index.php?rest_route=\/wp\/v2\/users\/1"}],"replies":[{"embeddable":true,"href":"https:\/\/radiorevelacionfm.cl\/index.php?rest_route=%2Fwp%2Fv2%2Fcomments&post=24505"}],"version-history":[{"count":2,"href":"https:\/\/radiorevelacionfm.cl\/index.php?rest_route=\/wp\/v2\/posts\/24505\/revisions"}],"predecessor-version":[{"id":24508,"href":"https:\/\/radiorevelacionfm.cl\/index.php?rest_route=\/wp\/v2\/posts\/24505\/revisions\/24508"}],"wp:featuredmedia":[{"embeddable":true,"href":"https:\/\/radiorevelacionfm.cl\/index.php?rest_route=\/wp\/v2\/media\/24506"}],"wp:attachment":[{"href":"https:\/\/radiorevelacionfm.cl\/index.php?rest_route=%2Fwp%2Fv2%2Fmedia&parent=24505"}],"wp:term":[{"taxonomy":"category","embeddable":true,"href":"https:\/\/radiorevelacionfm.cl\/index.php?rest_route=%2Fwp%2Fv2%2Fcategories&post=24505"},{"taxonomy":"post_tag","embeddable":true,"href":"https:\/\/radiorevelacionfm.cl\/index.php?rest_route=%2Fwp%2Fv2%2Ftags&post=24505"}],"curies":[{"name":"wp","href":"https:\/\/api.w.org\/{rel}","templated":true}]}}