{"id":24500,"date":"2022-11-22T09:28:34","date_gmt":"2022-11-22T12:28:34","guid":{"rendered":"https:\/\/radiorevelacionfm.cl\/?p=24500"},"modified":"2022-11-22T09:28:34","modified_gmt":"2022-11-22T12:28:34","slug":"sernameg-organiza-actividades-conmemorativas-en-coyhaique-y-puerto-aysen","status":"publish","type":"post","link":"https:\/\/radiorevelacionfm.cl\/?p=24500","title":{"rendered":"SernamEG organiza actividades conmemorativas en Coyhaique y Puerto Ays\u00e9n"},"content":{"rendered":"<div class=\"flex_column av_one_full  flex_column_div av-zero-column-padding first  avia-builder-el-0  el_before_av_one_full  avia-builder-el-first  \" style='border-radius:0px; '><div  class='avia-image-container  av-styling-    avia-builder-el-1  avia-builder-el-no-sibling  avia-align-center '  itemprop=\"image\" itemscope=\"itemscope\" itemtype=\"https:\/\/schema.org\/ImageObject\"  ><div class='avia-image-container-inner'><div class='avia-image-overlay-wrap'><img decoding=\"async\" class='wp-image-24501 avia-img-lazy-loading-not-24501 avia_image' src=\"https:\/\/radiorevelacionfm.cl\/wp-content\/uploads\/2022\/11\/actividades-conmemorativas-SernamEG-Coyhaique-13-1-1.jpg\" alt='' title='actividades conmemorativas SernamEG Coyhaique (13) (1) (1)' height=\"600\" width=\"901\"  itemprop=\"thumbnailUrl\" srcset=\"https:\/\/radiorevelacionfm.cl\/wp-content\/uploads\/2022\/11\/actividades-conmemorativas-SernamEG-Coyhaique-13-1-1.jpg 901w, https:\/\/radiorevelacionfm.cl\/wp-content\/uploads\/2022\/11\/actividades-conmemorativas-SernamEG-Coyhaique-13-1-1-300x200.jpg 300w, https:\/\/radiorevelacionfm.cl\/wp-content\/uploads\/2022\/11\/actividades-conmemorativas-SernamEG-Coyhaique-13-1-1-768x511.jpg 768w, https:\/\/radiorevelacionfm.cl\/wp-content\/uploads\/2022\/11\/actividades-conmemorativas-SernamEG-Coyhaique-13-1-1-705x469.jpg 705w, https:\/\/radiorevelacionfm.cl\/wp-content\/uploads\/2022\/11\/actividades-conmemorativas-SernamEG-Coyhaique-13-1-1-600x400.jpg 600w\" sizes=\"(max-width: 901px) 100vw, 901px\" \/><\/div><\/div><\/div><\/div><div class=\"flex_column av_one_full  flex_column_div av-zero-column-padding first  avia-builder-el-2  el_after_av_one_full  el_before_av_one_full  column-top-margin\" style='border-radius:0px; '><section class=\"av_textblock_section \"  itemscope=\"itemscope\" itemtype=\"https:\/\/schema.org\/BlogPosting\" itemprop=\"blogPost\" ><div class='avia_textblock  '   itemprop=\"text\" ><p style=\"font-weight: 400; text-align: center;\"><strong><span style=\"font-size: 18pt;\">SernamEG organiza actividades conmemorativas en Coyhaique y Puerto Ays\u00e9n<\/span><\/strong><\/p>\n<div id=\"gtx-trans\" style=\"position: absolute; left: -50px; top: 4.31534px;\">\n<div class=\"gtx-trans-icon\"><\/div>\n<\/div>\n<\/div><\/section><\/div><div class=\"flex_column av_one_full  flex_column_div av-zero-column-padding first  avia-builder-el-4  el_after_av_one_full  el_before_av_hr  column-top-margin\" style='border-radius:0px; '><section class=\"av_textblock_section \"  itemscope=\"itemscope\" itemtype=\"https:\/\/schema.org\/BlogPosting\" itemprop=\"blogPost\" ><div class='avia_textblock  '   itemprop=\"text\" ><p style=\"font-weight: 400; text-align: justify;\">Cada a\u00f1o el Servicio Nacional de la Mujer y la Equidad de G\u00e9nero, SernamEG, organiza actividades relativas a la conmemoraci\u00f3n del D\u00eda Internacional de la Eliminaci\u00f3n de la Violencia contra las Mujeres, en conjunto con las municipalidades de Ays\u00e9n y Coyhaique, con las cuales mantiene convenios vigentes. Espec\u00edficamente, con el programa de Prevenci\u00f3n en Violencia contra las Mujeres, que genera alianzas con otras instituciones en los territorios para levantar actividades; las que permiten sensibilizar sobre esta problem\u00e1tica sociocultural. Una de las m\u00e1s recientes iniciativas en esta materia, se llev\u00f3 a cabo en la plaza Angol de la capital regional, denominada \u201cVelat\u00f3n zapatos de mujeres\u201d, la que tuvo por finalidad el recordar a las ni\u00f1as, j\u00f3venes y mujeres que ya no est\u00e1n a causa de la violencia extrema. La actividad fue organizada por la Mesa Intersectorial de Prevenci\u00f3n de Violencia en Poblaci\u00f3n Juvenil y cont\u00f3 con la colaboraci\u00f3n del Instituto Nacional de Derechos Humanos, INDH.<\/p>\n<p style=\"font-weight: 400; text-align: justify;\">Respecto a las acciones del Gobierno del Presidente Gabriel Boric Font en esta materia, la Seremi de la Mujer y la Equidad de G\u00e9nero, Andrea M\u00e9ndez Valenzuela, sostuvo que \u201ccomo Gobierno y Ministerio tenemos claro que la violencia contra las mujeres constituye una problem\u00e1tica grave, estructural, multidimensional y por eso hemos impulsado distintas leyes. En cuanto a las expresiones m\u00e1s violentas, estamos realizando distintas gestiones y que tienen que ver con el comprometer a la administraci\u00f3n del Estado en su conjunto; por eso en el Programa de Gobierno hemos se\u00f1alado tajantemente que el G\u00e9nero es un tema de Estado donde todos los ministerios tienen que involucrarse en esta tem\u00e1tica. As\u00ed lo ha mandatado nuestro Presidente y la Ministra, en la Regi\u00f3n hemos bajado ese mensaje a cada una de las autoridades e instituciones\u201d.<\/p>\n<p style=\"font-weight: 400; text-align: justify;\">Por su parte, la Directora Regional (S) de SernamEG, Carla Arriagada Malague\u00f1o, se refiri\u00f3 al sentido de la velat\u00f3n manifestando que \u201ces recordar a aquellas mujeres que han muerto en la regi\u00f3n de Ays\u00e9n. Los zapatos de mujeres incluyen una breve rese\u00f1a de cada una de ellas, junto a la lectura de relatos de las madres, hermanas, familias de las mujeres asesinadas en contexto de femicidio en Chile. La idea es sensibilizar c\u00f3mo los femicidios causan un impacto no s\u00f3lo en la muerte de una mujer, sino que interrumpe la vida de toda una familia; es decir, hijas e hijos, madres y padres, los que tienen que volver a levantarse con el dolor y reestructurar sus vidas para encontrar un sentido, el que muchas veces, es buscar justicia por aquellas que ya no est\u00e1n\u201d.<\/p>\n<p style=\"font-weight: 400; text-align: justify;\">En tanto, la Administradora Municipal de Coyhaique, Gabriela Retamal Retamal, destac\u00f3 el trabajo mancomunado con SernamEG en el abordaje de este fen\u00f3meno. \u201cSe ha hecho una labor importante en esta comuna, donde los altos \u00edndices de violencia son una realidad que vino para quedarse. Reconocer el compromiso del Alcalde Carlos Gatica Villegas en estas tem\u00e1ticas y agradecer al SernamEG por esta actividad y otras que hemos realizado en conjunto\u201d. En cuanto a la actividad, agreg\u00f3 que \u201chacemos un llamado a todas mujeres de la comuna que se acerquen a la Oficina Municipal de la Mujer, que trabaja en conjunto con SernamEG, ah\u00ed le prestaremos orientaci\u00f3n para todas sus necesidades respecto a este tema\u201d.<\/p>\n<p style=\"font-weight: 400; text-align: justify;\">Bel\u00e9n Abarz\u00faa Rivera fue de las personas que asistieron a la velat\u00f3n y resalt\u00f3 que \u201ces una excelente actividad para que la comunidad en general conozca m\u00e1s sobre este tema y tambi\u00e9n se informe sobre los n\u00fameros donde pueden denunciar. Creo que ya es suficiente, tienen que dejarnos de matar s\u00f3lo por el hecho de ser mujeres\u201d. En tanto, Carla Montenegro Barrios, sostuvo que \u201cme parece que esta instancia es muy provechosa para que las mujeres nos juntemos y sentir que no estamos solas, as\u00ed como apoyarnos frente a la violencia que actualmente sigue activa y todav\u00eda muy oculta\u201d.<\/p>\n<p style=\"font-weight: 400; text-align: justify;\">Junto a la instalaci\u00f3n de zapatos de mujeres de distintas edades con nombres y fechas de femicidios ocurridos en la regi\u00f3n de Ays\u00e9n y la lectura de relatos del libro de la Coordinadora 19 Diciembre; se dispuso de atriles con hojas para estampar una reflexi\u00f3n, un sentimiento o una opini\u00f3n sobre la iniciativa. En la ocasi\u00f3n, tambi\u00e9n estuvieron presentes la Seremi de Gobierno, Tatiana Pla \u00c1lvarez; la Seremi de Desarrollo Social y Familia, Karina Acevedo Auad; y la Directora (S) del INDH, Carla Romo Sanhueza.<\/p>\n<p style=\"font-weight: 400; text-align: justify;\">SEMINARIO EN PUERTO AYS\u00c9N<\/p>\n<p style=\"font-weight: 400; text-align: justify;\">Otra de las actividades organizadas por el programa de Prevenci\u00f3n en Violencia contra las Mujeres fue el seminario \u201cDerechos humanos, g\u00e9nero y detecci\u00f3n oportuna\u201d instancia de capacitaci\u00f3n dirigida a funcionarias y funcionarios de la Municipalidad de Ays\u00e9n y de otros organismos p\u00fablicos presentes en el territorio.<\/p>\n<p style=\"font-weight: 400; text-align: justify;\">En la ceremonia de apertura el Alcalde de Ays\u00e9n, Julio Uribe Alvarado, dijo a las personas presentes: \u201ceste Seminario nos permite sensibilizar, reflexionar y profundizar en materia de intervenci\u00f3n con ni\u00f1as, adolescentes y mujeres; sobre la detecci\u00f3n de posibles se\u00f1ales que nos lleve a una oportuna atenci\u00f3n de situaciones de violencia. Nuestro Municipio continuar\u00e1 abordando estas materias a trav\u00e9s del programa de Prevenci\u00f3n y del Centro de la Mujer Naa Alver\u00e9. Agradecemos la entrega de este tremendo equipo, el que est\u00e1 trabajando de muy buena forma para poder abordar este tema y sensibilizar tambi\u00e9n a la comunidad\u201d.<\/p>\n<p style=\"font-weight: 400; text-align: justify;\">En su intervenci\u00f3n, la Directora Regional (S) del INDH, Carla Romo Sanhueza, manifest\u00f3: \u201cquiero dar las gracias a cada una\/o de ustedes que est\u00e1n aqu\u00ed a pesar de lo exigente que es la \u00e9poca del fin de a\u00f1o. Sin duda cuando dialogamos sobre nuestras propias vivencias en materia de derechos humanos y el enfoque de g\u00e9nero damos un tremendo paso. El abordar de forma positiva y de forma mancomunada el c\u00f3mo proteger a las ni\u00f1as, adolescentes, mujeres y tambi\u00e9n diversidades nos permite avanzar hacia un pa\u00eds mejor\u201d.<\/p>\n<p style=\"font-weight: 400; text-align: justify;\">La primera presentaci\u00f3n estuvo a cargo de Carla Romo Sanhueza, denominada \u201cG\u00e9nero y Derechos Humanos\u201d. A continuaci\u00f3n, fue el turno de la Encargada Regional del programa de Prevenci\u00f3n en Violencia contra las Mujeres de SernamEG, Patricia Mac\u00edas Hern\u00e1ndez, llamada \u201cViolencias contra las mujeres\u201d. Durante la jornada de la tarde se efectu\u00f3 la tercera ponencia &#8211; \u201cPrimera acogida a mujeres v\u00edctimas de violencia\u201d- en el audit\u00f3rium del Hospital de Puerto Ays\u00e9n, a cargo de la Encargada Territorial del programa de Prevenci\u00f3n en Violencia contra las Mujeres, Leslie Bruna Bustamante.<\/p>\n<\/div><\/section><\/div><div  style='height:50px' class='hr hr-invisible   avia-builder-el-6  el_after_av_one_full  el_before_av_social_share '><span class='hr-inner ' ><span class='hr-inner-style'><\/span><\/span><\/div><\/p>\n<div  class='av-social-sharing-box  avia-builder-el-7  el_after_av_hr  el_before_av_hr  '><div class='av-share-box'><h5 class='av-share-link-description av-no-toc '>Compartir esta noticia<\/h5><ul class='av-share-box-list noLightbox'><li class='av-share-link av-social-link-facebook' ><a target=\"_blank\" aria-label=\"Compartir en Facebook\" href='https:\/\/www.facebook.com\/sharer.php?u=https:\/\/radiorevelacionfm.cl\/?p=24500&#038;t=SernamEG%20organiza%20actividades%20conmemorativas%20en%20Coyhaique%20y%20Puerto%20Ays%C3%A9n' aria-hidden='false' data-av_icon='\ue8f3' data-av_iconfont='entypo-fontello' title='' data-avia-related-tooltip='Compartir en Facebook' rel=\"noopener\"><span class='avia_hidden_link_text'>Compartir en Facebook<\/span><\/a><\/li><li class='av-share-link av-social-link-twitter' ><a target=\"_blank\" aria-label=\"Compartir en Twitter\" href='https:\/\/twitter.com\/share?text=SernamEG%20organiza%20actividades%20conmemorativas%20en%20Coyhaique%20y%20Puerto%20Ays%C3%A9n&#038;url=https:\/\/radiorevelacionfm.cl\/?p=24500' aria-hidden='false' data-av_icon='\ue8f1' data-av_iconfont='entypo-fontello' title='' data-avia-related-tooltip='Compartir en Twitter' rel=\"noopener\"><span class='avia_hidden_link_text'>Compartir en Twitter<\/span><\/a><\/li><li class='av-share-link av-social-link-whatsapp' ><a target=\"_blank\" aria-label=\"Compartir en Whatsapp\" href='https:\/\/api.whatsapp.com\/send?text=https:\/\/radiorevelacionfm.cl\/?p=24500' aria-hidden='false' data-av_icon='\uf232' data-av_iconfont='entypo-fontello' title='' data-avia-related-tooltip='Compartir en Whatsapp' rel=\"noopener\"><span class='avia_hidden_link_text'>Compartir en Whatsapp<\/span><\/a><\/li><li class='av-share-link av-social-link-linkedin' ><a target=\"_blank\" aria-label=\"Compartir en LinkedIn\" href='https:\/\/linkedin.com\/shareArticle?mini=true&#038;title=SernamEG%20organiza%20actividades%20conmemorativas%20en%20Coyhaique%20y%20Puerto%20Ays%C3%A9n&#038;url=https:\/\/radiorevelacionfm.cl\/?p=24500' aria-hidden='false' data-av_icon='\ue8fc' data-av_iconfont='entypo-fontello' title='' data-avia-related-tooltip='Compartir en LinkedIn' rel=\"noopener\"><span class='avia_hidden_link_text'>Compartir en LinkedIn<\/span><\/a><\/li><li class='av-share-link av-social-link-mail' ><a  aria-label=\"Compartir por correo\" href='mailto:?subject=SernamEG%20organiza%20actividades%20conmemorativas%20en%20Coyhaique%20y%20Puerto%20Ays%C3%A9n&#038;body=https:\/\/radiorevelacionfm.cl\/?p=24500' aria-hidden='false' data-av_icon='\ue805' data-av_iconfont='entypo-fontello' title='' data-avia-related-tooltip='Compartir por correo'><span class='avia_hidden_link_text'>Compartir por correo<\/span><\/a><\/li><\/ul><\/div><\/div>\n<div  style='height:50px' class='hr hr-invisible   avia-builder-el-8  el_after_av_social_share  el_before_av_comments_list '><span class='hr-inner ' ><span class='hr-inner-style'><\/span><\/span><\/div>\n<div  class='av-buildercomment  av-blog-meta-html-info-disabled av-blog-meta-tag-disabled  '><\/div>\n","protected":false},"excerpt":{"rendered":"","protected":false},"author":1,"featured_media":24501,"comment_status":"open","ping_status":"open","sticky":false,"template":"","format":"standard","meta":{"footnotes":""},"categories":[38],"tags":[],"class_list":["post-24500","post","type-post","status-publish","format-standard","has-post-thumbnail","hentry","category-regional"],"jetpack_featured_media_url":"https:\/\/radiorevelacionfm.cl\/wp-content\/uploads\/2022\/11\/actividades-conmemorativas-SernamEG-Coyhaique-13-1-1.jpg","_links":{"self":[{"href":"https:\/\/radiorevelacionfm.cl\/index.php?rest_route=\/wp\/v2\/posts\/24500","targetHints":{"allow":["GET"]}}],"collection":[{"href":"https:\/\/radiorevelacionfm.cl\/index.php?rest_route=\/wp\/v2\/posts"}],"about":[{"href":"https:\/\/radiorevelacionfm.cl\/index.php?rest_route=\/wp\/v2\/types\/post"}],"author":[{"embeddable":true,"href":"https:\/\/radiorevelacionfm.cl\/index.php?rest_route=\/wp\/v2\/users\/1"}],"replies":[{"embeddable":true,"href":"https:\/\/radiorevelacionfm.cl\/index.php?rest_route=%2Fwp%2Fv2%2Fcomments&post=24500"}],"version-history":[{"count":2,"href":"https:\/\/radiorevelacionfm.cl\/index.php?rest_route=\/wp\/v2\/posts\/24500\/revisions"}],"predecessor-version":[{"id":24503,"href":"https:\/\/radiorevelacionfm.cl\/index.php?rest_route=\/wp\/v2\/posts\/24500\/revisions\/24503"}],"wp:featuredmedia":[{"embeddable":true,"href":"https:\/\/radiorevelacionfm.cl\/index.php?rest_route=\/wp\/v2\/media\/24501"}],"wp:attachment":[{"href":"https:\/\/radiorevelacionfm.cl\/index.php?rest_route=%2Fwp%2Fv2%2Fmedia&parent=24500"}],"wp:term":[{"taxonomy":"category","embeddable":true,"href":"https:\/\/radiorevelacionfm.cl\/index.php?rest_route=%2Fwp%2Fv2%2Fcategories&post=24500"},{"taxonomy":"post_tag","embeddable":true,"href":"https:\/\/radiorevelacionfm.cl\/index.php?rest_route=%2Fwp%2Fv2%2Ftags&post=24500"}],"curies":[{"name":"wp","href":"https:\/\/api.w.org\/{rel}","templated":true}]}}