{"id":24492,"date":"2022-11-21T20:13:27","date_gmt":"2022-11-21T23:13:27","guid":{"rendered":"https:\/\/radiorevelacionfm.cl\/?p=24492"},"modified":"2022-11-21T20:13:27","modified_gmt":"2022-11-21T23:13:27","slug":"aysen-esta-listo-para-el-inicio-de-la-temporada-de-cruceros-despues-de-dos-anos","status":"publish","type":"post","link":"https:\/\/radiorevelacionfm.cl\/?p=24492","title":{"rendered":"Ays\u00e9n est\u00e1 listo para el inicio de la temporada de cruceros despu\u00e9s de dos a\u00f1os"},"content":{"rendered":"<div class=\"flex_column av_one_full  flex_column_div av-zero-column-padding first  avia-builder-el-0  el_before_av_one_full  avia-builder-el-first  \" style='border-radius:0px; '><div  class='avia-image-container  av-styling-    avia-builder-el-1  avia-builder-el-no-sibling  avia-align-center '  itemprop=\"image\" itemscope=\"itemscope\" itemtype=\"https:\/\/schema.org\/ImageObject\"  ><div class='avia-image-container-inner'><div class='avia-image-overlay-wrap'><img decoding=\"async\" class='wp-image-24493 avia-img-lazy-loading-not-24493 avia_image' src=\"https:\/\/radiorevelacionfm.cl\/wp-content\/uploads\/2022\/11\/azamara-11.02-1-1-1.jpg\" alt='' title='azamara-11.02-1 (1) (1)' height=\"600\" width=\"800\"  itemprop=\"thumbnailUrl\" srcset=\"https:\/\/radiorevelacionfm.cl\/wp-content\/uploads\/2022\/11\/azamara-11.02-1-1-1.jpg 800w, https:\/\/radiorevelacionfm.cl\/wp-content\/uploads\/2022\/11\/azamara-11.02-1-1-1-300x225.jpg 300w, https:\/\/radiorevelacionfm.cl\/wp-content\/uploads\/2022\/11\/azamara-11.02-1-1-1-768x576.jpg 768w, https:\/\/radiorevelacionfm.cl\/wp-content\/uploads\/2022\/11\/azamara-11.02-1-1-1-705x529.jpg 705w, https:\/\/radiorevelacionfm.cl\/wp-content\/uploads\/2022\/11\/azamara-11.02-1-1-1-600x450.jpg 600w\" sizes=\"(max-width: 800px) 100vw, 800px\" \/><\/div><\/div><\/div><\/div><div class=\"flex_column av_one_full  flex_column_div av-zero-column-padding first  avia-builder-el-2  el_after_av_one_full  el_before_av_one_full  column-top-margin\" style='border-radius:0px; '><section class=\"av_textblock_section \"  itemscope=\"itemscope\" itemtype=\"https:\/\/schema.org\/BlogPosting\" itemprop=\"blogPost\" ><div class='avia_textblock  '   itemprop=\"text\" ><p style=\"text-align: center;\"><strong><span style=\"font-size: 18pt;\">Ays\u00e9n est\u00e1 listo para el inicio de la temporada de cruceros despu\u00e9s de dos a\u00f1os<\/span><\/strong><\/p>\n<div id=\"gtx-trans\" style=\"position: absolute; left: -50px; top: 4.31534px;\">\n<div class=\"gtx-trans-icon\"><\/div>\n<\/div>\n<\/div><\/section><\/div><div class=\"flex_column av_one_full  flex_column_div av-zero-column-padding first  avia-builder-el-4  el_after_av_one_full  el_before_av_hr  column-top-margin\" style='border-radius:0px; '><section class=\"av_textblock_section \"  itemscope=\"itemscope\" itemtype=\"https:\/\/schema.org\/BlogPosting\" itemprop=\"blogPost\" ><div class='avia_textblock  '   itemprop=\"text\" ><p style=\"text-align: justify;\">Todo est\u00e1 preparado para comenzar la temporada de cruceros en la comuna porte\u00f1a, ya que la Unidad de Turismo de la Ilustre Municipalidad de Ays\u00e9n, bajo el liderazgo del alcalde, Julio Uribe Alvarado, ha desplegado una intensa agenda para el reinicio de la actividad econ\u00f3mica hacia los turistas.<\/p>\n<p style=\"text-align: justify;\">Los comerciantes est\u00e1n expectantes por el recalado del primer crucero que llegar\u00e1 al principal puerto de la regi\u00f3n este pr\u00f3ximo lunes 28 de noviembre, con la posible llegada de varios extranjeros que buscan ser espectadores del patrimonio natural local.<\/p>\n<p style=\"text-align: justify;\">Llegar\u00e1n un total de 17 cruceros entre el pr\u00f3ximo 28 de noviembre y el 25 de marzo de 2023, esto significa que se recibir\u00e1 un estimado de m\u00e1s de 20.000 turistas que, a diferencia de otros a\u00f1os, podr\u00e1n quedarse m\u00e1s tiempo recorriendo el lugar, distinto a de las 5 horas eran la constante en a\u00f1os antes de la covid-19.<\/p>\n<p style=\"text-align: justify;\">A pesar de las adecuaciones sanitarias realizadas por el Gobierno en octubre, igualmente se tomar\u00e1n medidas para no arriesgar la salud de la poblaci\u00f3n. Una de las acciones importantes, previas a la llegada de la primera embarcaci\u00f3n, ser\u00e1 un simulacro de emergencia internacional en caso de que venga una persona infectada por alg\u00fan cuadro end\u00e9mico para este pr\u00f3ximo jueves 24 de noviembre.<\/p>\n<p style=\"text-align: justify;\">De igual manera, junto a la llegada de los barcos, la capitan\u00eda de puerto debe contactarse 24 horas antes de la llegada de un crucero, el cual debe informar de cualquier contagiado para tomar las medidas necesarias de resguardo.<\/p>\n<p style=\"text-align: justify;\">La Municipalidad de Ays\u00e9n, a trav\u00e9s de la Unidad de Turismo, tiene el objetivo de ayudar y coordinar a los participantes de actividades econ\u00f3micas para que todos puedan tener las mismas oportunidades de ofrecer sus productos a los turistas.<\/p>\n<p style=\"text-align: justify;\">Por lo anterior, la encargada de la Unidad de Turismo, Loreta Co\u00f1ecar realiz\u00f3 un llamado a los comerciantes para incentivaros en la recepci\u00f3n de visitantes, \u201clos queremos invitar a todos, porque si bien vendr\u00e1n cruceros, tambi\u00e9n tendremos a turistas nacionales, queremos incitarlos a tener las puertas abiertas de sus locales, a cumplir con sus horarios que tengan dispuestos en sus fachadas porque las personas van a venir a comprar artesan\u00eda y todos los productos que tengamos para ofrecer que sean t\u00edpicos de la comuna. As\u00ed que reitero la invitaci\u00f3n, para que los turistas se vayan con la mejor experiencia\u201d.<\/p>\n<p style=\"text-align: justify;\">Otra particularidad de los cruceros, ser\u00e1 que estar\u00e1n equitativamente repartidos durante todo este periodo, por lo cual se planearon distintas ferias en la plaza de Puerto Ays\u00e9n para que los comerciantes puedan vender sus productos.<\/p>\n<p style=\"text-align: justify;\">Ante cualquier duda que puedan precisar los comerciantes o para recibir la informaci\u00f3n exacta acerca de la llegada de los cruceros est\u00e1 dispuesto el correo de la Unidad: <a href=\"mailto:turismo@puertoaysen.cl\">turismo@puertoaysen.cl<\/a> o los interesados pueden pedir los datos en la oficina de informaci\u00f3n tur\u00edstica ubicada Calle Carrera s\/n (A un costado del Cerro Mirador) en Puerto Ays\u00e9n.<\/p>\n<\/div><\/section><\/div><div  style='height:50px' class='hr hr-invisible   avia-builder-el-6  el_after_av_one_full  el_before_av_social_share '><span class='hr-inner ' ><span class='hr-inner-style'><\/span><\/span><\/div><\/p>\n<div  class='av-social-sharing-box  avia-builder-el-7  el_after_av_hr  el_before_av_hr  '><div class='av-share-box'><h5 class='av-share-link-description av-no-toc '>Compartir esta noticia<\/h5><ul class='av-share-box-list noLightbox'><li class='av-share-link av-social-link-facebook' ><a target=\"_blank\" aria-label=\"Compartir en Facebook\" href='https:\/\/www.facebook.com\/sharer.php?u=https:\/\/radiorevelacionfm.cl\/?p=24492&#038;t=Ays%C3%A9n%20est%C3%A1%20listo%20para%20el%20inicio%20de%20la%20temporada%20de%20cruceros%20despu%C3%A9s%20de%20dos%20a%C3%B1os' aria-hidden='false' data-av_icon='\ue8f3' data-av_iconfont='entypo-fontello' title='' data-avia-related-tooltip='Compartir en Facebook' rel=\"noopener\"><span class='avia_hidden_link_text'>Compartir en Facebook<\/span><\/a><\/li><li class='av-share-link av-social-link-twitter' ><a target=\"_blank\" aria-label=\"Compartir en Twitter\" href='https:\/\/twitter.com\/share?text=Ays%C3%A9n%20est%C3%A1%20listo%20para%20el%20inicio%20de%20la%20temporada%20de%20cruceros%20despu%C3%A9s%20de%20dos%20a%C3%B1os&#038;url=https:\/\/radiorevelacionfm.cl\/?p=24492' aria-hidden='false' data-av_icon='\ue8f1' data-av_iconfont='entypo-fontello' title='' data-avia-related-tooltip='Compartir en Twitter' rel=\"noopener\"><span class='avia_hidden_link_text'>Compartir en Twitter<\/span><\/a><\/li><li class='av-share-link av-social-link-whatsapp' ><a target=\"_blank\" aria-label=\"Compartir en Whatsapp\" href='https:\/\/api.whatsapp.com\/send?text=https:\/\/radiorevelacionfm.cl\/?p=24492' aria-hidden='false' data-av_icon='\uf232' data-av_iconfont='entypo-fontello' title='' data-avia-related-tooltip='Compartir en Whatsapp' rel=\"noopener\"><span class='avia_hidden_link_text'>Compartir en Whatsapp<\/span><\/a><\/li><li class='av-share-link av-social-link-linkedin' ><a target=\"_blank\" aria-label=\"Compartir en LinkedIn\" href='https:\/\/linkedin.com\/shareArticle?mini=true&#038;title=Ays%C3%A9n%20est%C3%A1%20listo%20para%20el%20inicio%20de%20la%20temporada%20de%20cruceros%20despu%C3%A9s%20de%20dos%20a%C3%B1os&#038;url=https:\/\/radiorevelacionfm.cl\/?p=24492' aria-hidden='false' data-av_icon='\ue8fc' data-av_iconfont='entypo-fontello' title='' data-avia-related-tooltip='Compartir en LinkedIn' rel=\"noopener\"><span class='avia_hidden_link_text'>Compartir en LinkedIn<\/span><\/a><\/li><li class='av-share-link av-social-link-mail' ><a  aria-label=\"Compartir por correo\" href='mailto:?subject=Ays%C3%A9n%20est%C3%A1%20listo%20para%20el%20inicio%20de%20la%20temporada%20de%20cruceros%20despu%C3%A9s%20de%20dos%20a%C3%B1os&#038;body=https:\/\/radiorevelacionfm.cl\/?p=24492' aria-hidden='false' data-av_icon='\ue805' data-av_iconfont='entypo-fontello' title='' data-avia-related-tooltip='Compartir por correo'><span class='avia_hidden_link_text'>Compartir por correo<\/span><\/a><\/li><\/ul><\/div><\/div>\n<div  style='height:50px' class='hr hr-invisible   avia-builder-el-8  el_after_av_social_share  el_before_av_comments_list '><span class='hr-inner ' ><span class='hr-inner-style'><\/span><\/span><\/div>\n<div  class='av-buildercomment  av-blog-meta-html-info-disabled av-blog-meta-tag-disabled  '><\/div>\n","protected":false},"excerpt":{"rendered":"","protected":false},"author":1,"featured_media":24493,"comment_status":"open","ping_status":"open","sticky":false,"template":"","format":"standard","meta":{"footnotes":""},"categories":[38],"tags":[],"class_list":["post-24492","post","type-post","status-publish","format-standard","has-post-thumbnail","hentry","category-regional"],"jetpack_featured_media_url":"https:\/\/radiorevelacionfm.cl\/wp-content\/uploads\/2022\/11\/azamara-11.02-1-1-1.jpg","_links":{"self":[{"href":"https:\/\/radiorevelacionfm.cl\/index.php?rest_route=\/wp\/v2\/posts\/24492","targetHints":{"allow":["GET"]}}],"collection":[{"href":"https:\/\/radiorevelacionfm.cl\/index.php?rest_route=\/wp\/v2\/posts"}],"about":[{"href":"https:\/\/radiorevelacionfm.cl\/index.php?rest_route=\/wp\/v2\/types\/post"}],"author":[{"embeddable":true,"href":"https:\/\/radiorevelacionfm.cl\/index.php?rest_route=\/wp\/v2\/users\/1"}],"replies":[{"embeddable":true,"href":"https:\/\/radiorevelacionfm.cl\/index.php?rest_route=%2Fwp%2Fv2%2Fcomments&post=24492"}],"version-history":[{"count":2,"href":"https:\/\/radiorevelacionfm.cl\/index.php?rest_route=\/wp\/v2\/posts\/24492\/revisions"}],"predecessor-version":[{"id":24499,"href":"https:\/\/radiorevelacionfm.cl\/index.php?rest_route=\/wp\/v2\/posts\/24492\/revisions\/24499"}],"wp:featuredmedia":[{"embeddable":true,"href":"https:\/\/radiorevelacionfm.cl\/index.php?rest_route=\/wp\/v2\/media\/24493"}],"wp:attachment":[{"href":"https:\/\/radiorevelacionfm.cl\/index.php?rest_route=%2Fwp%2Fv2%2Fmedia&parent=24492"}],"wp:term":[{"taxonomy":"category","embeddable":true,"href":"https:\/\/radiorevelacionfm.cl\/index.php?rest_route=%2Fwp%2Fv2%2Fcategories&post=24492"},{"taxonomy":"post_tag","embeddable":true,"href":"https:\/\/radiorevelacionfm.cl\/index.php?rest_route=%2Fwp%2Fv2%2Ftags&post=24492"}],"curies":[{"name":"wp","href":"https:\/\/api.w.org\/{rel}","templated":true}]}}