{"id":24451,"date":"2022-11-21T09:29:25","date_gmt":"2022-11-21T12:29:25","guid":{"rendered":"https:\/\/radiorevelacionfm.cl\/?p=24451"},"modified":"2022-11-21T09:29:25","modified_gmt":"2022-11-21T12:29:25","slug":"mop-presenta-a-comunidad-de-chile-chico-tres-anteproyectos-de-disenos-de-naves-para-eleccion-de-alternativa-que-operara-en-el-lago-general-carrera","status":"publish","type":"post","link":"https:\/\/radiorevelacionfm.cl\/?p=24451","title":{"rendered":"MOP presenta a comunidad de Chile Chico tres anteproyectos de dise\u00f1os de naves para elecci\u00f3n de alternativa que operar\u00e1 en el Lago General Carrera"},"content":{"rendered":"<div class=\"flex_column av_one_full  flex_column_div av-zero-column-padding first  avia-builder-el-0  el_before_av_one_full  avia-builder-el-first  \" style='border-radius:0px; '><div  class='avia-image-container  av-styling-    avia-builder-el-1  avia-builder-el-no-sibling  avia-align-center '  itemprop=\"image\" itemscope=\"itemscope\" itemtype=\"https:\/\/schema.org\/ImageObject\"  ><div class='avia-image-container-inner'><div class='avia-image-overlay-wrap'><img decoding=\"async\" class='wp-image-24452 avia-img-lazy-loading-not-24452 avia_image' src=\"https:\/\/radiorevelacionfm.cl\/wp-content\/uploads\/2022\/11\/PAC-CHIECHICO-1-1.jpg\" alt='' title='PAC-CHIECHICO (1) (1)' height=\"600\" width=\"800\"  itemprop=\"thumbnailUrl\" srcset=\"https:\/\/radiorevelacionfm.cl\/wp-content\/uploads\/2022\/11\/PAC-CHIECHICO-1-1.jpg 800w, https:\/\/radiorevelacionfm.cl\/wp-content\/uploads\/2022\/11\/PAC-CHIECHICO-1-1-300x225.jpg 300w, https:\/\/radiorevelacionfm.cl\/wp-content\/uploads\/2022\/11\/PAC-CHIECHICO-1-1-768x576.jpg 768w, https:\/\/radiorevelacionfm.cl\/wp-content\/uploads\/2022\/11\/PAC-CHIECHICO-1-1-705x529.jpg 705w, https:\/\/radiorevelacionfm.cl\/wp-content\/uploads\/2022\/11\/PAC-CHIECHICO-1-1-600x450.jpg 600w\" sizes=\"(max-width: 800px) 100vw, 800px\" \/><\/div><\/div><\/div><\/div><div class=\"flex_column av_one_full  flex_column_div av-zero-column-padding first  avia-builder-el-2  el_after_av_one_full  el_before_av_one_full  column-top-margin\" style='border-radius:0px; '><section class=\"av_textblock_section \"  itemscope=\"itemscope\" itemtype=\"https:\/\/schema.org\/BlogPosting\" itemprop=\"blogPost\" ><div class='avia_textblock  '   itemprop=\"text\" ><p style=\"text-align: center;\"><span style=\"font-size: 18pt;\"><strong>MOP presenta a comunidad de Chile Chico tres anteproyectos de dise\u00f1os de naves para elecci\u00f3n de alternativa que operar\u00e1 en el Lago General Carrera<\/strong><\/span><\/p>\n<div id=\"gtx-trans\" style=\"position: absolute; left: -50px; top: 4.31534px;\">\n<div class=\"gtx-trans-icon\"><\/div>\n<\/div>\n<\/div><\/section><\/div><div class=\"flex_column av_one_full  flex_column_div av-zero-column-padding first  avia-builder-el-4  el_after_av_one_full  el_before_av_hr  column-top-margin\" style='border-radius:0px; '><section class=\"av_textblock_section \"  itemscope=\"itemscope\" itemtype=\"https:\/\/schema.org\/BlogPosting\" itemprop=\"blogPost\" ><div class='avia_textblock  '   itemprop=\"text\" ><p style=\"text-align: justify;\">El Secretario Regional Ministerial de Obras P\u00fablicas Patricio Sanhueza Ulloa junto al Director Regional de Obras Portuarias del MOP \u00c1lvaro D\u00edaz Contreras y el Ingeniero Naval de la Direcci\u00f3n Regional de Obras Portuarias del MOP Jose Z\u00fa\u00f1iga, viajaron a la ciudad de Chile Chico para presentar a las vecinas y vecinos tres alternativas de Anteproyectos de Dise\u00f1os de Naves para la elecci\u00f3n de la mejor opci\u00f3n de embarcaci\u00f3n que operar\u00e1 en el Lago General Carrera por los pr\u00f3ximos a\u00f1os y conectar en mejores condiciones a la comunidad de Chile Chico e Ib\u00e1\u00f1ez con otros centros poblados de la regi\u00f3n de Ays\u00e9n.<\/p>\n<p style=\"text-align: justify;\">Las tres iniciativas se presentaron en el marco de la realizaci\u00f3n de la segunda reuni\u00f3n de participaci\u00f3n ciudadana efectuada este a\u00f1o con la comunidad de Chile Chico, junto al Delegado Presidencial de la Provincia General Carrera Daniel Fern\u00e1ndez, el Concejal Ariel Keim y el presidente de la Uni\u00f3n Comunal de Juntas de Vecinos Patricio Zumelzu, entre otras autoridades, cumpliendo los compromisos contra\u00eddos con la comunidad con la creaci\u00f3n de la Mesa de Conectividad, instancia de escucha, di\u00e1logo y participaci\u00f3n; la adopci\u00f3n de un conjunto de medidas en ejecuci\u00f3n como la firma del Convenio Multipartito de Conectividad del Lago General Carrera el que consider\u00f3 efectuar el estudio y la presentaci\u00f3n de las tres alternativas de Anteproyecto de Dise\u00f1o de una segunda embarcaci\u00f3n para que opere en el lago General Carrera el que recientemente fue expuesto a la comunidad, y avanzar en el proceso de carena de la nave La Tehuelche el que a la fecha presenta un 75% de avance.<\/p>\n<p style=\"text-align: justify;\">Sobre el particular, el Secretario Regional Ministerial de Obras P\u00fablicas, Patricio Sanhueza Ulloa, asegur\u00f3: \u201cVinimos a dar respuesta a una demanda de la comunidad y de los dirigentes sociales que en el mes de enero del a\u00f1o pasado rechazaron una propuesta de una nueva nave para el Lago General Carrera, sentir que se ha reiterado en las reuniones que hemos tenido en la Mesa de Conectividad del Lago General Carrera. Una primera instancia de participaci\u00f3n ciudadana que realizamos fue un Taller con una gran convocatoria -de alrededor de 80 personas- oportunidad en la que hicimos un levantamiento de m\u00e1s de 400 encuestas las que fueron insumo de las propuestas de Dise\u00f1o que presentamos a la comunidad en esta segunda reuni\u00f3n de participaci\u00f3n ciudadana, la que nos deja muy contentos, muy conformes, porque tuvimos alrededor de 43 personas que concurrieron y hubo un espacio para presentar el conjunto de acciones que estamos realizando como ministerio, desde el Plan de Conectividad Regional, el Plan de Conectividad para el Lago General Carrera y mostrar los tres Anteproyectos de Dise\u00f1os de naves que present\u00f3 el equipo de nuestra Direcci\u00f3n de Obras Portuarias, lo que ha sido un trabajo intenso y realizado en breve tiempo\u201d.<\/p>\n<p style=\"text-align: justify;\">Adem\u00e1s, agreg\u00f3 la autoridad regional de Obras P\u00fablicas, \u201cnos llevamos una nueva tarea, debido a lo delicado que es la decisi\u00f3n de una nueva nave, la comunidad nos ha pedido que hagamos algo distinto, algo diferente, que hagamos un nuevo proceso participativo y nuevamente con la realizaci\u00f3n de una encuesta. Hemos hecho la consulta a nivel nacional\u00a0 -por cuanto esto se sale de la metodolog\u00eda que habitualmente utilizamos para los procesos de participaci\u00f3n ciudadana-, pero hemos decidido hacerlo entendiendo que decidir la nave que operar\u00e1 por los pr\u00f3ximos a\u00f1os en el Lago General Carrera es una decisi\u00f3n muy trascendente e importante para las vecinas y vecinos, as\u00ed que la pr\u00f3xima semana vamos a informar detalles de este nuevo proceso que realizaremos y la subsiguiente semana durante cinco d\u00edas vamos a abrir la consulta ciudadana de manera presencial y digital<strong> \u00a0<\/strong>para que sea la comunidad de manera masiva y categ\u00f3rica quien d\u00e9 cuenta de la decisi\u00f3n que tomen respecto a la nave que ellos esperan opere en el lago General Carrera. Posteriormente, el Anteproyecto que elija la comunidad deber\u00e1 ser validado t\u00e9cnicamente por la Universidad Austral de Chile a trav\u00e9s de ensayos te\u00f3ricos y pr\u00e1cticos como la realizaci\u00f3n de una maqueta de la nave propuesta y su paso a un canal de prueba. Finalmente, la Universidad va a proponer mejoras a la nueva embarcaci\u00f3n y nos entregar\u00e1 los t\u00e9rminos de referencia para que nosotros podamos llevar a efecto el llamado a licitaci\u00f3n durante el pr\u00f3ximo a\u00f1o para el Dise\u00f1o final y su construcci\u00f3n\u201d.<\/p>\n<p style=\"text-align: justify;\">El balance para nosotros es positivo, a\u00f1adi\u00f3 Patricio Sanhueza, \u201cNos dej\u00f3 muy contentos y conformes la convocatoria y la participaci\u00f3n de la comunidad, as\u00ed como tambi\u00e9n que la Uni\u00f3n Comunal de Juntas de Vecinos a trav\u00e9s de su dirigente Patricio Zumelzu nos entregara alrededor de 1400 firmas que fueron reunidas el a\u00f1o 2021, en donde ellos piden una nave de caracter\u00edsticas similares, igual o mayor a la nave La Tehuelche, lo que \u00a0va en la misma l\u00ednea de los tres Anteproyectos de Dise\u00f1os que se propusieron en esta oportunidad, as\u00ed que para nosotros es excelente estar en sinton\u00eda con una gran parte de la comunidad que se ha expresado a trav\u00e9s de estas firmas. Vamos a seguir avanzando en los pasos que siguen y el llamado a toda la comunidad es a participar activamente en este proceso, el que definir\u00e1 la nave que operar\u00e1 por los pr\u00f3ximos a\u00f1os en el Lago General Carrera, por lo tanto su opini\u00f3n es nuestra primera prioridad y el Dise\u00f1o que ustedes elijan va a definir las condiciones de conectividad que tendr\u00e1n en el futuro\u201d.<\/p>\n<\/div><\/section><\/div><div  style='height:50px' class='hr hr-invisible   avia-builder-el-6  el_after_av_one_full  el_before_av_social_share '><span class='hr-inner ' ><span class='hr-inner-style'><\/span><\/span><\/div><\/p>\n<div  class='av-social-sharing-box  avia-builder-el-7  el_after_av_hr  el_before_av_hr  '><div class='av-share-box'><h5 class='av-share-link-description av-no-toc '>Compartir esta noticia<\/h5><ul class='av-share-box-list noLightbox'><li class='av-share-link av-social-link-facebook' ><a target=\"_blank\" aria-label=\"Compartir en Facebook\" href='https:\/\/www.facebook.com\/sharer.php?u=https:\/\/radiorevelacionfm.cl\/?p=24451&#038;t=MOP%20presenta%20a%20comunidad%20de%20Chile%20Chico%20tres%20anteproyectos%20de%20dise%C3%B1os%20de%20naves%20para%20elecci%C3%B3n%20de%20alternativa%20que%20operar%C3%A1%20en%20el%20Lago%20General%20Carrera' aria-hidden='false' data-av_icon='\ue8f3' data-av_iconfont='entypo-fontello' title='' data-avia-related-tooltip='Compartir en Facebook' rel=\"noopener\"><span class='avia_hidden_link_text'>Compartir en Facebook<\/span><\/a><\/li><li class='av-share-link av-social-link-twitter' ><a target=\"_blank\" aria-label=\"Compartir en Twitter\" href='https:\/\/twitter.com\/share?text=MOP%20presenta%20a%20comunidad%20de%20Chile%20Chico%20tres%20anteproyectos%20de%20dise%C3%B1os%20de%20naves%20para%20elecci%C3%B3n%20de%20alternativa%20que%20operar%C3%A1%20en%20el%20Lago%20General%20Carrera&#038;url=https:\/\/radiorevelacionfm.cl\/?p=24451' aria-hidden='false' data-av_icon='\ue8f1' data-av_iconfont='entypo-fontello' title='' data-avia-related-tooltip='Compartir en Twitter' rel=\"noopener\"><span class='avia_hidden_link_text'>Compartir en Twitter<\/span><\/a><\/li><li class='av-share-link av-social-link-whatsapp' ><a target=\"_blank\" aria-label=\"Compartir en Whatsapp\" href='https:\/\/api.whatsapp.com\/send?text=https:\/\/radiorevelacionfm.cl\/?p=24451' aria-hidden='false' data-av_icon='\uf232' data-av_iconfont='entypo-fontello' title='' data-avia-related-tooltip='Compartir en Whatsapp' rel=\"noopener\"><span class='avia_hidden_link_text'>Compartir en Whatsapp<\/span><\/a><\/li><li class='av-share-link av-social-link-linkedin' ><a target=\"_blank\" aria-label=\"Compartir en LinkedIn\" href='https:\/\/linkedin.com\/shareArticle?mini=true&#038;title=MOP%20presenta%20a%20comunidad%20de%20Chile%20Chico%20tres%20anteproyectos%20de%20dise%C3%B1os%20de%20naves%20para%20elecci%C3%B3n%20de%20alternativa%20que%20operar%C3%A1%20en%20el%20Lago%20General%20Carrera&#038;url=https:\/\/radiorevelacionfm.cl\/?p=24451' aria-hidden='false' data-av_icon='\ue8fc' data-av_iconfont='entypo-fontello' title='' data-avia-related-tooltip='Compartir en LinkedIn' rel=\"noopener\"><span class='avia_hidden_link_text'>Compartir en LinkedIn<\/span><\/a><\/li><li class='av-share-link av-social-link-mail' ><a  aria-label=\"Compartir por correo\" href='mailto:?subject=MOP%20presenta%20a%20comunidad%20de%20Chile%20Chico%20tres%20anteproyectos%20de%20dise%C3%B1os%20de%20naves%20para%20elecci%C3%B3n%20de%20alternativa%20que%20operar%C3%A1%20en%20el%20Lago%20General%20Carrera&#038;body=https:\/\/radiorevelacionfm.cl\/?p=24451' aria-hidden='false' data-av_icon='\ue805' data-av_iconfont='entypo-fontello' title='' data-avia-related-tooltip='Compartir por correo'><span class='avia_hidden_link_text'>Compartir por correo<\/span><\/a><\/li><\/ul><\/div><\/div>\n<div  style='height:50px' class='hr hr-invisible   avia-builder-el-8  el_after_av_social_share  el_before_av_comments_list '><span class='hr-inner ' ><span class='hr-inner-style'><\/span><\/span><\/div>\n<div  class='av-buildercomment  av-blog-meta-html-info-disabled av-blog-meta-tag-disabled  '><\/div>\n","protected":false},"excerpt":{"rendered":"","protected":false},"author":1,"featured_media":24452,"comment_status":"open","ping_status":"open","sticky":false,"template":"","format":"standard","meta":{"footnotes":""},"categories":[38],"tags":[],"class_list":["post-24451","post","type-post","status-publish","format-standard","has-post-thumbnail","hentry","category-regional"],"jetpack_featured_media_url":"https:\/\/radiorevelacionfm.cl\/wp-content\/uploads\/2022\/11\/PAC-CHIECHICO-1-1.jpg","_links":{"self":[{"href":"https:\/\/radiorevelacionfm.cl\/index.php?rest_route=\/wp\/v2\/posts\/24451","targetHints":{"allow":["GET"]}}],"collection":[{"href":"https:\/\/radiorevelacionfm.cl\/index.php?rest_route=\/wp\/v2\/posts"}],"about":[{"href":"https:\/\/radiorevelacionfm.cl\/index.php?rest_route=\/wp\/v2\/types\/post"}],"author":[{"embeddable":true,"href":"https:\/\/radiorevelacionfm.cl\/index.php?rest_route=\/wp\/v2\/users\/1"}],"replies":[{"embeddable":true,"href":"https:\/\/radiorevelacionfm.cl\/index.php?rest_route=%2Fwp%2Fv2%2Fcomments&post=24451"}],"version-history":[{"count":2,"href":"https:\/\/radiorevelacionfm.cl\/index.php?rest_route=\/wp\/v2\/posts\/24451\/revisions"}],"predecessor-version":[{"id":24454,"href":"https:\/\/radiorevelacionfm.cl\/index.php?rest_route=\/wp\/v2\/posts\/24451\/revisions\/24454"}],"wp:featuredmedia":[{"embeddable":true,"href":"https:\/\/radiorevelacionfm.cl\/index.php?rest_route=\/wp\/v2\/media\/24452"}],"wp:attachment":[{"href":"https:\/\/radiorevelacionfm.cl\/index.php?rest_route=%2Fwp%2Fv2%2Fmedia&parent=24451"}],"wp:term":[{"taxonomy":"category","embeddable":true,"href":"https:\/\/radiorevelacionfm.cl\/index.php?rest_route=%2Fwp%2Fv2%2Fcategories&post=24451"},{"taxonomy":"post_tag","embeddable":true,"href":"https:\/\/radiorevelacionfm.cl\/index.php?rest_route=%2Fwp%2Fv2%2Ftags&post=24451"}],"curies":[{"name":"wp","href":"https:\/\/api.w.org\/{rel}","templated":true}]}}