{"id":24443,"date":"2022-11-20T19:52:01","date_gmt":"2022-11-20T22:52:01","guid":{"rendered":"https:\/\/radiorevelacionfm.cl\/?p=24443"},"modified":"2022-11-20T19:52:01","modified_gmt":"2022-11-20T22:52:01","slug":"ministra-toro-en-despliegue-de-gobierno-en-terreno-ningun-sector-podria-negar-que-chile-ya-no-resiste-no-hacer-una-reforma-de-pensiones","status":"publish","type":"post","link":"https:\/\/radiorevelacionfm.cl\/?p=24443","title":{"rendered":"Ministra Toro en despliegue de Gobierno en terreno: \u201cNing\u00fan sector podr\u00eda negar que Chile ya no resiste no hacer una reforma de pensiones\u201d"},"content":{"rendered":"<div class=\"flex_column av_one_full  flex_column_div av-zero-column-padding first  avia-builder-el-0  el_before_av_one_full  avia-builder-el-first  \" style='border-radius:0px; '><div  class='avia-image-container  av-styling-    avia-builder-el-1  avia-builder-el-no-sibling  avia-align-center '  itemprop=\"image\" itemscope=\"itemscope\" itemtype=\"https:\/\/schema.org\/ImageObject\"  ><div class='avia-image-container-inner'><div class='avia-image-overlay-wrap'><img decoding=\"async\" class='wp-image-24444 avia-img-lazy-loading-not-24444 avia_image' src=\"https:\/\/radiorevelacionfm.cl\/wp-content\/uploads\/2022\/11\/MINISTRA-COMITES-1.jpg\" alt='' title='MINISTRA COMIT\u00c9S (1)' height=\"600\" width=\"900\"  itemprop=\"thumbnailUrl\" srcset=\"https:\/\/radiorevelacionfm.cl\/wp-content\/uploads\/2022\/11\/MINISTRA-COMITES-1.jpg 900w, https:\/\/radiorevelacionfm.cl\/wp-content\/uploads\/2022\/11\/MINISTRA-COMITES-1-300x200.jpg 300w, https:\/\/radiorevelacionfm.cl\/wp-content\/uploads\/2022\/11\/MINISTRA-COMITES-1-768x512.jpg 768w, https:\/\/radiorevelacionfm.cl\/wp-content\/uploads\/2022\/11\/MINISTRA-COMITES-1-705x470.jpg 705w, https:\/\/radiorevelacionfm.cl\/wp-content\/uploads\/2022\/11\/MINISTRA-COMITES-1-600x400.jpg 600w\" sizes=\"(max-width: 900px) 100vw, 900px\" \/><\/div><\/div><\/div><\/div><div class=\"flex_column av_one_full  flex_column_div av-zero-column-padding first  avia-builder-el-2  el_after_av_one_full  el_before_av_one_full  column-top-margin\" style='border-radius:0px; '><section class=\"av_textblock_section \"  itemscope=\"itemscope\" itemtype=\"https:\/\/schema.org\/BlogPosting\" itemprop=\"blogPost\" ><div class='avia_textblock  '   itemprop=\"text\" ><p style=\"text-align: center;\"><span style=\"font-size: 18pt;\"><strong>Ministra Toro en despliegue de Gobierno en terreno: \u201cNing\u00fan sector podr\u00eda negar que Chile ya no resiste no hacer una reforma\u00a0<\/strong><strong>de pensiones\u201d<\/strong><\/span><\/p>\n<div id=\"gtx-trans\" style=\"position: absolute; left: -50px; top: 4.31534px;\">\n<div class=\"gtx-trans-icon\"><\/div>\n<\/div>\n<\/div><\/section><\/div><div class=\"flex_column av_one_full  flex_column_div av-zero-column-padding first  avia-builder-el-4  el_after_av_one_full  el_before_av_hr  column-top-margin\" style='border-radius:0px; '><section class=\"av_textblock_section \"  itemscope=\"itemscope\" itemtype=\"https:\/\/schema.org\/BlogPosting\" itemprop=\"blogPost\" ><div class='avia_textblock  '   itemprop=\"text\" ><p style=\"text-align: justify;\">\u201cEl sistema actual no da para m\u00e1s, eso es un consenso irrefutable, por lo tanto, tenemos la urgencia de avanzar hacia un nuevo modelo, un sistema mixto donde el primer efecto es que van a mejorar las pensiones. Desde el d\u00eda uno, desde que se aprueba la reforma, van a mejorar las pensiones\u201d, sentenci\u00f3 la ministra de Bienes Nacionales, Javiera Toro, en el marco del despliegue de autoridades por distintas regiones del pa\u00eds para explicar a la ciudadan\u00eda los alcances principales de la reforma de pensiones que ingres\u00f3 a tr\u00e1mite en el Congreso.<\/p>\n<p style=\"text-align: justify;\">En Coyhaique, la ministra Toro, acompa\u00f1ada del Delegado Presidencial, Rodrigo Araya, de los seremi de Bienes Nacionales, Irina Morend, y de Trabajo y Seguridad Social, Rodrigo D\u00edaz Cordaro, se reuni\u00f3 con un grupo de dirigentes sociales de la zona, con quienes convers\u00f3 los distintos elementos de la reforma de pensiones: el sistema mixto, la mantenci\u00f3n de la heredabilidad y capitalizaci\u00f3n individual, la incorporaci\u00f3n del eje social con el 6% adicional que colocar\u00e1n los empleadores y el reconocimiento tanto de las tareas de cuidado como a las mujeres, para terminar con la tendencia hist\u00f3rica de recibir menos pensiones que los hombres.<\/p>\n<p style=\"text-align: justify;\">\u201cSi se aprueba en el Parlamento, se van a mejorar las pensiones. Lo primero es que no va a haber ninguna persona con una pensi\u00f3n que sea menor a la l\u00ednea de la pobreza, eso nos parece que es un avance, y por eso estamos conversando aqu\u00ed con las juntas de vecinos. Creemos que este es un elemento muy importante que las personas lo conozcan, lo compartan y que esto tenga un apoyo desde las regiones, para que el Congreso lo pueda discutir y aprobar en el menor plazo posible\u201d, recalc\u00f3 la ministra.<\/p>\n<p style=\"text-align: justify;\">Cerca de 60 personas, todos dirigentes sociales de la regi\u00f3n, llegaron cerca del mediod\u00eda a la cita con las autoridades, instancia en la que les plantearon y resolvieron sus dudas sobre la reforma.<\/p>\n<p style=\"text-align: justify;\">En este mismo tema, la noche del jueves, la ministra se reuni\u00f3 con varios de los parlamentarios de la Regi\u00f3n de Ays\u00e9n, con quienes convers\u00f3 del proyecto.<\/p>\n<p style=\"text-align: justify;\">\u201cHay un diagn\u00f3stico compartido que ning\u00fan sector podr\u00eda negar que Chile ya no resiste no hacer una reforma de pensiones<strong>.<\/strong> En eso hay un consenso y nos manifestaron la voluntad de trabajar y que esto se exprese en el Congreso en la discusi\u00f3n legislativa\u201d, explic\u00f3 Toro. Luego, insisti\u00f3 en que \u201cel sistema actual ha demostrado tener malos resultados, es un hecho de la realidad que nadie niega (\u2026) el llamado como Gobierno es asumir la urgencia de esto y apoyar esta reforma de pensiones, porque esta es la \u00fanica alternativa que hoy tenemos sobre la mesa, que mejora las pensiones desde el d\u00eda uno\u201d.<\/p>\n<p style=\"text-align: justify;\">El seremi de Trabajo acot\u00f3 que el encuentro fue \u201cprovechoso, les explicamos a los asistentes la Reforma Previsional, lo importante que es poder cotizar, dado que el 6% va a premiar el esfuerzo contributivo de los actuales y de los futuros pensionados; tambi\u00e9n el aporte que el Estado hace a trav\u00e9s de la PGU y el aporte de cada uno de los cotizantes. Estos tres elementos constituyen el factor mixto que le da sentido a esta reforma y que va en beneficio de todos nuestros pensionadas y pensionados\u201d.<\/p>\n<p style=\"text-align: justify;\"><strong>Intensa agenda regional <\/strong><\/p>\n<p style=\"text-align: justify;\">Durante el d\u00eda, la ministra de Bienes Nacionales cumpli\u00f3 una intensa agenda de actividades. Una de las m\u00e1s relevantes fue la entrega de un permiso de ocupaci\u00f3n anticipada de terrenos en Coyhaique al SERVIU, para un proyecto habitacional que beneficiar\u00e1 a cuatro comit\u00e9s, los que podr\u00e1n avanzar hacia su derecho a una vivienda propia.<\/p>\n<p style=\"text-align: justify;\">Entre los cuatro comit\u00e9s de vivienda -Brisa Austral, Antillal, Altos Patagonia y Esperanza de Ays\u00e9n- se estima que se beneficiar\u00e1n al menos unas 800 familias. Este permiso de ocupaci\u00f3n anticipada permite agilizar la tarea del SERVIU.<\/p>\n<p style=\"text-align: justify;\">\u201cLa primera prioridad de los terrenos fiscales son las necesidades sociales, y eso en el contexto del compromiso que tiene nuestro Gobierno de garantizar la seguridad econ\u00f3mica, ciudadana y social. Eso es lo que nos ha mandatado el Presidente y, para ello, no solo tenemos que hacer bien nuestro trabajo, tambi\u00e9n tenemos que hacer bien nuestro trabajo con las otras instituciones, porque el Estado es uno solo\u201d, dijo la titular de Bienes Nacionales en la ceremonia.<\/p>\n<p style=\"text-align: justify;\">La presidenta del Comit\u00e9 Altos Patagonia, Silvia Bast\u00edas, agradeci\u00f3 a la ministra Toro. \u201cEsto marca un hito \u201d.<\/p>\n<p style=\"text-align: justify;\">La titular de Bienes Nacionales, adem\u00e1s, visit\u00f3 hoy la Casa de Patrimonio Documental Regional, convers\u00f3 con autoridades locales como la Gobernadora Regional, Andrea Mac\u00edas, y encabez\u00f3 una ceremonia del Programa de Regularizaci\u00f3n de la Propiedad Ra\u00edz.<\/p>\n<\/div><\/section><\/div><div  style='height:50px' class='hr hr-invisible   avia-builder-el-6  el_after_av_one_full  el_before_av_social_share '><span class='hr-inner ' ><span class='hr-inner-style'><\/span><\/span><\/div><\/p>\n<div  class='av-social-sharing-box  avia-builder-el-7  el_after_av_hr  el_before_av_hr  '><div class='av-share-box'><h5 class='av-share-link-description av-no-toc '>Compartir esta noticia<\/h5><ul class='av-share-box-list noLightbox'><li class='av-share-link av-social-link-facebook' ><a target=\"_blank\" aria-label=\"Compartir en Facebook\" href='https:\/\/www.facebook.com\/sharer.php?u=https:\/\/radiorevelacionfm.cl\/?p=24443&#038;t=Ministra%20Toro%20en%20despliegue%20de%20Gobierno%20en%20terreno%3A%20%E2%80%9CNing%C3%BAn%20sector%20podr%C3%ADa%20negar%20que%20Chile%20ya%20no%20resiste%20no%20hacer%20una%20reforma%20de%20pensiones%E2%80%9D' aria-hidden='false' data-av_icon='\ue8f3' data-av_iconfont='entypo-fontello' title='' data-avia-related-tooltip='Compartir en Facebook' rel=\"noopener\"><span class='avia_hidden_link_text'>Compartir en Facebook<\/span><\/a><\/li><li class='av-share-link av-social-link-twitter' ><a target=\"_blank\" aria-label=\"Compartir en Twitter\" href='https:\/\/twitter.com\/share?text=Ministra%20Toro%20en%20despliegue%20de%20Gobierno%20en%20terreno%3A%20%E2%80%9CNing%C3%BAn%20sector%20podr%C3%ADa%20negar%20que%20Chile%20ya%20no%20resiste%20no%20hacer%20una%20reforma%20de%20pensiones%E2%80%9D&#038;url=https:\/\/radiorevelacionfm.cl\/?p=24443' aria-hidden='false' data-av_icon='\ue8f1' data-av_iconfont='entypo-fontello' title='' data-avia-related-tooltip='Compartir en Twitter' rel=\"noopener\"><span class='avia_hidden_link_text'>Compartir en Twitter<\/span><\/a><\/li><li class='av-share-link av-social-link-whatsapp' ><a target=\"_blank\" aria-label=\"Compartir en Whatsapp\" href='https:\/\/api.whatsapp.com\/send?text=https:\/\/radiorevelacionfm.cl\/?p=24443' aria-hidden='false' data-av_icon='\uf232' data-av_iconfont='entypo-fontello' title='' data-avia-related-tooltip='Compartir en Whatsapp' rel=\"noopener\"><span class='avia_hidden_link_text'>Compartir en Whatsapp<\/span><\/a><\/li><li class='av-share-link av-social-link-linkedin' ><a target=\"_blank\" aria-label=\"Compartir en LinkedIn\" href='https:\/\/linkedin.com\/shareArticle?mini=true&#038;title=Ministra%20Toro%20en%20despliegue%20de%20Gobierno%20en%20terreno%3A%20%E2%80%9CNing%C3%BAn%20sector%20podr%C3%ADa%20negar%20que%20Chile%20ya%20no%20resiste%20no%20hacer%20una%20reforma%20de%20pensiones%E2%80%9D&#038;url=https:\/\/radiorevelacionfm.cl\/?p=24443' aria-hidden='false' data-av_icon='\ue8fc' data-av_iconfont='entypo-fontello' title='' data-avia-related-tooltip='Compartir en LinkedIn' rel=\"noopener\"><span class='avia_hidden_link_text'>Compartir en LinkedIn<\/span><\/a><\/li><li class='av-share-link av-social-link-mail' ><a  aria-label=\"Compartir por correo\" href='mailto:?subject=Ministra%20Toro%20en%20despliegue%20de%20Gobierno%20en%20terreno%3A%20%E2%80%9CNing%C3%BAn%20sector%20podr%C3%ADa%20negar%20que%20Chile%20ya%20no%20resiste%20no%20hacer%20una%20reforma%20de%20pensiones%E2%80%9D&#038;body=https:\/\/radiorevelacionfm.cl\/?p=24443' aria-hidden='false' data-av_icon='\ue805' data-av_iconfont='entypo-fontello' title='' data-avia-related-tooltip='Compartir por correo'><span class='avia_hidden_link_text'>Compartir por correo<\/span><\/a><\/li><\/ul><\/div><\/div>\n<div  style='height:50px' class='hr hr-invisible   avia-builder-el-8  el_after_av_social_share  el_before_av_comments_list '><span class='hr-inner ' ><span class='hr-inner-style'><\/span><\/span><\/div>\n<div  class='av-buildercomment  av-blog-meta-html-info-disabled av-blog-meta-tag-disabled  '><\/div>\n","protected":false},"excerpt":{"rendered":"","protected":false},"author":1,"featured_media":24444,"comment_status":"open","ping_status":"open","sticky":false,"template":"","format":"standard","meta":{"footnotes":""},"categories":[38],"tags":[],"class_list":["post-24443","post","type-post","status-publish","format-standard","has-post-thumbnail","hentry","category-regional"],"jetpack_featured_media_url":"https:\/\/radiorevelacionfm.cl\/wp-content\/uploads\/2022\/11\/MINISTRA-COMITES-1.jpg","_links":{"self":[{"href":"https:\/\/radiorevelacionfm.cl\/index.php?rest_route=\/wp\/v2\/posts\/24443","targetHints":{"allow":["GET"]}}],"collection":[{"href":"https:\/\/radiorevelacionfm.cl\/index.php?rest_route=\/wp\/v2\/posts"}],"about":[{"href":"https:\/\/radiorevelacionfm.cl\/index.php?rest_route=\/wp\/v2\/types\/post"}],"author":[{"embeddable":true,"href":"https:\/\/radiorevelacionfm.cl\/index.php?rest_route=\/wp\/v2\/users\/1"}],"replies":[{"embeddable":true,"href":"https:\/\/radiorevelacionfm.cl\/index.php?rest_route=%2Fwp%2Fv2%2Fcomments&post=24443"}],"version-history":[{"count":2,"href":"https:\/\/radiorevelacionfm.cl\/index.php?rest_route=\/wp\/v2\/posts\/24443\/revisions"}],"predecessor-version":[{"id":24446,"href":"https:\/\/radiorevelacionfm.cl\/index.php?rest_route=\/wp\/v2\/posts\/24443\/revisions\/24446"}],"wp:featuredmedia":[{"embeddable":true,"href":"https:\/\/radiorevelacionfm.cl\/index.php?rest_route=\/wp\/v2\/media\/24444"}],"wp:attachment":[{"href":"https:\/\/radiorevelacionfm.cl\/index.php?rest_route=%2Fwp%2Fv2%2Fmedia&parent=24443"}],"wp:term":[{"taxonomy":"category","embeddable":true,"href":"https:\/\/radiorevelacionfm.cl\/index.php?rest_route=%2Fwp%2Fv2%2Fcategories&post=24443"},{"taxonomy":"post_tag","embeddable":true,"href":"https:\/\/radiorevelacionfm.cl\/index.php?rest_route=%2Fwp%2Fv2%2Ftags&post=24443"}],"curies":[{"name":"wp","href":"https:\/\/api.w.org\/{rel}","templated":true}]}}