{"id":24438,"date":"2022-11-20T18:10:14","date_gmt":"2022-11-20T21:10:14","guid":{"rendered":"https:\/\/radiorevelacionfm.cl\/?p=24438"},"modified":"2022-11-21T12:41:37","modified_gmt":"2022-11-21T15:41:37","slug":"unidades-especializadas-realizan-rescate-de-cuerpo-que-desaparecio-el-sabado-mientras-practicaba-rafting-en-rio-cisnes","status":"publish","type":"post","link":"https:\/\/radiorevelacionfm.cl\/?p=24438","title":{"rendered":"Rescatan sin vida a odont\u00f3logo que sufri\u00f3 accidente mientras practicaba rafting en R\u00edo Cisnes"},"content":{"rendered":"<div class=\"flex_column av_one_full  flex_column_div av-zero-column-padding first  avia-builder-el-0  el_before_av_one_full  avia-builder-el-first  \" style='border-radius:0px; '><div  class='avia-image-container  av-styling-    avia-builder-el-1  avia-builder-el-no-sibling  avia-align-center '  itemprop=\"image\" itemscope=\"itemscope\" itemtype=\"https:\/\/schema.org\/ImageObject\"  ><div class='avia-image-container-inner'><div class='avia-image-overlay-wrap'><img decoding=\"async\" class='wp-image-24485 avia-img-lazy-loading-not-24485 avia_image' src=\"https:\/\/radiorevelacionfm.cl\/wp-content\/uploads\/2022\/11\/rescate-cisnes-2_optimized.jpg\" alt='' title='rescate-cisnes-2_optimized' height=\"600\" width=\"893\"  itemprop=\"thumbnailUrl\" srcset=\"https:\/\/radiorevelacionfm.cl\/wp-content\/uploads\/2022\/11\/rescate-cisnes-2_optimized.jpg 893w, https:\/\/radiorevelacionfm.cl\/wp-content\/uploads\/2022\/11\/rescate-cisnes-2_optimized-300x202.jpg 300w, https:\/\/radiorevelacionfm.cl\/wp-content\/uploads\/2022\/11\/rescate-cisnes-2_optimized-768x516.jpg 768w, https:\/\/radiorevelacionfm.cl\/wp-content\/uploads\/2022\/11\/rescate-cisnes-2_optimized-705x474.jpg 705w, https:\/\/radiorevelacionfm.cl\/wp-content\/uploads\/2022\/11\/rescate-cisnes-2_optimized-600x403.jpg 600w\" sizes=\"(max-width: 893px) 100vw, 893px\" \/><\/div><\/div><\/div><\/div><div class=\"flex_column av_one_full  flex_column_div av-zero-column-padding first  avia-builder-el-2  el_after_av_one_full  el_before_av_one_full  column-top-margin\" style='border-radius:0px; '><section class=\"av_textblock_section \"  itemscope=\"itemscope\" itemtype=\"https:\/\/schema.org\/BlogPosting\" itemprop=\"blogPost\" ><div class='avia_textblock  '   itemprop=\"text\" ><p style=\"text-align: center;\"><strong><span style=\"font-size: 18pt;\">Rescatan sin vida a odont\u00f3logo que sufri\u00f3 accidente mientras practicaba rafting en R\u00edo Cisnes<\/span><\/strong><\/p>\n<div id=\"gtx-trans\" style=\"position: absolute; left: -50px; top: 4.31534px;\">\n<div class=\"gtx-trans-icon\"><\/div>\n<\/div>\n<\/div><\/section><\/div><\/p>\n<div class=\"flex_column av_one_full  flex_column_div av-zero-column-padding first  avia-builder-el-4  el_after_av_one_full  el_before_av_hr  column-top-margin\" style='border-radius:0px; '><section class=\"av_textblock_section \"  itemscope=\"itemscope\" itemtype=\"https:\/\/schema.org\/BlogPosting\" itemprop=\"blogPost\" ><div class='avia_textblock  '   itemprop=\"text\" ><p style=\"text-align: justify;\">El accidente se registr\u00f3 la tarde de este s\u00e1bado, luego que el profesional del \u00e1rea de la salud que practicaba rafting en el r\u00edo Cisnes, junto a otros ocupantes cayeran a las aguas y se perdiera\u00a0 su rastro.<\/p>\n<p style=\"text-align: justify;\">De inmediato, unidades de emergencia de Cisnes iniciaron la b\u00fasqueda por la ribera, hasta que dieron con resultados gracias al uso de un dron, que permiti\u00f3 ubicar a la v\u00edctima atrapado en unos roquer\u00edos, en una zona de muy dif\u00edcil acceso.<\/p>\n<div class=\"row m-0 p-0 mb-2 hide-print-box\" style=\"text-align: justify;\">\n<div class=\"col p-0 banner-ads-cod\">Rescatistas especializados de Puerto Ays\u00e9n, junto a personal del GOPE de Carabineros, viajaron esta madrugada hasta la comuna de Cisnes, para lograr recuperar el cuerpo de la v\u00edctima desde las aguas.<\/div>\n<\/div>\n<p style=\"text-align: justify;\">Por su parte la empresa de turismo aventura Atex Patagonia Operadores emiti\u00f3 un comunicado oficial donde relatan c\u00f3mo se produjo el accidente que termin\u00f3 con la vida del m\u00e9dico Armando Cifuentes, quien se desempe\u00f1aba como odont\u00f3logo en el Hospital de Puerto Ays\u00e9n.<\/p>\n<p style=\"text-align: justify;\">\u201cInformamos que en el \u00faltimo tramo y aproximadamente a 200 metros del punto de salida, un rebote de una de las balsas en una ola, hizo que sus cuatro ocupantes y gu\u00eda cayeran al agua. Inmediatamente el gu\u00eda a cargo retoma el control de la balsa subi\u00e9ndose a ella e iniciando el procedimiento de rescate\u201d, se\u00f1ala.<\/p>\n<div class=\"row m-0 p-0 mb-2 hide-print-box\" style=\"text-align: justify;\">\n<div class=\"col p-0 banner-ads-cod\">\n<div id=\"Inread\" class=\"col-12 text-center\">En el comunicado agrega que \u201cel kayakista de seguridad saca a la orilla a una persona y fue de inmediato en busca del se\u00f1or Armando Cifuentes a quien alcanz\u00f3 e inici\u00f3 el remolque hacia zona segura; sin embargo, en alg\u00fan momento el Sr. Cifuentes se solt\u00f3 del kayak que lo remolcaba perdi\u00e9ndose en una corriente\u201d.<\/div>\n<\/div>\n<\/div>\n<p style=\"text-align: justify;\">\u201cSe utilizaron todos los medios humanos y t\u00e9cnicos m\u00e1s dos kayakistas de rescate. Se realiz\u00f3 la b\u00fasqueda de orilla, pero infortunadamente no fue posible localizarlo en ese momento. En la tarde de ayer con ayuda de un dron se localiz\u00f3 su ubicaci\u00f3n y el d\u00eda de hoy dos kayakistas de rescate de nuestra empresa se sumaron al equipo de Gope y Bomberos para la realizaci\u00f3n del rescate de nuestro querido amigo Armando\u201d.<\/p>\n<p style=\"text-align: justify;\">\u201cNuestra empresa lamenta profundamente este desgraciado accidente y expresa a su familia nuestro profundo pesar por esta p\u00e9rdida\u201d.<\/p>\n<p style=\"text-align: justify;\">El fiscal Pedro Poblete, inform\u00f3 que \u201cel accidente de turismo aventura ocurri\u00f3 en las cercan\u00edas del puente El Finado\u2026 pese a realizarse los distintos protocolos de emergencia lamentablemente fallece uno de los ocupantes de una balsa, un hombre de 43 a\u00f1os de edad de Puerto Ays\u00e9n\u201d.<\/p>\n<\/div><\/section><\/div>\n<div  style='height:50px' class='hr hr-invisible   avia-builder-el-6  el_after_av_one_full  el_before_av_social_share '><span class='hr-inner ' ><span class='hr-inner-style'><\/span><\/span><\/div>\n<div  class='av-social-sharing-box  avia-builder-el-7  el_after_av_hr  el_before_av_hr  '><div class='av-share-box'><h5 class='av-share-link-description av-no-toc '>Compartir esta noticia<\/h5><ul class='av-share-box-list noLightbox'><li class='av-share-link av-social-link-facebook' ><a target=\"_blank\" aria-label=\"Compartir en Facebook\" href='https:\/\/www.facebook.com\/sharer.php?u=https:\/\/radiorevelacionfm.cl\/?p=24438&#038;t=Rescatan%20sin%20vida%20a%20odont%C3%B3logo%20que%20sufri%C3%B3%20accidente%20mientras%20practicaba%20rafting%20en%20R%C3%ADo%20Cisnes' aria-hidden='false' data-av_icon='\ue8f3' data-av_iconfont='entypo-fontello' title='' data-avia-related-tooltip='Compartir en Facebook' rel=\"noopener\"><span class='avia_hidden_link_text'>Compartir en Facebook<\/span><\/a><\/li><li class='av-share-link av-social-link-twitter' ><a target=\"_blank\" aria-label=\"Compartir en Twitter\" href='https:\/\/twitter.com\/share?text=Rescatan%20sin%20vida%20a%20odont%C3%B3logo%20que%20sufri%C3%B3%20accidente%20mientras%20practicaba%20rafting%20en%20R%C3%ADo%20Cisnes&#038;url=https:\/\/radiorevelacionfm.cl\/?p=24438' aria-hidden='false' data-av_icon='\ue8f1' data-av_iconfont='entypo-fontello' title='' data-avia-related-tooltip='Compartir en Twitter' rel=\"noopener\"><span class='avia_hidden_link_text'>Compartir en Twitter<\/span><\/a><\/li><li class='av-share-link av-social-link-whatsapp' ><a target=\"_blank\" aria-label=\"Compartir en Whatsapp\" href='https:\/\/api.whatsapp.com\/send?text=https:\/\/radiorevelacionfm.cl\/?p=24438' aria-hidden='false' data-av_icon='\uf232' data-av_iconfont='entypo-fontello' title='' data-avia-related-tooltip='Compartir en Whatsapp' rel=\"noopener\"><span class='avia_hidden_link_text'>Compartir en Whatsapp<\/span><\/a><\/li><li class='av-share-link av-social-link-linkedin' ><a target=\"_blank\" aria-label=\"Compartir en LinkedIn\" href='https:\/\/linkedin.com\/shareArticle?mini=true&#038;title=Rescatan%20sin%20vida%20a%20odont%C3%B3logo%20que%20sufri%C3%B3%20accidente%20mientras%20practicaba%20rafting%20en%20R%C3%ADo%20Cisnes&#038;url=https:\/\/radiorevelacionfm.cl\/?p=24438' aria-hidden='false' data-av_icon='\ue8fc' data-av_iconfont='entypo-fontello' title='' data-avia-related-tooltip='Compartir en LinkedIn' rel=\"noopener\"><span class='avia_hidden_link_text'>Compartir en LinkedIn<\/span><\/a><\/li><li class='av-share-link av-social-link-mail' ><a  aria-label=\"Compartir por correo\" href='mailto:?subject=Rescatan%20sin%20vida%20a%20odont%C3%B3logo%20que%20sufri%C3%B3%20accidente%20mientras%20practicaba%20rafting%20en%20R%C3%ADo%20Cisnes&#038;body=https:\/\/radiorevelacionfm.cl\/?p=24438' aria-hidden='false' data-av_icon='\ue805' data-av_iconfont='entypo-fontello' title='' data-avia-related-tooltip='Compartir por correo'><span class='avia_hidden_link_text'>Compartir por correo<\/span><\/a><\/li><\/ul><\/div><\/div>\n<div  style='height:50px' class='hr hr-invisible   avia-builder-el-8  el_after_av_social_share  el_before_av_comments_list '><span class='hr-inner ' ><span class='hr-inner-style'><\/span><\/span><\/div>\n<div  class='av-buildercomment  av-blog-meta-html-info-disabled av-blog-meta-tag-disabled  '><\/div>\n","protected":false},"excerpt":{"rendered":"","protected":false},"author":1,"featured_media":24485,"comment_status":"open","ping_status":"open","sticky":false,"template":"","format":"standard","meta":{"footnotes":""},"categories":[38],"tags":[],"class_list":["post-24438","post","type-post","status-publish","format-standard","has-post-thumbnail","hentry","category-regional"],"jetpack_featured_media_url":"https:\/\/radiorevelacionfm.cl\/wp-content\/uploads\/2022\/11\/rescate-cisnes-2_optimized.jpg","_links":{"self":[{"href":"https:\/\/radiorevelacionfm.cl\/index.php?rest_route=\/wp\/v2\/posts\/24438","targetHints":{"allow":["GET"]}}],"collection":[{"href":"https:\/\/radiorevelacionfm.cl\/index.php?rest_route=\/wp\/v2\/posts"}],"about":[{"href":"https:\/\/radiorevelacionfm.cl\/index.php?rest_route=\/wp\/v2\/types\/post"}],"author":[{"embeddable":true,"href":"https:\/\/radiorevelacionfm.cl\/index.php?rest_route=\/wp\/v2\/users\/1"}],"replies":[{"embeddable":true,"href":"https:\/\/radiorevelacionfm.cl\/index.php?rest_route=%2Fwp%2Fv2%2Fcomments&post=24438"}],"version-history":[{"count":7,"href":"https:\/\/radiorevelacionfm.cl\/index.php?rest_route=\/wp\/v2\/posts\/24438\/revisions"}],"predecessor-version":[{"id":24477,"href":"https:\/\/radiorevelacionfm.cl\/index.php?rest_route=\/wp\/v2\/posts\/24438\/revisions\/24477"}],"wp:featuredmedia":[{"embeddable":true,"href":"https:\/\/radiorevelacionfm.cl\/index.php?rest_route=\/wp\/v2\/media\/24485"}],"wp:attachment":[{"href":"https:\/\/radiorevelacionfm.cl\/index.php?rest_route=%2Fwp%2Fv2%2Fmedia&parent=24438"}],"wp:term":[{"taxonomy":"category","embeddable":true,"href":"https:\/\/radiorevelacionfm.cl\/index.php?rest_route=%2Fwp%2Fv2%2Fcategories&post=24438"},{"taxonomy":"post_tag","embeddable":true,"href":"https:\/\/radiorevelacionfm.cl\/index.php?rest_route=%2Fwp%2Fv2%2Ftags&post=24438"}],"curies":[{"name":"wp","href":"https:\/\/api.w.org\/{rel}","templated":true}]}}