{"id":24424,"date":"2022-11-20T11:28:41","date_gmt":"2022-11-20T14:28:41","guid":{"rendered":"https:\/\/radiorevelacionfm.cl\/?p=24424"},"modified":"2022-11-20T11:28:41","modified_gmt":"2022-11-20T14:28:41","slug":"diputado-calisto-valoro-confirmacion-de-compra-de-los-terrenos-de-la-chacra-40b","status":"publish","type":"post","link":"https:\/\/radiorevelacionfm.cl\/?p=24424","title":{"rendered":"Diputado Calisto valor\u00f3 confirmaci\u00f3n de compra de los terrenos de la chacra 40b"},"content":{"rendered":"<div class=\"flex_column av_one_full  flex_column_div av-zero-column-padding first  avia-builder-el-0  el_before_av_one_full  avia-builder-el-first  \" style='border-radius:0px; '><div  class='avia-image-container  av-styling-    avia-builder-el-1  avia-builder-el-no-sibling  avia-align-center '  itemprop=\"image\" itemscope=\"itemscope\" itemtype=\"https:\/\/schema.org\/ImageObject\"  ><div class='avia-image-container-inner'><div class='avia-image-overlay-wrap'><img decoding=\"async\" class='wp-image-24425 avia-img-lazy-loading-not-24425 avia_image' src=\"https:\/\/radiorevelacionfm.cl\/wp-content\/uploads\/2022\/11\/CALISTO-ARCHIVO-2-1-1.jpg\" alt='' title='CALISTO ARCHIVO (2) (1) (1)' height=\"600\" width=\"1092\"  itemprop=\"thumbnailUrl\" srcset=\"https:\/\/radiorevelacionfm.cl\/wp-content\/uploads\/2022\/11\/CALISTO-ARCHIVO-2-1-1.jpg 1092w, https:\/\/radiorevelacionfm.cl\/wp-content\/uploads\/2022\/11\/CALISTO-ARCHIVO-2-1-1-300x165.jpg 300w, https:\/\/radiorevelacionfm.cl\/wp-content\/uploads\/2022\/11\/CALISTO-ARCHIVO-2-1-1-1030x566.jpg 1030w, https:\/\/radiorevelacionfm.cl\/wp-content\/uploads\/2022\/11\/CALISTO-ARCHIVO-2-1-1-768x422.jpg 768w, https:\/\/radiorevelacionfm.cl\/wp-content\/uploads\/2022\/11\/CALISTO-ARCHIVO-2-1-1-705x387.jpg 705w, https:\/\/radiorevelacionfm.cl\/wp-content\/uploads\/2022\/11\/CALISTO-ARCHIVO-2-1-1-600x330.jpg 600w\" sizes=\"(max-width: 1092px) 100vw, 1092px\" \/><\/div><\/div><\/div><\/div><div class=\"flex_column av_one_full  flex_column_div av-zero-column-padding first  avia-builder-el-2  el_after_av_one_full  el_before_av_one_full  column-top-margin\" style='border-radius:0px; '><section class=\"av_textblock_section \"  itemscope=\"itemscope\" itemtype=\"https:\/\/schema.org\/BlogPosting\" itemprop=\"blogPost\" ><div class='avia_textblock  '   itemprop=\"text\" ><p style=\"text-align: center;\"><span style=\"font-size: 18pt;\"><b><span lang=\"ES\">Diputado Calisto valor\u00f3 confirmaci\u00f3n de compra de los terrenos de la chacra 40b<\/span><\/b><\/span><\/p>\n<div id=\"gtx-trans\" style=\"position: absolute; left: -50px; top: 4.31534px;\">\n<div class=\"gtx-trans-icon\"><\/div>\n<\/div>\n<\/div><\/section><\/div><div class=\"flex_column av_one_full  flex_column_div av-zero-column-padding first  avia-builder-el-4  el_after_av_one_full  el_before_av_hr  column-top-margin\" style='border-radius:0px; '><section class=\"av_textblock_section \"  itemscope=\"itemscope\" itemtype=\"https:\/\/schema.org\/BlogPosting\" itemprop=\"blogPost\" ><div class='avia_textblock  '   itemprop=\"text\" ><p style=\"font-weight: 400; text-align: justify;\">Como una gran noticia calific\u00f3 el diputado Miguel \u00c1ngel Calisto la confirmaci\u00f3n por parte del Ministerio de Vivienda y Urbanismo de la compra de la denominada Chacra 40 B, un terreno en la parte alta de Coyhaique que permitir\u00e1 la construcci\u00f3n de viviendas para 370 familias de distintos comit\u00e9s de vivienda, entre los que se encuentran Villa Cordillera, San Miguel y Sue\u00f1o de Todos.<\/p>\n<p style=\"font-weight: 400; text-align: justify;\">Seg\u00fan el diputado Calisto, \u201cestamos contentos porque el Ministerio de Vivienda tom\u00f3 la decisi\u00f3n por un tema que le hab\u00edamos pedido hace mucho tiempo. Aceptaron el requerimiento que\u00a0hicimos respecto de la compra del terreno de la Chacra 40 B en Coyhaique, que va a permitir beneficiar a varios comit\u00e9s de Vivienda, entre ellos Villa Cordillera, San Miguel y Sue\u00f1o de Todos\u201d.<\/p>\n<p style=\"font-weight: 400; text-align: justify;\">\u201cSon 370 familias que se van a ver beneficiadas con este proyecto habitacional y que junto a las dirigentas logramos avanzar y hoy ya tenemos el compromiso de la compra. Esto es una gran noticia, porque nos va a permitir avanzar en una soluci\u00f3n habitacional para muchos comit\u00e9s con los cuales llevamos a\u00f1os trabajando\u201d, se\u00f1al\u00f3 el diputado.<\/p>\n<p style=\"font-weight: 400; text-align: justify;\">Los dirigentes de estos comit\u00e9s se reunieron con el director del Serviu, y valoraron las gestiones realizadas por el diputado Calisto. \u201cNos fue muy bien en la reuni\u00f3n, esperamos que la firma de las escrituras de los terrenos sea en diciembre. Agradecemos las gestiones del diputado Calisto que nos han permitido estos avances importantes\u201d, se\u00f1al\u00f3 Mar\u00eda Saldivia, coordinadora de los comit\u00e9s.<\/p>\n<p style=\"font-weight: 400; text-align: justify;\">Seg\u00fan lo comentado por los dirigentes de estos comit\u00e9s, si todo resulta bien y no hay observaciones por parte de los distintos organismos que deben evaluar los proyectos, durante el mes de diciembre se podr\u00eda concretar la compra del terreno. Claramente una gran noticia para estas 370 familias de\u00a0Coyhaique que llevan muchos a\u00f1os luchando por tener una casa propia.<\/p>\n<\/div><\/section><\/div><div  style='height:50px' class='hr hr-invisible   avia-builder-el-6  el_after_av_one_full  el_before_av_social_share '><span class='hr-inner ' ><span class='hr-inner-style'><\/span><\/span><\/div><\/p>\n<div  class='av-social-sharing-box  avia-builder-el-7  el_after_av_hr  el_before_av_hr  '><div class='av-share-box'><h5 class='av-share-link-description av-no-toc '>Compartir esta noticia<\/h5><ul class='av-share-box-list noLightbox'><li class='av-share-link av-social-link-facebook' ><a target=\"_blank\" aria-label=\"Compartir en Facebook\" href='https:\/\/www.facebook.com\/sharer.php?u=https:\/\/radiorevelacionfm.cl\/?p=24424&#038;t=Diputado%20Calisto%20valor%C3%B3%20confirmaci%C3%B3n%20de%20compra%20de%20los%20terrenos%20de%20la%20chacra%2040b' aria-hidden='false' data-av_icon='\ue8f3' data-av_iconfont='entypo-fontello' title='' data-avia-related-tooltip='Compartir en Facebook' rel=\"noopener\"><span class='avia_hidden_link_text'>Compartir en Facebook<\/span><\/a><\/li><li class='av-share-link av-social-link-twitter' ><a target=\"_blank\" aria-label=\"Compartir en Twitter\" href='https:\/\/twitter.com\/share?text=Diputado%20Calisto%20valor%C3%B3%20confirmaci%C3%B3n%20de%20compra%20de%20los%20terrenos%20de%20la%20chacra%2040b&#038;url=https:\/\/radiorevelacionfm.cl\/?p=24424' aria-hidden='false' data-av_icon='\ue8f1' data-av_iconfont='entypo-fontello' title='' data-avia-related-tooltip='Compartir en Twitter' rel=\"noopener\"><span class='avia_hidden_link_text'>Compartir en Twitter<\/span><\/a><\/li><li class='av-share-link av-social-link-whatsapp' ><a target=\"_blank\" aria-label=\"Compartir en Whatsapp\" href='https:\/\/api.whatsapp.com\/send?text=https:\/\/radiorevelacionfm.cl\/?p=24424' aria-hidden='false' data-av_icon='\uf232' data-av_iconfont='entypo-fontello' title='' data-avia-related-tooltip='Compartir en Whatsapp' rel=\"noopener\"><span class='avia_hidden_link_text'>Compartir en Whatsapp<\/span><\/a><\/li><li class='av-share-link av-social-link-linkedin' ><a target=\"_blank\" aria-label=\"Compartir en LinkedIn\" href='https:\/\/linkedin.com\/shareArticle?mini=true&#038;title=Diputado%20Calisto%20valor%C3%B3%20confirmaci%C3%B3n%20de%20compra%20de%20los%20terrenos%20de%20la%20chacra%2040b&#038;url=https:\/\/radiorevelacionfm.cl\/?p=24424' aria-hidden='false' data-av_icon='\ue8fc' data-av_iconfont='entypo-fontello' title='' data-avia-related-tooltip='Compartir en LinkedIn' rel=\"noopener\"><span class='avia_hidden_link_text'>Compartir en LinkedIn<\/span><\/a><\/li><li class='av-share-link av-social-link-mail' ><a  aria-label=\"Compartir por correo\" href='mailto:?subject=Diputado%20Calisto%20valor%C3%B3%20confirmaci%C3%B3n%20de%20compra%20de%20los%20terrenos%20de%20la%20chacra%2040b&#038;body=https:\/\/radiorevelacionfm.cl\/?p=24424' aria-hidden='false' data-av_icon='\ue805' data-av_iconfont='entypo-fontello' title='' data-avia-related-tooltip='Compartir por correo'><span class='avia_hidden_link_text'>Compartir por correo<\/span><\/a><\/li><\/ul><\/div><\/div>\n<div  style='height:50px' class='hr hr-invisible   avia-builder-el-8  el_after_av_social_share  el_before_av_comments_list '><span class='hr-inner ' ><span class='hr-inner-style'><\/span><\/span><\/div>\n<div  class='av-buildercomment  av-blog-meta-html-info-disabled av-blog-meta-tag-disabled  '><\/div>\n","protected":false},"excerpt":{"rendered":"","protected":false},"author":1,"featured_media":24425,"comment_status":"open","ping_status":"open","sticky":false,"template":"","format":"standard","meta":{"footnotes":""},"categories":[38],"tags":[],"class_list":["post-24424","post","type-post","status-publish","format-standard","has-post-thumbnail","hentry","category-regional"],"jetpack_featured_media_url":"https:\/\/radiorevelacionfm.cl\/wp-content\/uploads\/2022\/11\/CALISTO-ARCHIVO-2-1-1.jpg","_links":{"self":[{"href":"https:\/\/radiorevelacionfm.cl\/index.php?rest_route=\/wp\/v2\/posts\/24424","targetHints":{"allow":["GET"]}}],"collection":[{"href":"https:\/\/radiorevelacionfm.cl\/index.php?rest_route=\/wp\/v2\/posts"}],"about":[{"href":"https:\/\/radiorevelacionfm.cl\/index.php?rest_route=\/wp\/v2\/types\/post"}],"author":[{"embeddable":true,"href":"https:\/\/radiorevelacionfm.cl\/index.php?rest_route=\/wp\/v2\/users\/1"}],"replies":[{"embeddable":true,"href":"https:\/\/radiorevelacionfm.cl\/index.php?rest_route=%2Fwp%2Fv2%2Fcomments&post=24424"}],"version-history":[{"count":2,"href":"https:\/\/radiorevelacionfm.cl\/index.php?rest_route=\/wp\/v2\/posts\/24424\/revisions"}],"predecessor-version":[{"id":24427,"href":"https:\/\/radiorevelacionfm.cl\/index.php?rest_route=\/wp\/v2\/posts\/24424\/revisions\/24427"}],"wp:featuredmedia":[{"embeddable":true,"href":"https:\/\/radiorevelacionfm.cl\/index.php?rest_route=\/wp\/v2\/media\/24425"}],"wp:attachment":[{"href":"https:\/\/radiorevelacionfm.cl\/index.php?rest_route=%2Fwp%2Fv2%2Fmedia&parent=24424"}],"wp:term":[{"taxonomy":"category","embeddable":true,"href":"https:\/\/radiorevelacionfm.cl\/index.php?rest_route=%2Fwp%2Fv2%2Fcategories&post=24424"},{"taxonomy":"post_tag","embeddable":true,"href":"https:\/\/radiorevelacionfm.cl\/index.php?rest_route=%2Fwp%2Fv2%2Ftags&post=24424"}],"curies":[{"name":"wp","href":"https:\/\/api.w.org\/{rel}","templated":true}]}}