{"id":24416,"date":"2022-11-19T11:37:58","date_gmt":"2022-11-19T14:37:58","guid":{"rendered":"https:\/\/radiorevelacionfm.cl\/?p=24416"},"modified":"2022-11-19T11:37:58","modified_gmt":"2022-11-19T14:37:58","slug":"conaf-avanza-en-reconversion-a-bosque-nativo","status":"publish","type":"post","link":"https:\/\/radiorevelacionfm.cl\/?p=24416","title":{"rendered":"CONAF avanza en reconversi\u00f3n a bosque nativo"},"content":{"rendered":"<div class=\"flex_column av_one_full  flex_column_div av-zero-column-padding first  avia-builder-el-0  el_before_av_one_full  avia-builder-el-first  \" style='border-radius:0px; '><div  class='avia-image-container  av-styling-    avia-builder-el-1  avia-builder-el-no-sibling  avia-align-center '  itemprop=\"image\" itemscope=\"itemscope\" itemtype=\"https:\/\/schema.org\/ImageObject\"  ><div class='avia-image-container-inner'><div class='avia-image-overlay-wrap'><img decoding=\"async\" class='wp-image-24418 avia-img-lazy-loading-not-24418 avia_image' src=\"https:\/\/radiorevelacionfm.cl\/wp-content\/uploads\/2022\/11\/nucleos-plantacion-1-1-2.jpeg\" alt='' title='n\u00facleos plantaci\u00f3n 1 (1) (2)' height=\"600\" width=\"1333\"  itemprop=\"thumbnailUrl\" srcset=\"https:\/\/radiorevelacionfm.cl\/wp-content\/uploads\/2022\/11\/nucleos-plantacion-1-1-2.jpeg 1333w, https:\/\/radiorevelacionfm.cl\/wp-content\/uploads\/2022\/11\/nucleos-plantacion-1-1-2-300x135.jpeg 300w, https:\/\/radiorevelacionfm.cl\/wp-content\/uploads\/2022\/11\/nucleos-plantacion-1-1-2-1030x464.jpeg 1030w, https:\/\/radiorevelacionfm.cl\/wp-content\/uploads\/2022\/11\/nucleos-plantacion-1-1-2-768x346.jpeg 768w, https:\/\/radiorevelacionfm.cl\/wp-content\/uploads\/2022\/11\/nucleos-plantacion-1-1-2-705x317.jpeg 705w, https:\/\/radiorevelacionfm.cl\/wp-content\/uploads\/2022\/11\/nucleos-plantacion-1-1-2-600x270.jpeg 600w\" sizes=\"(max-width: 1333px) 100vw, 1333px\" \/><\/div><\/div><\/div><\/div><div class=\"flex_column av_one_full  flex_column_div av-zero-column-padding first  avia-builder-el-2  el_after_av_one_full  el_before_av_one_full  column-top-margin\" style='border-radius:0px; '><section class=\"av_textblock_section \"  itemscope=\"itemscope\" itemtype=\"https:\/\/schema.org\/BlogPosting\" itemprop=\"blogPost\" ><div class='avia_textblock  '   itemprop=\"text\" ><p style=\"text-align: center;\"><span style=\"font-size: 18pt;\"><strong>CONAF avanza en reconversi\u00f3n a bosque nativo<\/strong><\/span><\/p>\n<p><strong>\u00a0<\/strong><\/p>\n<div id=\"gtx-trans\" style=\"position: absolute; left: -50px; top: 4.31534px;\">\n<div class=\"gtx-trans-icon\"><\/div>\n<\/div>\n<\/div><\/section><\/div><div class=\"flex_column av_one_full  flex_column_div av-zero-column-padding first  avia-builder-el-4  el_after_av_one_full  el_before_av_hr  column-top-margin\" style='border-radius:0px; '><section class=\"av_textblock_section \"  itemscope=\"itemscope\" itemtype=\"https:\/\/schema.org\/BlogPosting\" itemprop=\"blogPost\" ><div class='avia_textblock  '   itemprop=\"text\" ><p style=\"text-align: justify;\">Gracias al apoyo financiero del Gobierno Regional de Ays\u00e9n, se inici\u00f3 el a\u00f1o 2004 el proyecto \u201cManejo Integrado de Plantaciones en la Reserva Nacional Coyhaique\u201d con el prop\u00f3sito de manipular cerca de 500 hect\u00e1reas de plantaciones ex\u00f3ticas en edad de cosecha, y que cumplieron el objetivo inicial de proteger al suelo de la erosi\u00f3n provocada por los incendios de anta\u00f1o en la regi\u00f3n.<\/p>\n<p style=\"text-align: justify;\">Es por ello que, a trav\u00e9s del programa de empleo, se ejecutan intervenciones silv\u00edcolas para reconvertir gradualmente superficies a una condici\u00f3n natural con especies nativas, fomentando la restauraci\u00f3n de los ecosistemas originales de la Reserva Nacional, as\u00ed como la generaci\u00f3n de bienes y servicios para atender demandas de las familias socialmente m\u00e1s vulnerables de la provincia de Coyhaique.<\/p>\n<p style=\"text-align: justify;\">Durante el a\u00f1o 2022, se han reforestado 36,8 hect\u00e1reas usando plantas de lenga (<em>Nothofagus pumilio<\/em>) y coig\u00fce (<em>Nothofagus dombeyi<\/em>) en sectores que antes manten\u00edan plantaciones de pino ponderosa y contorta. De esta superficie, 29,3 hect\u00e1reas se reforestaron con recursos aportados por el Gobierno Regional y 7,5 hect\u00e1reas a trav\u00e9s de un convenio con la Fundaci\u00f3n Reforestemos.<\/p>\n<p style=\"text-align: justify;\">Para Jos\u00e9 Luis P\u00e9rez Vargas, jefe provincial de la oficina Coyhaique, el proyecto apunta a restaurar los ecosistemas naturales del \u00c1rea Protegida, siendo de suma importancia dar a conocer a la comunidad sus avances: \u201cDurante este a\u00f1o fueron establecidas cerca de 75 mil plantas nativas en -n\u00facleos de plantaci\u00f3n-, modalidad que es recomendada en sectores expuestos para favorecer el desarrollo inicial, maximizando las oportunidades de supervivencia a futuro\u201d indic\u00f3.<\/p>\n<p style=\"text-align: justify;\">Es importante destacar que la restauraci\u00f3n ecol\u00f3gica surge como un enfoque clave para recuperar ecosistemas, aumentar la resiliencia y mitigar los efectos del cambio clim\u00e1tico. Estas actividades conforman un ejercicio a peque\u00f1a escala, que apunta a recuperar la biodiversidad local y los servicios ecosist\u00e9micos asociados a la vegetaci\u00f3n nativa para el bienestar ambiental en la comuna de Coyhaique.<\/p>\n<p style=\"text-align: justify;\">Claudia Reyes Santelices, directora regional de la instituci\u00f3n explica que concentrar recursos y trabajo en este tipo de acciones de reconversi\u00f3n, representa uno de los pilares fundamentales en la misi\u00f3n de la actual administraci\u00f3n. \u201cEstamos orgullosas y orgullosos de ser parte de este proceso, porque la restauraci\u00f3n y recuperaci\u00f3n de bosques forman parte de nuestros lineamientos institucionales y el rol hist\u00f3rico que hemos forjado como instituci\u00f3n, actualmente se trabaja en reemplazar plantaciones de pino por especies nativas de la patagonia como lenga y coig\u00fce, en esta gesti\u00f3n trabajaremos tambi\u00e9n para potenciar la especie nativa \u00f1ire\u201d argument\u00f3 la autoridad de la corporaci\u00f3n.<\/p>\n<p style=\"text-align: justify;\">Por otro lado, en el marco del Fondo de Investigaci\u00f3n de Bosque Nativo de CONAF, investigadores de la Universidad de Chile y Universidad de Ays\u00e9n, ejecutan actualmente en la Reserva Nacional Coyhaique el proyecto: \u201c<em>Evaluaci\u00f3n de pr\u00e1cticas de conversi\u00f3n que favorezcan la restauraci\u00f3n de bosques del tipo forestal Lenga en plantaciones de con\u00edferas ex\u00f3ticas\u201d,<\/em> investigaci\u00f3n que analiza la supervivencia y el crecimiento de estas plantaciones nativas, y cuyos resultados que estar\u00edan disponibles durante el primer trimestre del a\u00f1o 2023.<\/p>\n<\/div><\/section><\/div><div  style='height:50px' class='hr hr-invisible   avia-builder-el-6  el_after_av_one_full  el_before_av_social_share '><span class='hr-inner ' ><span class='hr-inner-style'><\/span><\/span><\/div><\/p>\n<div  class='av-social-sharing-box  avia-builder-el-7  el_after_av_hr  el_before_av_hr  '><div class='av-share-box'><h5 class='av-share-link-description av-no-toc '>Compartir esta noticia<\/h5><ul class='av-share-box-list noLightbox'><li class='av-share-link av-social-link-facebook' ><a target=\"_blank\" aria-label=\"Compartir en Facebook\" href='https:\/\/www.facebook.com\/sharer.php?u=https:\/\/radiorevelacionfm.cl\/?p=24416&#038;t=CONAF%20avanza%20en%20reconversi%C3%B3n%20a%20bosque%20nativo' aria-hidden='false' data-av_icon='\ue8f3' data-av_iconfont='entypo-fontello' title='' data-avia-related-tooltip='Compartir en Facebook' rel=\"noopener\"><span class='avia_hidden_link_text'>Compartir en Facebook<\/span><\/a><\/li><li class='av-share-link av-social-link-twitter' ><a target=\"_blank\" aria-label=\"Compartir en Twitter\" href='https:\/\/twitter.com\/share?text=CONAF%20avanza%20en%20reconversi%C3%B3n%20a%20bosque%20nativo&#038;url=https:\/\/radiorevelacionfm.cl\/?p=24416' aria-hidden='false' data-av_icon='\ue8f1' data-av_iconfont='entypo-fontello' title='' data-avia-related-tooltip='Compartir en Twitter' rel=\"noopener\"><span class='avia_hidden_link_text'>Compartir en Twitter<\/span><\/a><\/li><li class='av-share-link av-social-link-whatsapp' ><a target=\"_blank\" aria-label=\"Compartir en Whatsapp\" href='https:\/\/api.whatsapp.com\/send?text=https:\/\/radiorevelacionfm.cl\/?p=24416' aria-hidden='false' data-av_icon='\uf232' data-av_iconfont='entypo-fontello' title='' data-avia-related-tooltip='Compartir en Whatsapp' rel=\"noopener\"><span class='avia_hidden_link_text'>Compartir en Whatsapp<\/span><\/a><\/li><li class='av-share-link av-social-link-linkedin' ><a target=\"_blank\" aria-label=\"Compartir en LinkedIn\" href='https:\/\/linkedin.com\/shareArticle?mini=true&#038;title=CONAF%20avanza%20en%20reconversi%C3%B3n%20a%20bosque%20nativo&#038;url=https:\/\/radiorevelacionfm.cl\/?p=24416' aria-hidden='false' data-av_icon='\ue8fc' data-av_iconfont='entypo-fontello' title='' data-avia-related-tooltip='Compartir en LinkedIn' rel=\"noopener\"><span class='avia_hidden_link_text'>Compartir en LinkedIn<\/span><\/a><\/li><li class='av-share-link av-social-link-mail' ><a  aria-label=\"Compartir por correo\" href='mailto:?subject=CONAF%20avanza%20en%20reconversi%C3%B3n%20a%20bosque%20nativo&#038;body=https:\/\/radiorevelacionfm.cl\/?p=24416' aria-hidden='false' data-av_icon='\ue805' data-av_iconfont='entypo-fontello' title='' data-avia-related-tooltip='Compartir por correo'><span class='avia_hidden_link_text'>Compartir por correo<\/span><\/a><\/li><\/ul><\/div><\/div>\n<div  style='height:50px' class='hr hr-invisible   avia-builder-el-8  el_after_av_social_share  el_before_av_comments_list '><span class='hr-inner ' ><span class='hr-inner-style'><\/span><\/span><\/div>\n<div  class='av-buildercomment  av-blog-meta-html-info-disabled av-blog-meta-tag-disabled  '><\/div>\n","protected":false},"excerpt":{"rendered":"","protected":false},"author":1,"featured_media":24418,"comment_status":"open","ping_status":"open","sticky":false,"template":"","format":"standard","meta":{"footnotes":""},"categories":[38],"tags":[],"class_list":["post-24416","post","type-post","status-publish","format-standard","has-post-thumbnail","hentry","category-regional"],"jetpack_featured_media_url":"https:\/\/radiorevelacionfm.cl\/wp-content\/uploads\/2022\/11\/nucleos-plantacion-1-1-2.jpeg","_links":{"self":[{"href":"https:\/\/radiorevelacionfm.cl\/index.php?rest_route=\/wp\/v2\/posts\/24416","targetHints":{"allow":["GET"]}}],"collection":[{"href":"https:\/\/radiorevelacionfm.cl\/index.php?rest_route=\/wp\/v2\/posts"}],"about":[{"href":"https:\/\/radiorevelacionfm.cl\/index.php?rest_route=\/wp\/v2\/types\/post"}],"author":[{"embeddable":true,"href":"https:\/\/radiorevelacionfm.cl\/index.php?rest_route=\/wp\/v2\/users\/1"}],"replies":[{"embeddable":true,"href":"https:\/\/radiorevelacionfm.cl\/index.php?rest_route=%2Fwp%2Fv2%2Fcomments&post=24416"}],"version-history":[{"count":2,"href":"https:\/\/radiorevelacionfm.cl\/index.php?rest_route=\/wp\/v2\/posts\/24416\/revisions"}],"predecessor-version":[{"id":24422,"href":"https:\/\/radiorevelacionfm.cl\/index.php?rest_route=\/wp\/v2\/posts\/24416\/revisions\/24422"}],"wp:featuredmedia":[{"embeddable":true,"href":"https:\/\/radiorevelacionfm.cl\/index.php?rest_route=\/wp\/v2\/media\/24418"}],"wp:attachment":[{"href":"https:\/\/radiorevelacionfm.cl\/index.php?rest_route=%2Fwp%2Fv2%2Fmedia&parent=24416"}],"wp:term":[{"taxonomy":"category","embeddable":true,"href":"https:\/\/radiorevelacionfm.cl\/index.php?rest_route=%2Fwp%2Fv2%2Fcategories&post=24416"},{"taxonomy":"post_tag","embeddable":true,"href":"https:\/\/radiorevelacionfm.cl\/index.php?rest_route=%2Fwp%2Fv2%2Ftags&post=24416"}],"curies":[{"name":"wp","href":"https:\/\/api.w.org\/{rel}","templated":true}]}}