{"id":24413,"date":"2022-11-21T13:49:11","date_gmt":"2022-11-21T16:49:11","guid":{"rendered":"https:\/\/radiorevelacionfm.cl\/?p=24413"},"modified":"2022-11-21T13:49:11","modified_gmt":"2022-11-21T16:49:11","slug":"emprendedoras-invitan-a-visitar-la-feria-boulevard-sernameg-2022-en-coyhaique","status":"publish","type":"post","link":"https:\/\/radiorevelacionfm.cl\/?p=24413","title":{"rendered":"Emprendedoras invitan a visitar la Feria Boulevard SernamEG 2022 en Coyhaique"},"content":{"rendered":"<div class=\"flex_column av_one_full  flex_column_div av-zero-column-padding first  avia-builder-el-0  el_before_av_one_full  avia-builder-el-first  \" style='border-radius:0px; '><div  class='avia-image-container  av-styling-    avia-builder-el-1  avia-builder-el-no-sibling  avia-align-center '  itemprop=\"image\" itemscope=\"itemscope\" itemtype=\"https:\/\/schema.org\/ImageObject\"  ><div class='avia-image-container-inner'><div class='avia-image-overlay-wrap'><img decoding=\"async\" class='wp-image-24414 avia-img-lazy-loading-not-24414 avia_image' src=\"https:\/\/radiorevelacionfm.cl\/wp-content\/uploads\/2022\/11\/Emprendedoras-invitan-a-Feria-SernamEG-4-1-1.jpg\" alt='' title='Emprendedoras invitan a Feria SernamEG (4) (1) (1)' height=\"600\" width=\"800\"  itemprop=\"thumbnailUrl\" srcset=\"https:\/\/radiorevelacionfm.cl\/wp-content\/uploads\/2022\/11\/Emprendedoras-invitan-a-Feria-SernamEG-4-1-1.jpg 800w, https:\/\/radiorevelacionfm.cl\/wp-content\/uploads\/2022\/11\/Emprendedoras-invitan-a-Feria-SernamEG-4-1-1-300x225.jpg 300w, https:\/\/radiorevelacionfm.cl\/wp-content\/uploads\/2022\/11\/Emprendedoras-invitan-a-Feria-SernamEG-4-1-1-768x576.jpg 768w, https:\/\/radiorevelacionfm.cl\/wp-content\/uploads\/2022\/11\/Emprendedoras-invitan-a-Feria-SernamEG-4-1-1-705x529.jpg 705w, https:\/\/radiorevelacionfm.cl\/wp-content\/uploads\/2022\/11\/Emprendedoras-invitan-a-Feria-SernamEG-4-1-1-600x450.jpg 600w\" sizes=\"(max-width: 800px) 100vw, 800px\" \/><\/div><\/div><\/div><\/div><div class=\"flex_column av_one_full  flex_column_div av-zero-column-padding first  avia-builder-el-2  el_after_av_one_full  el_before_av_one_full  column-top-margin\" style='border-radius:0px; '><section class=\"av_textblock_section \"  itemscope=\"itemscope\" itemtype=\"https:\/\/schema.org\/BlogPosting\" itemprop=\"blogPost\" ><div class='avia_textblock  '   itemprop=\"text\" ><p style=\"text-align: center;\"><strong><span style=\"font-size: 18pt;\">Emprendedoras invitan a visitar la Feria Boulevard SernamEG 2022 en Coyhaique<\/span><\/strong><\/p>\n<div id=\"gtx-trans\" style=\"position: absolute; left: -50px; top: 4.31534px;\">\n<div class=\"gtx-trans-icon\"><\/div>\n<\/div>\n<\/div><\/section><\/div><div class=\"flex_column av_one_full  flex_column_div av-zero-column-padding first  avia-builder-el-4  el_after_av_one_full  el_before_av_hr  column-top-margin\" style='border-radius:0px; '><section class=\"av_textblock_section \"  itemscope=\"itemscope\" itemtype=\"https:\/\/schema.org\/BlogPosting\" itemprop=\"blogPost\" ><div class='avia_textblock  '   itemprop=\"text\" ><p style=\"font-weight: 400; text-align: justify;\">Junto con relevar que el evento se enmarca en las acciones levantadas durante el a\u00f1o por el programa Mujer Emprende, la Directora Regional (S) de SernamEG, Carla Arriagada Malague\u00f1o, sostuvo que \u201ceste evento es doblemente especial, porque por una parte apoyamos a las emprendedoras para que puedan vender sus productos; y de esta forma alcancen, mantengan o fortalezcan su autonom\u00eda en este \u00e1mbito de la vida. Y por otra, intencionamos que coincidiera, en una de sus fechas, con el D\u00eda Internacional de la Eliminaci\u00f3n de la Violencia contra las Mujeres; ya que como Servicio creemos firmemente que el trabajo transversal en las autonom\u00edas como derechos fundamentales, permiten disminuir los factores de riesgo, brechas y barreras que est\u00e1n presentes cuando se vulneran sus cuerpos y sus vidas\u201d.<\/p>\n<p style=\"font-weight: 400; text-align: justify;\">Previa a la actividad se realiz\u00f3 en la direcci\u00f3n regional de SernamEG una reuni\u00f3n de coordinaci\u00f3n con las expositoras. Una de ellas, Josephling Barroso Hern\u00e1ndez, a nombre propio y de sus compa\u00f1eras se refiri\u00f3 a la importancia de este tipo de iniciativas. \u201cEs super importante ya que nos da la oportunidad, primero de vender y segundo darnos a conocer, captar m\u00e1s clientes a nivel regional. Es decir, que las personas que nos conozcan y que sepan que nosotras estamos ac\u00e1 para prestar un servicio. Les invitamos a la Feria, no dejen de ir ya que estaremos muchas artesanas ofreciendo todos nuestros productos\u201d, manifest\u00f3.<\/p>\n<p style=\"font-weight: 400; text-align: justify;\">La Feria Boulevard SernamEG 2022, se realizar\u00e1 los d\u00edas jueves 24 y viernes 25 de noviembre, de 10:00 a 19:00 horas y estar\u00e1n disponibles para el p\u00fablico visitante muestras de artesan\u00edas en lanas, fieltro, productos de decoraci\u00f3n para el hogar, plantas interiores y exteriores, orfebrer\u00eda y joyer\u00eda en plata.<\/p>\n<\/div><\/section><\/div><div  style='height:50px' class='hr hr-invisible   avia-builder-el-6  el_after_av_one_full  el_before_av_social_share '><span class='hr-inner ' ><span class='hr-inner-style'><\/span><\/span><\/div><\/p>\n<div  class='av-social-sharing-box  avia-builder-el-7  el_after_av_hr  el_before_av_hr  '><div class='av-share-box'><h5 class='av-share-link-description av-no-toc '>Compartir esta noticia<\/h5><ul class='av-share-box-list noLightbox'><li class='av-share-link av-social-link-facebook' ><a target=\"_blank\" aria-label=\"Compartir en Facebook\" href='https:\/\/www.facebook.com\/sharer.php?u=https:\/\/radiorevelacionfm.cl\/?p=24413&#038;t=Emprendedoras%20invitan%20a%20visitar%20la%20Feria%20Boulevard%20SernamEG%202022%20en%20Coyhaique' aria-hidden='false' data-av_icon='\ue8f3' data-av_iconfont='entypo-fontello' title='' data-avia-related-tooltip='Compartir en Facebook' rel=\"noopener\"><span class='avia_hidden_link_text'>Compartir en Facebook<\/span><\/a><\/li><li class='av-share-link av-social-link-twitter' ><a target=\"_blank\" aria-label=\"Compartir en Twitter\" href='https:\/\/twitter.com\/share?text=Emprendedoras%20invitan%20a%20visitar%20la%20Feria%20Boulevard%20SernamEG%202022%20en%20Coyhaique&#038;url=https:\/\/radiorevelacionfm.cl\/?p=24413' aria-hidden='false' data-av_icon='\ue8f1' data-av_iconfont='entypo-fontello' title='' data-avia-related-tooltip='Compartir en Twitter' rel=\"noopener\"><span class='avia_hidden_link_text'>Compartir en Twitter<\/span><\/a><\/li><li class='av-share-link av-social-link-whatsapp' ><a target=\"_blank\" aria-label=\"Compartir en Whatsapp\" href='https:\/\/api.whatsapp.com\/send?text=https:\/\/radiorevelacionfm.cl\/?p=24413' aria-hidden='false' data-av_icon='\uf232' data-av_iconfont='entypo-fontello' title='' data-avia-related-tooltip='Compartir en Whatsapp' rel=\"noopener\"><span class='avia_hidden_link_text'>Compartir en Whatsapp<\/span><\/a><\/li><li class='av-share-link av-social-link-linkedin' ><a target=\"_blank\" aria-label=\"Compartir en LinkedIn\" href='https:\/\/linkedin.com\/shareArticle?mini=true&#038;title=Emprendedoras%20invitan%20a%20visitar%20la%20Feria%20Boulevard%20SernamEG%202022%20en%20Coyhaique&#038;url=https:\/\/radiorevelacionfm.cl\/?p=24413' aria-hidden='false' data-av_icon='\ue8fc' data-av_iconfont='entypo-fontello' title='' data-avia-related-tooltip='Compartir en LinkedIn' rel=\"noopener\"><span class='avia_hidden_link_text'>Compartir en LinkedIn<\/span><\/a><\/li><li class='av-share-link av-social-link-mail' ><a  aria-label=\"Compartir por correo\" href='mailto:?subject=Emprendedoras%20invitan%20a%20visitar%20la%20Feria%20Boulevard%20SernamEG%202022%20en%20Coyhaique&#038;body=https:\/\/radiorevelacionfm.cl\/?p=24413' aria-hidden='false' data-av_icon='\ue805' data-av_iconfont='entypo-fontello' title='' data-avia-related-tooltip='Compartir por correo'><span class='avia_hidden_link_text'>Compartir por correo<\/span><\/a><\/li><\/ul><\/div><\/div>\n<div  style='height:50px' class='hr hr-invisible   avia-builder-el-8  el_after_av_social_share  el_before_av_comments_list '><span class='hr-inner ' ><span class='hr-inner-style'><\/span><\/span><\/div>\n<div  class='av-buildercomment  av-blog-meta-html-info-disabled av-blog-meta-tag-disabled  '><\/div>\n","protected":false},"excerpt":{"rendered":"","protected":false},"author":1,"featured_media":24414,"comment_status":"open","ping_status":"open","sticky":false,"template":"","format":"standard","meta":{"footnotes":""},"categories":[38],"tags":[],"class_list":["post-24413","post","type-post","status-publish","format-standard","has-post-thumbnail","hentry","category-regional"],"jetpack_featured_media_url":"https:\/\/radiorevelacionfm.cl\/wp-content\/uploads\/2022\/11\/Emprendedoras-invitan-a-Feria-SernamEG-4-1-1.jpg","_links":{"self":[{"href":"https:\/\/radiorevelacionfm.cl\/index.php?rest_route=\/wp\/v2\/posts\/24413","targetHints":{"allow":["GET"]}}],"collection":[{"href":"https:\/\/radiorevelacionfm.cl\/index.php?rest_route=\/wp\/v2\/posts"}],"about":[{"href":"https:\/\/radiorevelacionfm.cl\/index.php?rest_route=\/wp\/v2\/types\/post"}],"author":[{"embeddable":true,"href":"https:\/\/radiorevelacionfm.cl\/index.php?rest_route=\/wp\/v2\/users\/1"}],"replies":[{"embeddable":true,"href":"https:\/\/radiorevelacionfm.cl\/index.php?rest_route=%2Fwp%2Fv2%2Fcomments&post=24413"}],"version-history":[{"count":2,"href":"https:\/\/radiorevelacionfm.cl\/index.php?rest_route=\/wp\/v2\/posts\/24413\/revisions"}],"predecessor-version":[{"id":24487,"href":"https:\/\/radiorevelacionfm.cl\/index.php?rest_route=\/wp\/v2\/posts\/24413\/revisions\/24487"}],"wp:featuredmedia":[{"embeddable":true,"href":"https:\/\/radiorevelacionfm.cl\/index.php?rest_route=\/wp\/v2\/media\/24414"}],"wp:attachment":[{"href":"https:\/\/radiorevelacionfm.cl\/index.php?rest_route=%2Fwp%2Fv2%2Fmedia&parent=24413"}],"wp:term":[{"taxonomy":"category","embeddable":true,"href":"https:\/\/radiorevelacionfm.cl\/index.php?rest_route=%2Fwp%2Fv2%2Fcategories&post=24413"},{"taxonomy":"post_tag","embeddable":true,"href":"https:\/\/radiorevelacionfm.cl\/index.php?rest_route=%2Fwp%2Fv2%2Ftags&post=24413"}],"curies":[{"name":"wp","href":"https:\/\/api.w.org\/{rel}","templated":true}]}}