{"id":24409,"date":"2022-11-18T16:44:37","date_gmt":"2022-11-18T19:44:37","guid":{"rendered":"https:\/\/radiorevelacionfm.cl\/?p=24409"},"modified":"2022-11-18T16:44:37","modified_gmt":"2022-11-18T19:44:37","slug":"reencuentro-de-educacion-artistica-mas-de-200-ninas-y-ninos-aprenden-jugando-en-el-centro-cultural-coyhaique","status":"publish","type":"post","link":"https:\/\/radiorevelacionfm.cl\/?p=24409","title":{"rendered":"Reencuentro de Educaci\u00f3n Art\u00edstica: M\u00e1s de 200 ni\u00f1as y ni\u00f1os aprenden jugando en el Centro Cultural Coyhaique"},"content":{"rendered":"<div class=\"flex_column av_one_full  flex_column_div av-zero-column-padding first  avia-builder-el-0  el_before_av_one_full  avia-builder-el-first  \" style='border-radius:0px; '><div  class='avia-image-container  av-styling-    avia-builder-el-1  avia-builder-el-no-sibling  avia-align-center '  itemprop=\"image\" itemscope=\"itemscope\" itemtype=\"https:\/\/schema.org\/ImageObject\"  ><div class='avia-image-container-inner'><div class='avia-image-overlay-wrap'><img decoding=\"async\" class='wp-image-24410 avia-img-lazy-loading-not-24410 avia_image' src=\"https:\/\/radiorevelacionfm.cl\/wp-content\/uploads\/2022\/11\/reencuentro-en-arte-y-cultura-registro-laboratorio-21-1_optimized.jpg\" alt='' title='reencuentro-en-arte-y-cultura---registro-laboratorio-21-(1)_optimized' height=\"600\" width=\"899\"  itemprop=\"thumbnailUrl\" srcset=\"https:\/\/radiorevelacionfm.cl\/wp-content\/uploads\/2022\/11\/reencuentro-en-arte-y-cultura-registro-laboratorio-21-1_optimized.jpg 899w, https:\/\/radiorevelacionfm.cl\/wp-content\/uploads\/2022\/11\/reencuentro-en-arte-y-cultura-registro-laboratorio-21-1_optimized-300x200.jpg 300w, https:\/\/radiorevelacionfm.cl\/wp-content\/uploads\/2022\/11\/reencuentro-en-arte-y-cultura-registro-laboratorio-21-1_optimized-768x513.jpg 768w, https:\/\/radiorevelacionfm.cl\/wp-content\/uploads\/2022\/11\/reencuentro-en-arte-y-cultura-registro-laboratorio-21-1_optimized-705x471.jpg 705w, https:\/\/radiorevelacionfm.cl\/wp-content\/uploads\/2022\/11\/reencuentro-en-arte-y-cultura-registro-laboratorio-21-1_optimized-600x400.jpg 600w\" sizes=\"(max-width: 899px) 100vw, 899px\" \/><\/div><\/div><\/div><\/div><div class=\"flex_column av_one_full  flex_column_div av-zero-column-padding first  avia-builder-el-2  el_after_av_one_full  el_before_av_one_full  column-top-margin\" style='border-radius:0px; '><section class=\"av_textblock_section \"  itemscope=\"itemscope\" itemtype=\"https:\/\/schema.org\/BlogPosting\" itemprop=\"blogPost\" ><div class='avia_textblock  '   itemprop=\"text\" ><p style=\"text-align: center;\"><span style=\"font-size: 18pt;\"><b>Reencuentro de Educaci\u00f3n Art\u00edstica: M\u00e1s de 200 ni\u00f1as y ni\u00f1os aprenden jugando en el Centro Cultural Coyhaique<\/b><\/span><\/p>\n<div id=\"gtx-trans\" style=\"position: absolute; left: -50px; top: 4.31534px;\">\n<div class=\"gtx-trans-icon\"><\/div>\n<\/div>\n<\/div><\/section><\/div><div class=\"flex_column av_one_full  flex_column_div av-zero-column-padding first  avia-builder-el-4  el_after_av_one_full  el_before_av_hr  column-top-margin\" style='border-radius:0px; '><section class=\"av_textblock_section \"  itemscope=\"itemscope\" itemtype=\"https:\/\/schema.org\/BlogPosting\" itemprop=\"blogPost\" ><div class='avia_textblock  '   itemprop=\"text\" ><div>\n<p style=\"text-align: justify;\">M\u00e1s de 200 ni\u00f1os y ni\u00f1as de establecimientos de Puerto Ays\u00e9n y Coyhaique participaron junto a sus comunidades educativas en los laboratorios creativos de Artesan\u00eda, Rap End\u00e9mico, Audiovisual, Ciencias, D\u00e9cimas y Arte Circense. Paralelamente, agentes art\u00edsticos y educativos de todo el territorio, dieron a conocer los balances y resultados de sus experiencias en diversas localidades, en la Mesa Regional de Educaci\u00f3n Art\u00edstica.<\/p>\n<p style=\"text-align: justify;\">El seremi de Culturas Ays\u00e9n, Felipe Quiroz, manifest\u00f3 su alegr\u00eda por este reencuentro que coincide con la reactivaci\u00f3n del sector cultural tras la larga pandemia del Covid-19: \u00abEs muy emocionante ver c\u00f3mo el Centro Cultural de Coyhaique se llena de vida a trav\u00e9s de nuestros laboratorios de educaci\u00f3n art\u00edstica y el inter\u00e9s que han demostrado los integrantes de la Mesa Regional en conocer las distintas experiencias que se han desplegado por las comunas de la regi\u00f3n de Ays\u00e9n. Estoy va en la l\u00ednea ministerial de poner al arte y a la educaci\u00f3n en una l\u00ednea de trabajo creciente y permanente\u201d.<\/p>\n<p style=\"text-align: justify;\">Nataly Oyarz\u00fan desarroll\u00f3 sus laboratorios de Arte Circense en Cochrane, Y para ella ha sido bastante significativa porque pareciera que no hay instancias, pero si las hay, y hay mucha apertura hacia ellas. Si bien Cochrane est\u00e1 en la parte sur austral de la regi\u00f3n, el entrar a un espacio escolar permite que esta ventana se transforme en un port\u00f3n gigante para muchas posibilidades\u201d.<\/p>\n<p style=\"text-align: justify;\">El m\u00fasico Rolando Form\u00f3n sorprendi\u00f3 a ni\u00f1as y ni\u00f1os con su Laboratorio de Rap End\u00e9mico en Chile Chico: \u201csiento que se tiene que seguir haciendo siempre porque ha sido un desaf\u00edo enfrentar el centralismo que siempre golpe a las localidades m\u00e1s aisladas como Chile Chico. Es supernecesario que el arte llegue a todos los rincones de la Patagonia y del mundo en general. Los ni\u00f1os son una m\u00e1quina de creaci\u00f3n infinita y aprendo mucho con ellos\u201d.<\/p>\n<p style=\"text-align: justify;\">Kiara Janay, estudiante del la Escuela Altamira particip\u00f3 en el Laboratorio de Artes Circenses. Oriunda de Colombia, pudo compartir, jugar y aprender:\u00a0\u00a0\u201cS\u00faper, son muy creativos los juegos, uno se divierte, aprende cosas sobre las tribus, todo ch\u00e9vere o bac\u00e1n, como dicen ac\u00e1\u201d.<\/p>\n<\/div>\n<div style=\"text-align: justify;\"><\/div>\n<\/div><\/section><\/div><div  style='height:50px' class='hr hr-invisible   avia-builder-el-6  el_after_av_one_full  el_before_av_social_share '><span class='hr-inner ' ><span class='hr-inner-style'><\/span><\/span><\/div><\/p>\n<div  class='av-social-sharing-box  avia-builder-el-7  el_after_av_hr  el_before_av_hr  '><div class='av-share-box'><h5 class='av-share-link-description av-no-toc '>Compartir esta noticia<\/h5><ul class='av-share-box-list noLightbox'><li class='av-share-link av-social-link-facebook' ><a target=\"_blank\" aria-label=\"Compartir en Facebook\" href='https:\/\/www.facebook.com\/sharer.php?u=https:\/\/radiorevelacionfm.cl\/?p=24409&#038;t=Reencuentro%20de%20Educaci%C3%B3n%20Art%C3%ADstica%3A%20M%C3%A1s%20de%20200%20ni%C3%B1as%20y%20ni%C3%B1os%20aprenden%20jugando%20en%20el%20Centro%20Cultural%20Coyhaique' aria-hidden='false' data-av_icon='\ue8f3' data-av_iconfont='entypo-fontello' title='' data-avia-related-tooltip='Compartir en Facebook' rel=\"noopener\"><span class='avia_hidden_link_text'>Compartir en Facebook<\/span><\/a><\/li><li class='av-share-link av-social-link-twitter' ><a target=\"_blank\" aria-label=\"Compartir en Twitter\" href='https:\/\/twitter.com\/share?text=Reencuentro%20de%20Educaci%C3%B3n%20Art%C3%ADstica%3A%20M%C3%A1s%20de%20200%20ni%C3%B1as%20y%20ni%C3%B1os%20aprenden%20jugando%20en%20el%20Centro%20Cultural%20Coyhaique&#038;url=https:\/\/radiorevelacionfm.cl\/?p=24409' aria-hidden='false' data-av_icon='\ue8f1' data-av_iconfont='entypo-fontello' title='' data-avia-related-tooltip='Compartir en Twitter' rel=\"noopener\"><span class='avia_hidden_link_text'>Compartir en Twitter<\/span><\/a><\/li><li class='av-share-link av-social-link-whatsapp' ><a target=\"_blank\" aria-label=\"Compartir en Whatsapp\" href='https:\/\/api.whatsapp.com\/send?text=https:\/\/radiorevelacionfm.cl\/?p=24409' aria-hidden='false' data-av_icon='\uf232' data-av_iconfont='entypo-fontello' title='' data-avia-related-tooltip='Compartir en Whatsapp' rel=\"noopener\"><span class='avia_hidden_link_text'>Compartir en Whatsapp<\/span><\/a><\/li><li class='av-share-link av-social-link-linkedin' ><a target=\"_blank\" aria-label=\"Compartir en LinkedIn\" href='https:\/\/linkedin.com\/shareArticle?mini=true&#038;title=Reencuentro%20de%20Educaci%C3%B3n%20Art%C3%ADstica%3A%20M%C3%A1s%20de%20200%20ni%C3%B1as%20y%20ni%C3%B1os%20aprenden%20jugando%20en%20el%20Centro%20Cultural%20Coyhaique&#038;url=https:\/\/radiorevelacionfm.cl\/?p=24409' aria-hidden='false' data-av_icon='\ue8fc' data-av_iconfont='entypo-fontello' title='' data-avia-related-tooltip='Compartir en LinkedIn' rel=\"noopener\"><span class='avia_hidden_link_text'>Compartir en LinkedIn<\/span><\/a><\/li><li class='av-share-link av-social-link-mail' ><a  aria-label=\"Compartir por correo\" href='mailto:?subject=Reencuentro%20de%20Educaci%C3%B3n%20Art%C3%ADstica%3A%20M%C3%A1s%20de%20200%20ni%C3%B1as%20y%20ni%C3%B1os%20aprenden%20jugando%20en%20el%20Centro%20Cultural%20Coyhaique&#038;body=https:\/\/radiorevelacionfm.cl\/?p=24409' aria-hidden='false' data-av_icon='\ue805' data-av_iconfont='entypo-fontello' title='' data-avia-related-tooltip='Compartir por correo'><span class='avia_hidden_link_text'>Compartir por correo<\/span><\/a><\/li><\/ul><\/div><\/div>\n<div  style='height:50px' class='hr hr-invisible   avia-builder-el-8  el_after_av_social_share  el_before_av_comments_list '><span class='hr-inner ' ><span class='hr-inner-style'><\/span><\/span><\/div>\n<div  class='av-buildercomment  av-blog-meta-html-info-disabled av-blog-meta-tag-disabled  '><\/div>\n","protected":false},"excerpt":{"rendered":"","protected":false},"author":1,"featured_media":24410,"comment_status":"open","ping_status":"open","sticky":false,"template":"","format":"standard","meta":{"footnotes":""},"categories":[38],"tags":[],"class_list":["post-24409","post","type-post","status-publish","format-standard","has-post-thumbnail","hentry","category-regional"],"jetpack_featured_media_url":"https:\/\/radiorevelacionfm.cl\/wp-content\/uploads\/2022\/11\/reencuentro-en-arte-y-cultura-registro-laboratorio-21-1_optimized.jpg","_links":{"self":[{"href":"https:\/\/radiorevelacionfm.cl\/index.php?rest_route=\/wp\/v2\/posts\/24409","targetHints":{"allow":["GET"]}}],"collection":[{"href":"https:\/\/radiorevelacionfm.cl\/index.php?rest_route=\/wp\/v2\/posts"}],"about":[{"href":"https:\/\/radiorevelacionfm.cl\/index.php?rest_route=\/wp\/v2\/types\/post"}],"author":[{"embeddable":true,"href":"https:\/\/radiorevelacionfm.cl\/index.php?rest_route=\/wp\/v2\/users\/1"}],"replies":[{"embeddable":true,"href":"https:\/\/radiorevelacionfm.cl\/index.php?rest_route=%2Fwp%2Fv2%2Fcomments&post=24409"}],"version-history":[{"count":2,"href":"https:\/\/radiorevelacionfm.cl\/index.php?rest_route=\/wp\/v2\/posts\/24409\/revisions"}],"predecessor-version":[{"id":24412,"href":"https:\/\/radiorevelacionfm.cl\/index.php?rest_route=\/wp\/v2\/posts\/24409\/revisions\/24412"}],"wp:featuredmedia":[{"embeddable":true,"href":"https:\/\/radiorevelacionfm.cl\/index.php?rest_route=\/wp\/v2\/media\/24410"}],"wp:attachment":[{"href":"https:\/\/radiorevelacionfm.cl\/index.php?rest_route=%2Fwp%2Fv2%2Fmedia&parent=24409"}],"wp:term":[{"taxonomy":"category","embeddable":true,"href":"https:\/\/radiorevelacionfm.cl\/index.php?rest_route=%2Fwp%2Fv2%2Fcategories&post=24409"},{"taxonomy":"post_tag","embeddable":true,"href":"https:\/\/radiorevelacionfm.cl\/index.php?rest_route=%2Fwp%2Fv2%2Ftags&post=24409"}],"curies":[{"name":"wp","href":"https:\/\/api.w.org\/{rel}","templated":true}]}}