{"id":24403,"date":"2022-11-18T18:50:45","date_gmt":"2022-11-18T21:50:45","guid":{"rendered":"https:\/\/radiorevelacionfm.cl\/?p=24403"},"modified":"2022-11-18T18:50:45","modified_gmt":"2022-11-18T21:50:45","slug":"fundacion-integra-mantiene-postulaciones-abiertas-para-jardines-infantiles-y-salas-cuna","status":"publish","type":"post","link":"https:\/\/radiorevelacionfm.cl\/?p=24403","title":{"rendered":"Fundaci\u00f3n Integra mantiene postulaciones abiertas para Jardines Infantiles y Salas Cuna"},"content":{"rendered":"<div class=\"flex_column av_one_full  flex_column_div av-zero-column-padding first  avia-builder-el-0  el_before_av_one_full  avia-builder-el-first  \" style='border-radius:0px; '><div  class='avia-image-container  av-styling-    avia-builder-el-1  avia-builder-el-no-sibling  avia-align-center '  itemprop=\"image\" itemscope=\"itemscope\" itemtype=\"https:\/\/schema.org\/ImageObject\"  ><div class='avia-image-container-inner'><div class='avia-image-overlay-wrap'><img decoding=\"async\" class='wp-image-24404 avia-img-lazy-loading-not-24404 avia_image' src=\"https:\/\/radiorevelacionfm.cl\/wp-content\/uploads\/2022\/11\/integra-matriculas-1_optimized.jpg\" alt='' title='integra-matriculas-(1)_optimized' height=\"600\" width=\"1683\"  itemprop=\"thumbnailUrl\" srcset=\"https:\/\/radiorevelacionfm.cl\/wp-content\/uploads\/2022\/11\/integra-matriculas-1_optimized.jpg 1683w, https:\/\/radiorevelacionfm.cl\/wp-content\/uploads\/2022\/11\/integra-matriculas-1_optimized-300x107.jpg 300w, https:\/\/radiorevelacionfm.cl\/wp-content\/uploads\/2022\/11\/integra-matriculas-1_optimized-1030x367.jpg 1030w, https:\/\/radiorevelacionfm.cl\/wp-content\/uploads\/2022\/11\/integra-matriculas-1_optimized-768x274.jpg 768w, https:\/\/radiorevelacionfm.cl\/wp-content\/uploads\/2022\/11\/integra-matriculas-1_optimized-1536x548.jpg 1536w, https:\/\/radiorevelacionfm.cl\/wp-content\/uploads\/2022\/11\/integra-matriculas-1_optimized-1500x535.jpg 1500w, https:\/\/radiorevelacionfm.cl\/wp-content\/uploads\/2022\/11\/integra-matriculas-1_optimized-705x251.jpg 705w, https:\/\/radiorevelacionfm.cl\/wp-content\/uploads\/2022\/11\/integra-matriculas-1_optimized-600x214.jpg 600w\" sizes=\"(max-width: 1683px) 100vw, 1683px\" \/><\/div><\/div><\/div><\/div><div class=\"flex_column av_one_full  flex_column_div av-zero-column-padding first  avia-builder-el-2  el_after_av_one_full  el_before_av_one_full  column-top-margin\" style='border-radius:0px; '><section class=\"av_textblock_section \"  itemscope=\"itemscope\" itemtype=\"https:\/\/schema.org\/BlogPosting\" itemprop=\"blogPost\" ><div class='avia_textblock  '   itemprop=\"text\" ><p style=\"text-align: center;\"><strong><span style=\"font-size: 18pt;\">Fundaci\u00f3n Integra mantiene postulaciones abiertas para Jardines Infantiles y Salas Cuna<\/span><\/strong><\/p>\n<div id=\"gtx-trans\" style=\"position: absolute; left: -50px; top: 4.31534px;\">\n<div class=\"gtx-trans-icon\"><\/div>\n<\/div>\n<\/div><\/section><\/div><div class=\"flex_column av_one_full  flex_column_div av-zero-column-padding first  avia-builder-el-4  el_after_av_one_full  el_before_av_hr  column-top-margin\" style='border-radius:0px; '><section class=\"av_textblock_section \"  itemscope=\"itemscope\" itemtype=\"https:\/\/schema.org\/BlogPosting\" itemprop=\"blogPost\" ><div class='avia_textblock  '   itemprop=\"text\" ><p style=\"text-align: justify;\">Una invitaci\u00f3n a todas las familias est\u00e1 realizando Fundaci\u00f3n Integra de la regi\u00f3n de Ays\u00e9n para inscribir a ni\u00f1as y ni\u00f1os entre los 3 meses y los 4 a\u00f1os de edad con el objetivo de que estos puedan recibir educaci\u00f3n en primera infancia y ser parte de uno de los 19 establecimientos presentes en la regi\u00f3n desde Melinka hasta Villa O\u2019Higgins.<\/p>\n<p style=\"text-align: justify;\">La directora regional de Fundaci\u00f3n Integra, Leticia Araya Norambuena destac\u00f3 la importancia que tienen los jardines infantiles recalcando que ah\u00ed \u201clos ni\u00f1os y ni\u00f1as aprenden con sus pares donde el juego cumple un rol importante y que moviliza el trabajo de los equipos educativos\u201d. A la vez reforz\u00f3 que \u201ceste es un periodo de la etapa de los ni\u00f1os y de las ni\u00f1as donde la que la intenci\u00f3n educativa es la que hace la diferencia en el desarrollo cognitivo, emocional, psicomotor de los p\u00e1rvulos\u201d.<\/p>\n<p style=\"text-align: justify;\">Desde la instituci\u00f3n destacan que el proceso de selecci\u00f3n ser\u00e1 apoyado a trav\u00e9s del equipo de Atenci\u00f3n y Solicitudes Integra (ASI), quienes ampliar\u00e1n tendr\u00e1n 5 l\u00edneas de atenci\u00f3n telef\u00f3nica (800 540 011) para asistir a los postulantes que lo requieran. Adem\u00e1s, se habilitar\u00e1 un servicio de call center que permitir\u00e1 la atenci\u00f3n simult\u00e1nea de usuarios, la espera en l\u00ednea y derivar a otras plataformas como\u00a0<a href=\"http:\/\/www.integra.cl\/\" data-saferedirecturl=\"https:\/\/www.google.com\/url?q=http:\/\/www.integra.cl\/&amp;source=gmail&amp;ust=1668883684004000&amp;usg=AOvVaw3mD0Nu66FX4tLcGigrqO1r\">www.integra.cl<\/a>\u00a0y contaremos con un int\u00e9rprete de habla creole para facilitar la comunicaci\u00f3n con familias haitianas.<\/p>\n<p style=\"text-align: justify;\">\u201cLa idea es que visiten el jard\u00edn infantil de su inter\u00e9s. Primero, porque le pueden ayudar en este proceso de inscripci\u00f3n y matr\u00edcula y resolver alguna dudas que les puedan surgir y en segundo lugar para que puedan conocer la oferta educativa que tiene el jard\u00edn infantil y que conozcan el establecimiento y se den cuenta que son espacios educativos enriquecidos y en donde ni\u00f1os y ni\u00f1as son protagonistas de sus aprendizajes\u201d.<\/p>\n<p style=\"text-align: justify;\">La plataforma de postulaci\u00f3n de Integra est\u00e1 dise\u00f1ada para ser usada tanto desde computadores, celulares y tablets, debiendo los usuarios crear una cuenta para poder concretar la postulaci\u00f3n.<\/p>\n<p style=\"text-align: justify;\"><u>\u00bfC\u00f3mo funciona la postulaci\u00f3n online?<\/u><\/p>\n<p style=\"text-align: justify;\">Para postular, el apoderado\/a, padre o tutor legal debe completar un formulario en l\u00ednea que considera el RUN del ni\u00f1o o ni\u00f1a como dato esencial para concretarla.<\/p>\n<p style=\"text-align: justify;\">En el caso de las familias migrantes, que a\u00fan no cuenten con registro chileno, podr\u00e1n postular IPE (Identificador Provisorio del Estudiante), el que se obtiene en\u00a0<a href=\"http:\/\/www.ayudamineduc.cl\/\" data-saferedirecturl=\"https:\/\/www.google.com\/url?q=http:\/\/www.ayudamineduc.cl&amp;source=gmail&amp;ust=1668883684004000&amp;usg=AOvVaw3mD_TwfR7KARA3uZYLXlS8\">www.ayudamineduc.cl<\/a>.<\/p>\n<p style=\"text-align: justify;\">La directora regional de Fundaci\u00f3n Integra recalc\u00f3 que \u201csomos una instituci\u00f3n que entrega educaci\u00f3n de calidad y gratuita, lo \u00fanico que tienen que tener es el inter\u00e9s de conocer nuestro trabajo, de saber c\u00f3mo son nuestros establecimientos y tener la confianza de que sus hijos e hijas van a estar en las mejores manos, con experiencias educativas en las que ellos van a ser los principales protagonistas\u201d.<\/p>\n<p style=\"text-align: justify;\">Asimismo, la plataforma de postulaci\u00f3n online permitir\u00e1 que las familias puedan inscribirse en todos los establecimientos que estimen conveniente, considerando la cercan\u00eda al hogar, el lugar de trabajo, proyecto educativo, si cuenta con Reconocimiento Oficial, entre otras caracter\u00edsticas del establecimiento. Las familias, tambi\u00e9n, podr\u00e1n ordenar los jardines infantiles y salas cuna, seg\u00fan su preferencia para as\u00ed tener m\u00e1s opciones de obtener una vacante.<\/p>\n<p style=\"text-align: justify;\">Fechas para las postulaciones de Integra<\/p>\n<ul style=\"text-align: justify;\">\n<li><strong>Postulaci\u00f3n online<\/strong>: entre el 25 de octubre y el 30 de noviembre.<\/li>\n<li><strong>Priorizaci\u00f3n y asignaci\u00f3n de cupos<\/strong>: entre el 1 y el 15 de diciembre.<\/li>\n<li><strong>Publicaci\u00f3n de resultados<\/strong>: 16 de diciembre.<\/li>\n<li><strong>Matr\u00edcula presencial<\/strong>: entre el 19 de diciembre de 2022 y el 6 de enero de 2023.<\/li>\n<\/ul>\n<p style=\"text-align: justify;\"><u>\u00bfA qu\u00e9 nivel le corresponde asistir a mi hijo o hija?<\/u><\/p>\n<p style=\"text-align: justify;\">&#8211; Sala Cuna Menor. 0 a 1 a\u00f1o.<\/p>\n<p style=\"text-align: justify;\">&#8211; Sala Cuna Mayor: 1 a 2 a\u00f1os (edad cumplida a marzo 2023, 1 a\u00f1o).<\/p>\n<p style=\"text-align: justify;\">&#8211; Nivel Medio Menor: 2 a 3 a\u00f1os (edad cumplida a marzo 2023, 2 a\u00f1os).<\/p>\n<p style=\"text-align: justify;\">&#8211; Nivel Medio Mayor: 3 a 4 a\u00f1os (edad cumplida a marzo 2023, 3 a\u00f1os).<\/p>\n<p style=\"text-align: justify;\">Finalmente, cabe destacar que Integra pertenece a la Fundaciones de la Presidencia y cuenta con 32 a\u00f1os de experiencia, es la red m\u00e1s grande de salas cuna y jardines infantiles del pa\u00eds con m\u00e1s de 1.200 establecimientos gratuitos, a los que asisten m\u00e1s de 85 mil ni\u00f1os y ni\u00f1as en todo Chile.<\/p>\n<\/div><\/section><\/div><div  style='height:50px' class='hr hr-invisible   avia-builder-el-6  el_after_av_one_full  el_before_av_social_share '><span class='hr-inner ' ><span class='hr-inner-style'><\/span><\/span><\/div><\/p>\n<div  class='av-social-sharing-box  avia-builder-el-7  el_after_av_hr  el_before_av_hr  '><div class='av-share-box'><h5 class='av-share-link-description av-no-toc '>Compartir esta noticia<\/h5><ul class='av-share-box-list noLightbox'><li class='av-share-link av-social-link-facebook' ><a target=\"_blank\" aria-label=\"Compartir en Facebook\" href='https:\/\/www.facebook.com\/sharer.php?u=https:\/\/radiorevelacionfm.cl\/?p=24403&#038;t=Fundaci%C3%B3n%20Integra%20mantiene%20postulaciones%20abiertas%20para%20Jardines%20Infantiles%20y%20Salas%20Cuna' aria-hidden='false' data-av_icon='\ue8f3' data-av_iconfont='entypo-fontello' title='' data-avia-related-tooltip='Compartir en Facebook' rel=\"noopener\"><span class='avia_hidden_link_text'>Compartir en Facebook<\/span><\/a><\/li><li class='av-share-link av-social-link-twitter' ><a target=\"_blank\" aria-label=\"Compartir en Twitter\" href='https:\/\/twitter.com\/share?text=Fundaci%C3%B3n%20Integra%20mantiene%20postulaciones%20abiertas%20para%20Jardines%20Infantiles%20y%20Salas%20Cuna&#038;url=https:\/\/radiorevelacionfm.cl\/?p=24403' aria-hidden='false' data-av_icon='\ue8f1' data-av_iconfont='entypo-fontello' title='' data-avia-related-tooltip='Compartir en Twitter' rel=\"noopener\"><span class='avia_hidden_link_text'>Compartir en Twitter<\/span><\/a><\/li><li class='av-share-link av-social-link-whatsapp' ><a target=\"_blank\" aria-label=\"Compartir en Whatsapp\" href='https:\/\/api.whatsapp.com\/send?text=https:\/\/radiorevelacionfm.cl\/?p=24403' aria-hidden='false' data-av_icon='\uf232' data-av_iconfont='entypo-fontello' title='' data-avia-related-tooltip='Compartir en Whatsapp' rel=\"noopener\"><span class='avia_hidden_link_text'>Compartir en Whatsapp<\/span><\/a><\/li><li class='av-share-link av-social-link-linkedin' ><a target=\"_blank\" aria-label=\"Compartir en LinkedIn\" href='https:\/\/linkedin.com\/shareArticle?mini=true&#038;title=Fundaci%C3%B3n%20Integra%20mantiene%20postulaciones%20abiertas%20para%20Jardines%20Infantiles%20y%20Salas%20Cuna&#038;url=https:\/\/radiorevelacionfm.cl\/?p=24403' aria-hidden='false' data-av_icon='\ue8fc' data-av_iconfont='entypo-fontello' title='' data-avia-related-tooltip='Compartir en LinkedIn' rel=\"noopener\"><span class='avia_hidden_link_text'>Compartir en LinkedIn<\/span><\/a><\/li><li class='av-share-link av-social-link-mail' ><a  aria-label=\"Compartir por correo\" href='mailto:?subject=Fundaci%C3%B3n%20Integra%20mantiene%20postulaciones%20abiertas%20para%20Jardines%20Infantiles%20y%20Salas%20Cuna&#038;body=https:\/\/radiorevelacionfm.cl\/?p=24403' aria-hidden='false' data-av_icon='\ue805' data-av_iconfont='entypo-fontello' title='' data-avia-related-tooltip='Compartir por correo'><span class='avia_hidden_link_text'>Compartir por correo<\/span><\/a><\/li><\/ul><\/div><\/div>\n<div  style='height:50px' class='hr hr-invisible   avia-builder-el-8  el_after_av_social_share  el_before_av_comments_list '><span class='hr-inner ' ><span class='hr-inner-style'><\/span><\/span><\/div>\n<div  class='av-buildercomment  av-blog-meta-html-info-disabled av-blog-meta-tag-disabled  '><\/div>\n","protected":false},"excerpt":{"rendered":"","protected":false},"author":1,"featured_media":24404,"comment_status":"open","ping_status":"open","sticky":false,"template":"","format":"standard","meta":{"footnotes":""},"categories":[49,38],"tags":[],"class_list":["post-24403","post","type-post","status-publish","format-standard","has-post-thumbnail","hentry","category-educacion","category-regional"],"jetpack_featured_media_url":"https:\/\/radiorevelacionfm.cl\/wp-content\/uploads\/2022\/11\/integra-matriculas-1_optimized.jpg","_links":{"self":[{"href":"https:\/\/radiorevelacionfm.cl\/index.php?rest_route=\/wp\/v2\/posts\/24403","targetHints":{"allow":["GET"]}}],"collection":[{"href":"https:\/\/radiorevelacionfm.cl\/index.php?rest_route=\/wp\/v2\/posts"}],"about":[{"href":"https:\/\/radiorevelacionfm.cl\/index.php?rest_route=\/wp\/v2\/types\/post"}],"author":[{"embeddable":true,"href":"https:\/\/radiorevelacionfm.cl\/index.php?rest_route=\/wp\/v2\/users\/1"}],"replies":[{"embeddable":true,"href":"https:\/\/radiorevelacionfm.cl\/index.php?rest_route=%2Fwp%2Fv2%2Fcomments&post=24403"}],"version-history":[{"count":2,"href":"https:\/\/radiorevelacionfm.cl\/index.php?rest_route=\/wp\/v2\/posts\/24403\/revisions"}],"predecessor-version":[{"id":24421,"href":"https:\/\/radiorevelacionfm.cl\/index.php?rest_route=\/wp\/v2\/posts\/24403\/revisions\/24421"}],"wp:featuredmedia":[{"embeddable":true,"href":"https:\/\/radiorevelacionfm.cl\/index.php?rest_route=\/wp\/v2\/media\/24404"}],"wp:attachment":[{"href":"https:\/\/radiorevelacionfm.cl\/index.php?rest_route=%2Fwp%2Fv2%2Fmedia&parent=24403"}],"wp:term":[{"taxonomy":"category","embeddable":true,"href":"https:\/\/radiorevelacionfm.cl\/index.php?rest_route=%2Fwp%2Fv2%2Fcategories&post=24403"},{"taxonomy":"post_tag","embeddable":true,"href":"https:\/\/radiorevelacionfm.cl\/index.php?rest_route=%2Fwp%2Fv2%2Ftags&post=24403"}],"curies":[{"name":"wp","href":"https:\/\/api.w.org\/{rel}","templated":true}]}}