{"id":24399,"date":"2022-11-18T16:05:14","date_gmt":"2022-11-18T19:05:14","guid":{"rendered":"https:\/\/radiorevelacionfm.cl\/?p=24399"},"modified":"2022-11-18T16:05:14","modified_gmt":"2022-11-18T19:05:14","slug":"municipio-busca-obtener-mejores-datos-para-enfrentar-la-delincuencia-en-aysen","status":"publish","type":"post","link":"https:\/\/radiorevelacionfm.cl\/?p=24399","title":{"rendered":"Municipio busca obtener mejores datos para enfrentar la delincuencia en Ays\u00e9n"},"content":{"rendered":"<div class=\"flex_column av_one_full  flex_column_div av-zero-column-padding first  avia-builder-el-0  el_before_av_one_full  avia-builder-el-first  \" style='border-radius:0px; '><div  class='avia-image-container  av-styling-    avia-builder-el-1  avia-builder-el-no-sibling  avia-align-center '  itemprop=\"image\" itemscope=\"itemscope\" itemtype=\"https:\/\/schema.org\/ImageObject\"  ><div class='avia-image-container-inner'><div class='avia-image-overlay-wrap'><img decoding=\"async\" class='wp-image-24400 avia-img-lazy-loading-not-24400 avia_image' src=\"https:\/\/radiorevelacionfm.cl\/wp-content\/uploads\/2022\/11\/img-encuestasegpub-muniaysen1-1-1.jpeg\" alt='' title='img-encuestasegpub-muniaysen1 (1) (1)' height=\"600\" width=\"800\"  itemprop=\"thumbnailUrl\" srcset=\"https:\/\/radiorevelacionfm.cl\/wp-content\/uploads\/2022\/11\/img-encuestasegpub-muniaysen1-1-1.jpeg 800w, https:\/\/radiorevelacionfm.cl\/wp-content\/uploads\/2022\/11\/img-encuestasegpub-muniaysen1-1-1-300x225.jpeg 300w, https:\/\/radiorevelacionfm.cl\/wp-content\/uploads\/2022\/11\/img-encuestasegpub-muniaysen1-1-1-768x576.jpeg 768w, https:\/\/radiorevelacionfm.cl\/wp-content\/uploads\/2022\/11\/img-encuestasegpub-muniaysen1-1-1-705x529.jpeg 705w, https:\/\/radiorevelacionfm.cl\/wp-content\/uploads\/2022\/11\/img-encuestasegpub-muniaysen1-1-1-600x450.jpeg 600w\" sizes=\"(max-width: 800px) 100vw, 800px\" \/><\/div><\/div><\/div><\/div><div class=\"flex_column av_one_full  flex_column_div av-zero-column-padding first  avia-builder-el-2  el_after_av_one_full  el_before_av_one_full  column-top-margin\" style='border-radius:0px; '><section class=\"av_textblock_section \"  itemscope=\"itemscope\" itemtype=\"https:\/\/schema.org\/BlogPosting\" itemprop=\"blogPost\" ><div class='avia_textblock  '   itemprop=\"text\" ><p style=\"text-align: center;\"><strong><span style=\"font-size: 18pt;\">Municipio busca obtener mejores datos para enfrentar la delincuencia en Ays\u00e9n<\/span><\/strong><\/p>\n<div id=\"gtx-trans\" style=\"position: absolute; left: -50px; top: 4.31534px;\">\n<div class=\"gtx-trans-icon\"><\/div>\n<\/div>\n<\/div><\/section><\/div><div class=\"flex_column av_one_full  flex_column_div av-zero-column-padding first  avia-builder-el-4  el_after_av_one_full  el_before_av_hr  column-top-margin\" style='border-radius:0px; '><section class=\"av_textblock_section \"  itemscope=\"itemscope\" itemtype=\"https:\/\/schema.org\/BlogPosting\" itemprop=\"blogPost\" ><div class='avia_textblock  '   itemprop=\"text\" ><p style=\"text-align: justify;\">Como parte de la reestructuraci\u00f3n de los lineamientos establecidos en Plan Comunal de Seguridad P\u00fablica, la Ilustre Municipalidad de Ays\u00e9n a trav\u00e9s de la Direcci\u00f3n de Seguridad P\u00fablica y Convivencia se encuentra desarrollando un proceso participativo para conocer la percepci\u00f3n de seguridad que poseen los habitantes de la comuna porte\u00f1a. El instrumento elegido para estos fines fue una encuesta que ha sido aplicada ya a m\u00e1s de 500 vecinos en Puerto Ays\u00e9n y que se encuentra en replica para las distintas localidades que componen la zona. Cabe destacar que, esto tambi\u00e9n forma parte de los compromisos adoptados por el alcalde Julio Uribe por delinear un mejor camino en cuanto a Seguridad se refiere.<\/p>\n<p style=\"text-align: justify;\">Al respecto, el titular de la Seguridad Comunal, Marco Co\u00f1uecar manifest\u00f3 su alegr\u00eda ante este hecho. Agregando que, la aplicaci\u00f3n de esta encuesta es el resultado de las conversaciones sostenidas con los dirigentes sociales del Consejo Comunal de Seguridad P\u00fablica para que la informaci\u00f3n pueda nacer desde el territorio. Tras su aplicaci\u00f3n en la capital de la comuna porte\u00f1a el personero municipal indic\u00f3 que \u201cahora estamos replicando la encuesta en distintos lugares como Villa Ma\u00f1ihuales, Puerto Aguirre y Puerto Chacabuco y la idea es poder presentarla al Consejo Comunal de Seguridad P\u00fablica y posteriormente al H. Concejo Municipal con mejor informaci\u00f3n comunitaria\u201d.<\/p>\n<p style=\"text-align: justify;\">En adici\u00f3n, explic\u00f3 que con esto el municipio aysenino se encuentra \u201cmarcando un hito en poder escuchar a la ciudadan\u00eda, en poder ver m\u00e1s all\u00e1 de las estad\u00edsticas que llegan a nivel nacional, tener nuestra propia estad\u00edstica local con informaci\u00f3n de los vecinos. \u00a0Lo que nos permitir\u00e1 hacer un mejor trabajo en la prevenci\u00f3n del delito. Nosotros hemos hecho carne el mandato de nuestro alcalde Julio Uribe, en el sentido de tener dos grandes acciones como lo fue primero, recorrer todas las localidades con el Consejo Comunal de Seguridad P\u00fablica y segundo las Audiencias P\u00fablicas.\u201d<\/p>\n<p style=\"text-align: justify;\">El director municipal fue enf\u00e1tico en realzar el car\u00e1cter comunitario que poseen las iniciativas desplegadas por la gesti\u00f3n municipal para atender, escuchar y buscar una respuesta com\u00fan entre todos los actores sociales. \u201cEl trabajo que estamos realizando es importante y esta Direcci\u00f3n de Seguridad P\u00fablica sigue mejorando, avanzando y esperamos continuar trabajando por la comunidad\u201d, puntualiz\u00f3 Co\u00f1uecar.<\/p>\n<\/div><\/section><\/div><div  style='height:50px' class='hr hr-invisible   avia-builder-el-6  el_after_av_one_full  el_before_av_social_share '><span class='hr-inner ' ><span class='hr-inner-style'><\/span><\/span><\/div><\/p>\n<div  class='av-social-sharing-box  avia-builder-el-7  el_after_av_hr  el_before_av_hr  '><div class='av-share-box'><h5 class='av-share-link-description av-no-toc '>Compartir esta noticia<\/h5><ul class='av-share-box-list noLightbox'><li class='av-share-link av-social-link-facebook' ><a target=\"_blank\" aria-label=\"Compartir en Facebook\" href='https:\/\/www.facebook.com\/sharer.php?u=https:\/\/radiorevelacionfm.cl\/?p=24399&#038;t=Municipio%20busca%20obtener%20mejores%20datos%20para%20enfrentar%20la%20delincuencia%20en%20Ays%C3%A9n' aria-hidden='false' data-av_icon='\ue8f3' data-av_iconfont='entypo-fontello' title='' data-avia-related-tooltip='Compartir en Facebook' rel=\"noopener\"><span class='avia_hidden_link_text'>Compartir en Facebook<\/span><\/a><\/li><li class='av-share-link av-social-link-twitter' ><a target=\"_blank\" aria-label=\"Compartir en Twitter\" href='https:\/\/twitter.com\/share?text=Municipio%20busca%20obtener%20mejores%20datos%20para%20enfrentar%20la%20delincuencia%20en%20Ays%C3%A9n&#038;url=https:\/\/radiorevelacionfm.cl\/?p=24399' aria-hidden='false' data-av_icon='\ue8f1' data-av_iconfont='entypo-fontello' title='' data-avia-related-tooltip='Compartir en Twitter' rel=\"noopener\"><span class='avia_hidden_link_text'>Compartir en Twitter<\/span><\/a><\/li><li class='av-share-link av-social-link-whatsapp' ><a target=\"_blank\" aria-label=\"Compartir en Whatsapp\" href='https:\/\/api.whatsapp.com\/send?text=https:\/\/radiorevelacionfm.cl\/?p=24399' aria-hidden='false' data-av_icon='\uf232' data-av_iconfont='entypo-fontello' title='' data-avia-related-tooltip='Compartir en Whatsapp' rel=\"noopener\"><span class='avia_hidden_link_text'>Compartir en Whatsapp<\/span><\/a><\/li><li class='av-share-link av-social-link-linkedin' ><a target=\"_blank\" aria-label=\"Compartir en LinkedIn\" href='https:\/\/linkedin.com\/shareArticle?mini=true&#038;title=Municipio%20busca%20obtener%20mejores%20datos%20para%20enfrentar%20la%20delincuencia%20en%20Ays%C3%A9n&#038;url=https:\/\/radiorevelacionfm.cl\/?p=24399' aria-hidden='false' data-av_icon='\ue8fc' data-av_iconfont='entypo-fontello' title='' data-avia-related-tooltip='Compartir en LinkedIn' rel=\"noopener\"><span class='avia_hidden_link_text'>Compartir en LinkedIn<\/span><\/a><\/li><li class='av-share-link av-social-link-mail' ><a  aria-label=\"Compartir por correo\" href='mailto:?subject=Municipio%20busca%20obtener%20mejores%20datos%20para%20enfrentar%20la%20delincuencia%20en%20Ays%C3%A9n&#038;body=https:\/\/radiorevelacionfm.cl\/?p=24399' aria-hidden='false' data-av_icon='\ue805' data-av_iconfont='entypo-fontello' title='' data-avia-related-tooltip='Compartir por correo'><span class='avia_hidden_link_text'>Compartir por correo<\/span><\/a><\/li><\/ul><\/div><\/div>\n<div  style='height:50px' class='hr hr-invisible   avia-builder-el-8  el_after_av_social_share  el_before_av_comments_list '><span class='hr-inner ' ><span class='hr-inner-style'><\/span><\/span><\/div>\n<div  class='av-buildercomment  av-blog-meta-html-info-disabled av-blog-meta-tag-disabled  '><\/div>\n","protected":false},"excerpt":{"rendered":"","protected":false},"author":1,"featured_media":24400,"comment_status":"open","ping_status":"open","sticky":false,"template":"","format":"standard","meta":{"footnotes":""},"categories":[38],"tags":[],"class_list":["post-24399","post","type-post","status-publish","format-standard","has-post-thumbnail","hentry","category-regional"],"jetpack_featured_media_url":"https:\/\/radiorevelacionfm.cl\/wp-content\/uploads\/2022\/11\/img-encuestasegpub-muniaysen1-1-1.jpeg","_links":{"self":[{"href":"https:\/\/radiorevelacionfm.cl\/index.php?rest_route=\/wp\/v2\/posts\/24399","targetHints":{"allow":["GET"]}}],"collection":[{"href":"https:\/\/radiorevelacionfm.cl\/index.php?rest_route=\/wp\/v2\/posts"}],"about":[{"href":"https:\/\/radiorevelacionfm.cl\/index.php?rest_route=\/wp\/v2\/types\/post"}],"author":[{"embeddable":true,"href":"https:\/\/radiorevelacionfm.cl\/index.php?rest_route=\/wp\/v2\/users\/1"}],"replies":[{"embeddable":true,"href":"https:\/\/radiorevelacionfm.cl\/index.php?rest_route=%2Fwp%2Fv2%2Fcomments&post=24399"}],"version-history":[{"count":2,"href":"https:\/\/radiorevelacionfm.cl\/index.php?rest_route=\/wp\/v2\/posts\/24399\/revisions"}],"predecessor-version":[{"id":24402,"href":"https:\/\/radiorevelacionfm.cl\/index.php?rest_route=\/wp\/v2\/posts\/24399\/revisions\/24402"}],"wp:featuredmedia":[{"embeddable":true,"href":"https:\/\/radiorevelacionfm.cl\/index.php?rest_route=\/wp\/v2\/media\/24400"}],"wp:attachment":[{"href":"https:\/\/radiorevelacionfm.cl\/index.php?rest_route=%2Fwp%2Fv2%2Fmedia&parent=24399"}],"wp:term":[{"taxonomy":"category","embeddable":true,"href":"https:\/\/radiorevelacionfm.cl\/index.php?rest_route=%2Fwp%2Fv2%2Fcategories&post=24399"},{"taxonomy":"post_tag","embeddable":true,"href":"https:\/\/radiorevelacionfm.cl\/index.php?rest_route=%2Fwp%2Fv2%2Ftags&post=24399"}],"curies":[{"name":"wp","href":"https:\/\/api.w.org\/{rel}","templated":true}]}}