{"id":24394,"date":"2022-11-19T14:42:16","date_gmt":"2022-11-19T17:42:16","guid":{"rendered":"https:\/\/radiorevelacionfm.cl\/?p=24394"},"modified":"2022-11-19T14:42:16","modified_gmt":"2022-11-19T17:42:16","slug":"sernapesca-anuncia-inicio-de-semana-mundial-de-concientizacion-sobre-el-uso-de-antimicrobianos","status":"publish","type":"post","link":"https:\/\/radiorevelacionfm.cl\/?p=24394","title":{"rendered":"SERNAPESCA anuncia inicio de Semana Mundial de Concientizaci\u00f3n sobre el Uso de Antimicrobianos"},"content":{"rendered":"<div class=\"flex_column av_one_full  flex_column_div av-zero-column-padding first  avia-builder-el-0  el_before_av_one_full  avia-builder-el-first  \" style='border-radius:0px; '><div  class='avia-image-container  av-styling-    avia-builder-el-1  avia-builder-el-no-sibling  avia-align-center '  itemprop=\"image\" itemscope=\"itemscope\" itemtype=\"https:\/\/schema.org\/ImageObject\"  ><div class='avia-image-container-inner'><div class='avia-image-overlay-wrap'><img decoding=\"async\" class='wp-image-24395 avia-img-lazy-loading-not-24395 avia_image' src=\"https:\/\/radiorevelacionfm.cl\/wp-content\/uploads\/2022\/11\/3-94-1-1.jpg\" alt='' title='3 (94) (1) (1)' height=\"600\" width=\"1065\"  itemprop=\"thumbnailUrl\" srcset=\"https:\/\/radiorevelacionfm.cl\/wp-content\/uploads\/2022\/11\/3-94-1-1.jpg 1065w, https:\/\/radiorevelacionfm.cl\/wp-content\/uploads\/2022\/11\/3-94-1-1-300x169.jpg 300w, https:\/\/radiorevelacionfm.cl\/wp-content\/uploads\/2022\/11\/3-94-1-1-1030x580.jpg 1030w, https:\/\/radiorevelacionfm.cl\/wp-content\/uploads\/2022\/11\/3-94-1-1-768x433.jpg 768w, https:\/\/radiorevelacionfm.cl\/wp-content\/uploads\/2022\/11\/3-94-1-1-705x397.jpg 705w, https:\/\/radiorevelacionfm.cl\/wp-content\/uploads\/2022\/11\/3-94-1-1-600x338.jpg 600w\" sizes=\"(max-width: 1065px) 100vw, 1065px\" \/><\/div><\/div><\/div><\/div><div class=\"flex_column av_one_full  flex_column_div av-zero-column-padding first  avia-builder-el-2  el_after_av_one_full  el_before_av_one_full  column-top-margin\" style='border-radius:0px; '><section class=\"av_textblock_section \"  itemscope=\"itemscope\" itemtype=\"https:\/\/schema.org\/BlogPosting\" itemprop=\"blogPost\" ><div class='avia_textblock  '   itemprop=\"text\" ><p style=\"font-weight: 400; text-align: center;\"><strong><span style=\"font-size: 18pt;\">SERNAPESCA anuncia inicio de Semana Mundial de Concientizaci\u00f3n sobre el Uso de Antimicrobianos<\/span><\/strong><\/p>\n<div id=\"gtx-trans\" style=\"position: absolute; left: -50px; top: 4.31534px;\">\n<div class=\"gtx-trans-icon\"><\/div>\n<\/div>\n<\/div><\/section><\/div><div class=\"flex_column av_one_full  flex_column_div av-zero-column-padding first  avia-builder-el-4  el_after_av_one_full  el_before_av_hr  column-top-margin\" style='border-radius:0px; '><section class=\"av_textblock_section \"  itemscope=\"itemscope\" itemtype=\"https:\/\/schema.org\/BlogPosting\" itemprop=\"blogPost\" ><div class='avia_textblock  '   itemprop=\"text\" ><p style=\"font-weight: 400; text-align: justify;\">Hoy 18 de noviembre se da inicio a una nueva versi\u00f3n de la Semana Mundial de Concientizaci\u00f3n sobre el Uso de Antimicrobianos que \u00e9ste a\u00f1o tiene como lema:\u00a0<em>Previniendo juntos la Resistencia a los Antimicrobianos (RAM)<\/em>.<\/p>\n<p style=\"font-weight: 400; text-align: justify;\">La Semana Mundial de Concientizaci\u00f3n sobre el Uso de Antimicrobianos tiene como objetivo aumentar la conciencia sobre la resistencia a los antimicrobianos (RAM) y fomentar las mejores pr\u00e1cticas entre los profesionales de la salud animal, los trabajadores de la salud y el p\u00fablico en general, para evitar la aparici\u00f3n y propagaci\u00f3n de pat\u00f3genos resistentes.<\/p>\n<p style=\"font-weight: 400; text-align: justify;\">En el marco de actividades que se realizar\u00e1n, desde el Servicio Nacional de Pesca y Acuicultura (SERNAPESCA) se organiz\u00f3 el\u00a0<strong>webinar<\/strong>\u00a0<em>El rol de las Alianzas P\u00fablico-Privadas (APP) en la prevenci\u00f3n de la RAM<\/em>\u00a0que se llevar\u00e1 a cabo el mi\u00e9rcoles 23 y estar\u00e1 abierto a toda la comunidad previa inscripci\u00f3n.<\/p>\n<p style=\"font-weight: 400; text-align: justify;\">\u201cNuestro objetivo como Sernapesca es\u00a0propender a cautelar el bienestar animal para que en armon\u00eda con ello\u00a0se\u00a0haga un uso eficiente\u00a0\u00a0de\u00a0los\u00a0antimicrobianos. De este modo podemos prevenir la resistencia a los antimicrobianos,\u00a0y visionar una desarrollo sustentable y sostenible de la industria del salmon\u201d coment\u00f3 Carlos Navarro,\u00a0Jefe del Departamento de Salud Animal del Servicio Nacional de Pesca y Acuicultura.<\/p>\n<p style=\"font-weight: 400; text-align: justify;\">Al igual que las personas, los peces se enferman y necesitan tratamientos con antibi\u00f3ticos para\u00a0controlar las\u00a0enfermedades. En la fase de engorda de salmones en mar m\u00e1s del 90% de los antibi\u00f3ticos utilizados son para controlar una enfermedad que llamada\u00a0piscirickettsiosis, que genera un cuadro llamado septicemia rickettsial salmonidea o SRS.<\/p>\n<p style=\"font-weight: 400; text-align: justify;\">Este a\u00f1o las actividades de la semana de concientizaci\u00f3n contra la RAM iniciaron con el seminario\u00a0<em>Trabajando juntos contra la Resistencia a los Antimicrobianos<\/em>, organizado por la Agencia Chilena para la Inocuidad y Calidad Alimentaria (ACHIPIA), el cual cont\u00f3 con la participaci\u00f3n de Sernapesca, con una exposici\u00f3n sobre las estrategias del Servicio para el monitoreo del uso de antimicrobianos, adem\u00e1s de realizar una actualizaci\u00f3n de las actividades y resultados en marco de la vigilancia de la susceptibilidad de pat\u00f3genos a los antimicrobianos en la industria del salm\u00f3n.<\/p>\n<p style=\"font-weight: 400; text-align: justify;\">El\u00a0<strong>webinar<\/strong>\u00a0<em>El rol de las Alianzas P\u00fablico-Privadas (APP) en la prevenci\u00f3n de la RAM<\/em>\u00a0es organizado por Sernapesca, en colaboraci\u00f3n con la Organizaci\u00f3n Panamericana de la Salud (OPS), y cuenta con participaci\u00f3n de expositores tanto a nivel internacional como nacional desde el \u00e1mbito p\u00fablico y privado.<\/p>\n<p style=\"font-weight: 400; text-align: justify;\">El webinar\u00a0<em>El rol de las Alianzas P\u00fablico-Privadas (APP) en la prevenci\u00f3n de la RAM<\/em>\u00a0se llevar\u00e1 a cabo el mi\u00e9rcoles 23 de noviembre en formato online v\u00eda plataforma ZOOM, entre las 09:30 y las 13:00 horas. Las inscripciones se deben hacer en el siguiente link\u00a0<a href=\"https:\/\/paho-org.zoom.us\/webinar\/register\/WN_XSeG4ojBQQKu_lpWfy9BGg\" data-saferedirecturl=\"https:\/\/www.google.com\/url?q=https:\/\/paho-org.zoom.us\/webinar\/register\/WN_XSeG4ojBQQKu_lpWfy9BGg&amp;source=gmail&amp;ust=1668869642390000&amp;usg=AOvVaw3lr4n13iTPPxVkyyqb-xOR\">https:\/\/paho-org.zoom.us\/webinar\/register\/WN_XSeG4ojBQQKu_lpWfy9BGg<\/a><\/p>\n<\/div><\/section><\/div><div  style='height:50px' class='hr hr-invisible   avia-builder-el-6  el_after_av_one_full  el_before_av_social_share '><span class='hr-inner ' ><span class='hr-inner-style'><\/span><\/span><\/div><\/p>\n<div  class='av-social-sharing-box  avia-builder-el-7  el_after_av_hr  el_before_av_hr  '><div class='av-share-box'><h5 class='av-share-link-description av-no-toc '>Compartir esta noticia<\/h5><ul class='av-share-box-list noLightbox'><li class='av-share-link av-social-link-facebook' ><a target=\"_blank\" aria-label=\"Compartir en Facebook\" href='https:\/\/www.facebook.com\/sharer.php?u=https:\/\/radiorevelacionfm.cl\/?p=24394&#038;t=SERNAPESCA%20anuncia%20inicio%20de%20Semana%20Mundial%20de%20Concientizaci%C3%B3n%20sobre%20el%20Uso%20de%20Antimicrobianos' aria-hidden='false' data-av_icon='\ue8f3' data-av_iconfont='entypo-fontello' title='' data-avia-related-tooltip='Compartir en Facebook' rel=\"noopener\"><span class='avia_hidden_link_text'>Compartir en Facebook<\/span><\/a><\/li><li class='av-share-link av-social-link-twitter' ><a target=\"_blank\" aria-label=\"Compartir en Twitter\" href='https:\/\/twitter.com\/share?text=SERNAPESCA%20anuncia%20inicio%20de%20Semana%20Mundial%20de%20Concientizaci%C3%B3n%20sobre%20el%20Uso%20de%20Antimicrobianos&#038;url=https:\/\/radiorevelacionfm.cl\/?p=24394' aria-hidden='false' data-av_icon='\ue8f1' data-av_iconfont='entypo-fontello' title='' data-avia-related-tooltip='Compartir en Twitter' rel=\"noopener\"><span class='avia_hidden_link_text'>Compartir en Twitter<\/span><\/a><\/li><li class='av-share-link av-social-link-whatsapp' ><a target=\"_blank\" aria-label=\"Compartir en Whatsapp\" href='https:\/\/api.whatsapp.com\/send?text=https:\/\/radiorevelacionfm.cl\/?p=24394' aria-hidden='false' data-av_icon='\uf232' data-av_iconfont='entypo-fontello' title='' data-avia-related-tooltip='Compartir en Whatsapp' rel=\"noopener\"><span class='avia_hidden_link_text'>Compartir en Whatsapp<\/span><\/a><\/li><li class='av-share-link av-social-link-linkedin' ><a target=\"_blank\" aria-label=\"Compartir en LinkedIn\" href='https:\/\/linkedin.com\/shareArticle?mini=true&#038;title=SERNAPESCA%20anuncia%20inicio%20de%20Semana%20Mundial%20de%20Concientizaci%C3%B3n%20sobre%20el%20Uso%20de%20Antimicrobianos&#038;url=https:\/\/radiorevelacionfm.cl\/?p=24394' aria-hidden='false' data-av_icon='\ue8fc' data-av_iconfont='entypo-fontello' title='' data-avia-related-tooltip='Compartir en LinkedIn' rel=\"noopener\"><span class='avia_hidden_link_text'>Compartir en LinkedIn<\/span><\/a><\/li><li class='av-share-link av-social-link-mail' ><a  aria-label=\"Compartir por correo\" href='mailto:?subject=SERNAPESCA%20anuncia%20inicio%20de%20Semana%20Mundial%20de%20Concientizaci%C3%B3n%20sobre%20el%20Uso%20de%20Antimicrobianos&#038;body=https:\/\/radiorevelacionfm.cl\/?p=24394' aria-hidden='false' data-av_icon='\ue805' data-av_iconfont='entypo-fontello' title='' data-avia-related-tooltip='Compartir por correo'><span class='avia_hidden_link_text'>Compartir por correo<\/span><\/a><\/li><\/ul><\/div><\/div>\n<div  style='height:50px' class='hr hr-invisible   avia-builder-el-8  el_after_av_social_share  el_before_av_comments_list '><span class='hr-inner ' ><span class='hr-inner-style'><\/span><\/span><\/div>\n<div  class='av-buildercomment  av-blog-meta-html-info-disabled av-blog-meta-tag-disabled  '><\/div>\n","protected":false},"excerpt":{"rendered":"","protected":false},"author":1,"featured_media":24395,"comment_status":"open","ping_status":"open","sticky":false,"template":"","format":"standard","meta":{"footnotes":""},"categories":[38],"tags":[],"class_list":["post-24394","post","type-post","status-publish","format-standard","has-post-thumbnail","hentry","category-regional"],"jetpack_featured_media_url":"https:\/\/radiorevelacionfm.cl\/wp-content\/uploads\/2022\/11\/3-94-1-1.jpg","_links":{"self":[{"href":"https:\/\/radiorevelacionfm.cl\/index.php?rest_route=\/wp\/v2\/posts\/24394","targetHints":{"allow":["GET"]}}],"collection":[{"href":"https:\/\/radiorevelacionfm.cl\/index.php?rest_route=\/wp\/v2\/posts"}],"about":[{"href":"https:\/\/radiorevelacionfm.cl\/index.php?rest_route=\/wp\/v2\/types\/post"}],"author":[{"embeddable":true,"href":"https:\/\/radiorevelacionfm.cl\/index.php?rest_route=\/wp\/v2\/users\/1"}],"replies":[{"embeddable":true,"href":"https:\/\/radiorevelacionfm.cl\/index.php?rest_route=%2Fwp%2Fv2%2Fcomments&post=24394"}],"version-history":[{"count":2,"href":"https:\/\/radiorevelacionfm.cl\/index.php?rest_route=\/wp\/v2\/posts\/24394\/revisions"}],"predecessor-version":[{"id":24423,"href":"https:\/\/radiorevelacionfm.cl\/index.php?rest_route=\/wp\/v2\/posts\/24394\/revisions\/24423"}],"wp:featuredmedia":[{"embeddable":true,"href":"https:\/\/radiorevelacionfm.cl\/index.php?rest_route=\/wp\/v2\/media\/24395"}],"wp:attachment":[{"href":"https:\/\/radiorevelacionfm.cl\/index.php?rest_route=%2Fwp%2Fv2%2Fmedia&parent=24394"}],"wp:term":[{"taxonomy":"category","embeddable":true,"href":"https:\/\/radiorevelacionfm.cl\/index.php?rest_route=%2Fwp%2Fv2%2Fcategories&post=24394"},{"taxonomy":"post_tag","embeddable":true,"href":"https:\/\/radiorevelacionfm.cl\/index.php?rest_route=%2Fwp%2Fv2%2Ftags&post=24394"}],"curies":[{"name":"wp","href":"https:\/\/api.w.org\/{rel}","templated":true}]}}