{"id":24390,"date":"2022-11-18T10:56:56","date_gmt":"2022-11-18T13:56:56","guid":{"rendered":"https:\/\/radiorevelacionfm.cl\/?p=24390"},"modified":"2022-11-18T10:56:56","modified_gmt":"2022-11-18T13:56:56","slug":"exitosamente-liceo-politecnico-culmina-iniciativa-conecta-aysen","status":"publish","type":"post","link":"https:\/\/radiorevelacionfm.cl\/?p=24390","title":{"rendered":"Exitosamente liceo Polit\u00e9cnico culmina iniciativa \u201cConecta Ays\u00e9n\u201d"},"content":{"rendered":"<div class=\"flex_column av_one_full  flex_column_div av-zero-column-padding first  avia-builder-el-0  el_before_av_one_full  avia-builder-el-first  \" style='border-radius:0px; '><div  class='avia-image-container  av-styling-    avia-builder-el-1  avia-builder-el-no-sibling  avia-align-center '  itemprop=\"image\" itemscope=\"itemscope\" itemtype=\"https:\/\/schema.org\/ImageObject\"  ><div class='avia-image-container-inner'><div class='avia-image-overlay-wrap'><img decoding=\"async\" class='wp-image-24391 avia-img-lazy-loading-not-24391 avia_image' src=\"https:\/\/radiorevelacionfm.cl\/wp-content\/uploads\/2022\/11\/314507192_1006493086969118_687231219971070337_n-1-1.jpg\" alt='' title='314507192_1006493086969118_687231219971070337_n (1) (1)' height=\"600\" width=\"1065\"  itemprop=\"thumbnailUrl\" srcset=\"https:\/\/radiorevelacionfm.cl\/wp-content\/uploads\/2022\/11\/314507192_1006493086969118_687231219971070337_n-1-1.jpg 1065w, https:\/\/radiorevelacionfm.cl\/wp-content\/uploads\/2022\/11\/314507192_1006493086969118_687231219971070337_n-1-1-300x169.jpg 300w, https:\/\/radiorevelacionfm.cl\/wp-content\/uploads\/2022\/11\/314507192_1006493086969118_687231219971070337_n-1-1-1030x580.jpg 1030w, https:\/\/radiorevelacionfm.cl\/wp-content\/uploads\/2022\/11\/314507192_1006493086969118_687231219971070337_n-1-1-768x433.jpg 768w, https:\/\/radiorevelacionfm.cl\/wp-content\/uploads\/2022\/11\/314507192_1006493086969118_687231219971070337_n-1-1-705x397.jpg 705w, https:\/\/radiorevelacionfm.cl\/wp-content\/uploads\/2022\/11\/314507192_1006493086969118_687231219971070337_n-1-1-600x338.jpg 600w\" sizes=\"(max-width: 1065px) 100vw, 1065px\" \/><\/div><\/div><\/div><\/div><div class=\"flex_column av_one_full  flex_column_div av-zero-column-padding first  avia-builder-el-2  el_after_av_one_full  el_before_av_one_full  column-top-margin\" style='border-radius:0px; '><section class=\"av_textblock_section \"  itemscope=\"itemscope\" itemtype=\"https:\/\/schema.org\/BlogPosting\" itemprop=\"blogPost\" ><div class='avia_textblock  '   itemprop=\"text\" ><p style=\"text-align: center;\"><span style=\"font-size: 18pt;\"><strong>Exitosamente liceo Polit\u00e9cnico culmina iniciativa \u201cConecta Ays\u00e9n\u201d<\/strong><\/span><\/p>\n<div id=\"gtx-trans\" style=\"position: absolute; left: -50px; top: 4.31534px;\">\n<div class=\"gtx-trans-icon\"><\/div>\n<\/div>\n<\/div><\/section><\/div><div class=\"flex_column av_one_full  flex_column_div av-zero-column-padding first  avia-builder-el-4  el_after_av_one_full  el_before_av_hr  column-top-margin\" style='border-radius:0px; '><section class=\"av_textblock_section \"  itemscope=\"itemscope\" itemtype=\"https:\/\/schema.org\/BlogPosting\" itemprop=\"blogPost\" ><div class='avia_textblock  '   itemprop=\"text\" ><p style=\"text-align: justify;\">Relevar el t\u00e9rmino de un proyecto que los acompa\u00f1\u00f3 durante todo el 2022, fue el objetivo de la ceremonia efectuada en los \u00faltimos d\u00edas por el liceo Polit\u00e9cnico, en Puerto Ays\u00e9n como parte del cierre de la iniciativa \u201cConecta Ays\u00e9n\u201d, cuya g\u00e9nesis busca responder a las necesidades de los establecimientos educacionales de desarrollar una estrategia mancomunada entre empresas e Instituciones de Educaci\u00f3n Superior (IES), en pos de los estudiantes de la educaci\u00f3n t\u00e9cnico profesional.<\/p>\n<p style=\"text-align: justify;\">De esta manera, es posible abordar las brechas existentes que dificultan el acceso y la permanencia de los j\u00f3venes en la educaci\u00f3n superior, permitiendo la implementaci\u00f3n de este proyecto fortalecer la gesti\u00f3n del equipo del liceo, respecto a la generaci\u00f3n de espacios significativos y pertinentes de alternancia, tanto en coordinaci\u00f3n con empresas como con IES, acompa\u00f1ando de manera cercana el proceso que vive cada estudiante durante su pasant\u00eda, fortaleciendo los futuros v\u00ednculos y procesos de gesti\u00f3n.<\/p>\n<p style=\"text-align: justify;\">\u201cPara nosotros fue muy importante porque nos permiti\u00f3 concretar v\u00ednculos con las empresas, y las empresas se prepararon a trav\u00e9s de capacitar a un maestro gu\u00eda, en que nos colabor\u00f3 ONG Canales, para poder contribuir a la formaci\u00f3n de los estudiantes cuando ingresaron a la empresa. Pr\u00e1cticamente todos los estudiantes de la especialidad de mec\u00e1nica de cuarto medio pudieron participar de pasant\u00edas, en que nos colaboraron distintas instituciones, entonces para los estudiantes este primer paso, de poder poner en pr\u00e1ctica lo aprendido directamente en un contexto real donde podr\u00edan insertarse laboralmente en un futuro, es sumamente valioso\u201d, manifest\u00f3 la directora del recinto educativo, Mar\u00eda Celeste Rojas.<\/p>\n<p style=\"text-align: justify;\">En este sentido, \u201cla fundaci\u00f3n Luksic abre un fondo al que los establecimientos podemos postular. En acuerdo con ONG Canales postulamos y pudimos adjudicarnos estos recursos y desarrollar distintas iniciativas. Las pasant\u00edas es una m\u00e1s de una serie de iniciativas que tienen por objetivo fortalecer la formaci\u00f3n t\u00e9cnico profesional pensando en la educaci\u00f3n superior y su inserci\u00f3n laboral. Charlas, capacitaciones espec\u00edficas, a cargo de INACAP Coyhaique, los estudiantes conocieron las instalaciones de instituciones de educaci\u00f3n superior, como un primer \u00e1mbito. Y la segunda parte fue conocer las empresas, porque nos interesa mucho que puedan seguir estudiando, y por supuesto el \u00e1mbito laboral. Entonces en el fondo se cruzaron ambas metas a trav\u00e9s de esta iniciativa\u201d, agreg\u00f3 Rojas Bustos.<\/p>\n<p style=\"text-align: justify;\">Por su parte, Hellen Acu\u00f1a, representante de la fundaci\u00f3n Luksic -instituci\u00f3n patrocinante del proyecto-, relev\u00f3 esta instancia, enmarcada en el Fortalecimiento de Iniciativas Educativas, FIE 2022, a trav\u00e9s del denominado \u201cMueve TP\u201d, que tiene como prop\u00f3sito potenciar la continuidad de estudios de quienes egresan de la ense\u00f1anza t\u00e9cnico-profesional.<\/p>\n<p style=\"text-align: justify;\">\u00a0\u201cPara nosotros como Mueve TP es muy importante acompa\u00f1ar a los estudiantes, conocer su realidad y su experiencia en las pasant\u00edas. Asimismo, es super importante que ellos puedan conocer las diversas alternativas existentes en cuanto instituciones de educaci\u00f3n superior para que puedan decidir m\u00e1s adelante, ojal\u00e1 continuar con sus estudios universitarios. Para nosotros como fundaci\u00f3n es muy importante la prosecuci\u00f3n de estudios. Por eso estamos muy contentos, y les deseamos mucho \u00e9xito desde ya a todos los estudiantes\u201d, indic\u00f3 Hellen Acu\u00f1a.<\/p>\n<\/div><\/section><\/div><div  style='height:50px' class='hr hr-invisible   avia-builder-el-6  el_after_av_one_full  el_before_av_social_share '><span class='hr-inner ' ><span class='hr-inner-style'><\/span><\/span><\/div><\/p>\n<div  class='av-social-sharing-box  avia-builder-el-7  el_after_av_hr  el_before_av_hr  '><div class='av-share-box'><h5 class='av-share-link-description av-no-toc '>Compartir esta noticia<\/h5><ul class='av-share-box-list noLightbox'><li class='av-share-link av-social-link-facebook' ><a target=\"_blank\" aria-label=\"Compartir en Facebook\" href='https:\/\/www.facebook.com\/sharer.php?u=https:\/\/radiorevelacionfm.cl\/?p=24390&#038;t=Exitosamente%20liceo%20Polit%C3%A9cnico%20culmina%20iniciativa%20%E2%80%9CConecta%20Ays%C3%A9n%E2%80%9D' aria-hidden='false' data-av_icon='\ue8f3' data-av_iconfont='entypo-fontello' title='' data-avia-related-tooltip='Compartir en Facebook' rel=\"noopener\"><span class='avia_hidden_link_text'>Compartir en Facebook<\/span><\/a><\/li><li class='av-share-link av-social-link-twitter' ><a target=\"_blank\" aria-label=\"Compartir en Twitter\" href='https:\/\/twitter.com\/share?text=Exitosamente%20liceo%20Polit%C3%A9cnico%20culmina%20iniciativa%20%E2%80%9CConecta%20Ays%C3%A9n%E2%80%9D&#038;url=https:\/\/radiorevelacionfm.cl\/?p=24390' aria-hidden='false' data-av_icon='\ue8f1' data-av_iconfont='entypo-fontello' title='' data-avia-related-tooltip='Compartir en Twitter' rel=\"noopener\"><span class='avia_hidden_link_text'>Compartir en Twitter<\/span><\/a><\/li><li class='av-share-link av-social-link-whatsapp' ><a target=\"_blank\" aria-label=\"Compartir en Whatsapp\" href='https:\/\/api.whatsapp.com\/send?text=https:\/\/radiorevelacionfm.cl\/?p=24390' aria-hidden='false' data-av_icon='\uf232' data-av_iconfont='entypo-fontello' title='' data-avia-related-tooltip='Compartir en Whatsapp' rel=\"noopener\"><span class='avia_hidden_link_text'>Compartir en Whatsapp<\/span><\/a><\/li><li class='av-share-link av-social-link-linkedin' ><a target=\"_blank\" aria-label=\"Compartir en LinkedIn\" href='https:\/\/linkedin.com\/shareArticle?mini=true&#038;title=Exitosamente%20liceo%20Polit%C3%A9cnico%20culmina%20iniciativa%20%E2%80%9CConecta%20Ays%C3%A9n%E2%80%9D&#038;url=https:\/\/radiorevelacionfm.cl\/?p=24390' aria-hidden='false' data-av_icon='\ue8fc' data-av_iconfont='entypo-fontello' title='' data-avia-related-tooltip='Compartir en LinkedIn' rel=\"noopener\"><span class='avia_hidden_link_text'>Compartir en LinkedIn<\/span><\/a><\/li><li class='av-share-link av-social-link-mail' ><a  aria-label=\"Compartir por correo\" href='mailto:?subject=Exitosamente%20liceo%20Polit%C3%A9cnico%20culmina%20iniciativa%20%E2%80%9CConecta%20Ays%C3%A9n%E2%80%9D&#038;body=https:\/\/radiorevelacionfm.cl\/?p=24390' aria-hidden='false' data-av_icon='\ue805' data-av_iconfont='entypo-fontello' title='' data-avia-related-tooltip='Compartir por correo'><span class='avia_hidden_link_text'>Compartir por correo<\/span><\/a><\/li><\/ul><\/div><\/div>\n<div  style='height:50px' class='hr hr-invisible   avia-builder-el-8  el_after_av_social_share  el_before_av_comments_list '><span class='hr-inner ' ><span class='hr-inner-style'><\/span><\/span><\/div>\n<div  class='av-buildercomment  av-blog-meta-html-info-disabled av-blog-meta-tag-disabled  '><\/div>\n","protected":false},"excerpt":{"rendered":"","protected":false},"author":1,"featured_media":24391,"comment_status":"open","ping_status":"open","sticky":false,"template":"","format":"standard","meta":{"footnotes":""},"categories":[49,38],"tags":[],"class_list":["post-24390","post","type-post","status-publish","format-standard","has-post-thumbnail","hentry","category-educacion","category-regional"],"jetpack_featured_media_url":"https:\/\/radiorevelacionfm.cl\/wp-content\/uploads\/2022\/11\/314507192_1006493086969118_687231219971070337_n-1-1.jpg","_links":{"self":[{"href":"https:\/\/radiorevelacionfm.cl\/index.php?rest_route=\/wp\/v2\/posts\/24390","targetHints":{"allow":["GET"]}}],"collection":[{"href":"https:\/\/radiorevelacionfm.cl\/index.php?rest_route=\/wp\/v2\/posts"}],"about":[{"href":"https:\/\/radiorevelacionfm.cl\/index.php?rest_route=\/wp\/v2\/types\/post"}],"author":[{"embeddable":true,"href":"https:\/\/radiorevelacionfm.cl\/index.php?rest_route=\/wp\/v2\/users\/1"}],"replies":[{"embeddable":true,"href":"https:\/\/radiorevelacionfm.cl\/index.php?rest_route=%2Fwp%2Fv2%2Fcomments&post=24390"}],"version-history":[{"count":2,"href":"https:\/\/radiorevelacionfm.cl\/index.php?rest_route=\/wp\/v2\/posts\/24390\/revisions"}],"predecessor-version":[{"id":24393,"href":"https:\/\/radiorevelacionfm.cl\/index.php?rest_route=\/wp\/v2\/posts\/24390\/revisions\/24393"}],"wp:featuredmedia":[{"embeddable":true,"href":"https:\/\/radiorevelacionfm.cl\/index.php?rest_route=\/wp\/v2\/media\/24391"}],"wp:attachment":[{"href":"https:\/\/radiorevelacionfm.cl\/index.php?rest_route=%2Fwp%2Fv2%2Fmedia&parent=24390"}],"wp:term":[{"taxonomy":"category","embeddable":true,"href":"https:\/\/radiorevelacionfm.cl\/index.php?rest_route=%2Fwp%2Fv2%2Fcategories&post=24390"},{"taxonomy":"post_tag","embeddable":true,"href":"https:\/\/radiorevelacionfm.cl\/index.php?rest_route=%2Fwp%2Fv2%2Ftags&post=24390"}],"curies":[{"name":"wp","href":"https:\/\/api.w.org\/{rel}","templated":true}]}}