{"id":24386,"date":"2022-11-18T10:23:32","date_gmt":"2022-11-18T13:23:32","guid":{"rendered":"https:\/\/radiorevelacionfm.cl\/?p=24386"},"modified":"2022-11-18T10:23:32","modified_gmt":"2022-11-18T13:23:32","slug":"destino-aysen-patagonia-sobresale-en-fisa-2022","status":"publish","type":"post","link":"https:\/\/radiorevelacionfm.cl\/?p=24386","title":{"rendered":"Destino Ays\u00e9n Patagonia sobresale en FISA 2022"},"content":{"rendered":"<div class=\"flex_column av_one_full  flex_column_div av-zero-column-padding first  avia-builder-el-0  el_before_av_one_full  avia-builder-el-first  \" style='border-radius:0px; '><div  class='avia-image-container  av-styling-    avia-builder-el-1  avia-builder-el-no-sibling  avia-align-center '  itemprop=\"image\" itemscope=\"itemscope\" itemtype=\"https:\/\/schema.org\/ImageObject\"  ><div class='avia-image-container-inner'><div class='avia-image-overlay-wrap'><img decoding=\"async\" class='wp-image-24387 avia-img-lazy-loading-not-24387 avia_image' src=\"https:\/\/radiorevelacionfm.cl\/wp-content\/uploads\/2022\/11\/WhatsApp-Image-2022-11-16-at-12.40.39-1-1.jpeg\" alt='' title='WhatsApp Image 2022-11-16 at 12.40.39 (1) (1)' height=\"600\" width=\"1126\"  itemprop=\"thumbnailUrl\" srcset=\"https:\/\/radiorevelacionfm.cl\/wp-content\/uploads\/2022\/11\/WhatsApp-Image-2022-11-16-at-12.40.39-1-1.jpeg 1126w, https:\/\/radiorevelacionfm.cl\/wp-content\/uploads\/2022\/11\/WhatsApp-Image-2022-11-16-at-12.40.39-1-1-300x160.jpeg 300w, https:\/\/radiorevelacionfm.cl\/wp-content\/uploads\/2022\/11\/WhatsApp-Image-2022-11-16-at-12.40.39-1-1-1030x549.jpeg 1030w, https:\/\/radiorevelacionfm.cl\/wp-content\/uploads\/2022\/11\/WhatsApp-Image-2022-11-16-at-12.40.39-1-1-768x409.jpeg 768w, https:\/\/radiorevelacionfm.cl\/wp-content\/uploads\/2022\/11\/WhatsApp-Image-2022-11-16-at-12.40.39-1-1-705x376.jpeg 705w, https:\/\/radiorevelacionfm.cl\/wp-content\/uploads\/2022\/11\/WhatsApp-Image-2022-11-16-at-12.40.39-1-1-600x320.jpeg 600w\" sizes=\"(max-width: 1126px) 100vw, 1126px\" \/><\/div><\/div><\/div><\/div><div class=\"flex_column av_one_full  flex_column_div av-zero-column-padding first  avia-builder-el-2  el_after_av_one_full  el_before_av_one_full  column-top-margin\" style='border-radius:0px; '><section class=\"av_textblock_section \"  itemscope=\"itemscope\" itemtype=\"https:\/\/schema.org\/BlogPosting\" itemprop=\"blogPost\" ><div class='avia_textblock  '   itemprop=\"text\" ><p style=\"font-weight: 400; text-align: center;\"><span style=\"font-size: 18pt;\"><strong>Destino Ays\u00e9n Patagonia sobresale en FISA 2022<\/strong><\/span><\/p>\n<div id=\"gtx-trans\" style=\"position: absolute; left: -50px; top: 4.31534px;\">\n<div class=\"gtx-trans-icon\"><\/div>\n<\/div>\n<\/div><\/section><\/div><div class=\"flex_column av_one_full  flex_column_div av-zero-column-padding first  avia-builder-el-4  el_after_av_one_full  el_before_av_hr  column-top-margin\" style='border-radius:0px; '><section class=\"av_textblock_section \"  itemscope=\"itemscope\" itemtype=\"https:\/\/schema.org\/BlogPosting\" itemprop=\"blogPost\" ><div class='avia_textblock  '   itemprop=\"text\" ><p style=\"font-weight: 400; text-align: justify;\">Siete prestadores de servicios tur\u00edsticos de la Regi\u00f3n de Ays\u00e9n est\u00e1n participando en la 38\u00b0 edici\u00f3n de la Feria Internacional de Santiago, FISA 2022, que se desarrolla desde este mi\u00e9rcoles y hasta el pr\u00f3ximo domingo en la comuna de Pudahuel, Regi\u00f3n Metropolitana.<\/p>\n<p style=\"font-weight: 400; text-align: justify;\">El Delegado Presidencial Regional, Rodrigo Araya, particip\u00f3 en la jornada inaugural junto a Sernatur Ays\u00e9n y la delegaci\u00f3n de siete empresarios locales, destacando la importancia del rubro para el desarrollo econ\u00f3mico regional y para la valoraci\u00f3n del patrimonio natural y cultural que la regi\u00f3n ofrece a visitantes del pa\u00eds y del extranjero.<\/p>\n<p style=\"font-weight: 400; text-align: justify;\">\u201cEsta feria permite la expresi\u00f3n de la oferta tur\u00edstica de toda la regi\u00f3n en nuestro pa\u00eds. Es tremendamente importante, ya que es una feria donde participa no solamente p\u00fablico chileno, sino que tambi\u00e9n extranjero. Por lo tanto, es una feria donde se pone en valor la oferta tur\u00edstica de nuestra regi\u00f3n y esperemos siga haci\u00e9ndose anualmente como anta\u00f1o y sea un lugar permanente de exposici\u00f3n de los operadores tur\u00edsticos que trabajan y que se esfuerzan en nuestra regi\u00f3n permanentemente durante el a\u00f1o\u201d, indic\u00f3 Rodrigo Araya.<\/p>\n<p style=\"font-weight: 400; text-align: justify;\">La delegaci\u00f3n de Ays\u00e9n est\u00e1 compuesta por Cicloaustral, agencia de viajes sustentables que promueve la Ruta 7 y destinos ecotur\u00edsticos; S\u00fabase guachita, tour operador hacia Capillas de M\u00e1rmol; Ecorutas Patag\u00f3nicas, tour operador con enfoque en turismo local; Sur N\u00f3made, turismo inclusivo y Mate Che, tour operador regional. Tambi\u00e9n, participan Patagonia Bees, venta de miel de la Patagonia, y Jugos Minhji, producidos en base a frutos nativos.<\/p>\n<p style=\"font-weight: 400; text-align: justify;\">Marcela Soto, de Ecorutas Patag\u00f3nicas, destac\u00f3 la experiencia para la actividad tur\u00edstica. \u201cEstamos muy felices, la gente ha consultado mucho por todos los lugares de la regi\u00f3n, hemos tratado de recomendar lo mayor posible, representar a la regi\u00f3n completa. Creemos que eso es muy importante, hacer un trabajo colaborativo entre todas las personas que de una u otra forma hacen que el turismo pueda ser llevado a cabo. Tenemos un sinf\u00edn de gente que participa en el turismo de la regi\u00f3n y nosotros queremos poder representar a todos y cada uno de ellos\u201d, indic\u00f3.<\/p>\n<p style=\"font-weight: 400; text-align: justify;\">Por su parte, Roc\u00edo Ortega, de Patagonia Bees, valor\u00f3 tambi\u00e9n la recepci\u00f3n que tiene el destino y los productos de Ays\u00e9n Patagonia.<\/p>\n<p style=\"font-weight: 400; text-align: justify;\">\u201cPresentar nuestros productos, ver la buena aceptaci\u00f3n de las personas, el entusiasmo que existe por conocer productos que son elaborados con materias primas \u00fanicas de la Patagonia chilena y argentina, nos da bastante \u00e1nimo para seguir con nuestro emprendimiento. Agradecer el espacio que nos brind\u00f3 Sernatur para llegar a Santiago y ser parte de esta gran feria\u201d, expres\u00f3.<\/p>\n<p style=\"font-weight: 400; text-align: justify;\">Feria Fisa pone a disposici\u00f3n de sus visitantes diferentes pabellones con embajadas para conocer la oferta tur\u00edstica, cultura, tendencias y artesan\u00edas, con el objetivo de ofrecer alternativas para vacaciones en territorio nacional. En cuanto a gastronom\u00eda, se cuenta desde la tradicional Fast Food, hasta los m\u00e1s elaborados platos de diferentes pa\u00edses.<\/p>\n<p style=\"font-weight: 400; text-align: justify;\">Toda la informaci\u00f3n en\u00a0<a href=\"https:\/\/www.feriafisa.cl\/\" data-saferedirecturl=\"https:\/\/www.google.com\/url?q=https:\/\/www.feriafisa.cl\/&amp;source=gmail&amp;ust=1668863938109000&amp;usg=AOvVaw0Lj4aBkI9oKrzlwgxFCGtV\">https:\/\/www.feriafisa.cl\/<\/a>\u00a0mientras que del destino en\u00a0<a href=\"https:\/\/aysenpatagonia.cl\/\" data-saferedirecturl=\"https:\/\/www.google.com\/url?q=https:\/\/aysenpatagonia.cl\/&amp;source=gmail&amp;ust=1668863938109000&amp;usg=AOvVaw3dQKtaYMoUD4LfoC65ju2r\">https:\/\/aysenpatagonia.cl\/<\/a>.<\/p>\n<\/div><\/section><\/div><div  style='height:50px' class='hr hr-invisible   avia-builder-el-6  el_after_av_one_full  el_before_av_social_share '><span class='hr-inner ' ><span class='hr-inner-style'><\/span><\/span><\/div><\/p>\n<div  class='av-social-sharing-box  avia-builder-el-7  el_after_av_hr  el_before_av_hr  '><div class='av-share-box'><h5 class='av-share-link-description av-no-toc '>Compartir esta noticia<\/h5><ul class='av-share-box-list noLightbox'><li class='av-share-link av-social-link-facebook' ><a target=\"_blank\" aria-label=\"Compartir en Facebook\" href='https:\/\/www.facebook.com\/sharer.php?u=https:\/\/radiorevelacionfm.cl\/?p=24386&#038;t=Destino%20Ays%C3%A9n%20Patagonia%20sobresale%20en%20FISA%202022' aria-hidden='false' data-av_icon='\ue8f3' data-av_iconfont='entypo-fontello' title='' data-avia-related-tooltip='Compartir en Facebook' rel=\"noopener\"><span class='avia_hidden_link_text'>Compartir en Facebook<\/span><\/a><\/li><li class='av-share-link av-social-link-twitter' ><a target=\"_blank\" aria-label=\"Compartir en Twitter\" href='https:\/\/twitter.com\/share?text=Destino%20Ays%C3%A9n%20Patagonia%20sobresale%20en%20FISA%202022&#038;url=https:\/\/radiorevelacionfm.cl\/?p=24386' aria-hidden='false' data-av_icon='\ue8f1' data-av_iconfont='entypo-fontello' title='' data-avia-related-tooltip='Compartir en Twitter' rel=\"noopener\"><span class='avia_hidden_link_text'>Compartir en Twitter<\/span><\/a><\/li><li class='av-share-link av-social-link-whatsapp' ><a target=\"_blank\" aria-label=\"Compartir en Whatsapp\" href='https:\/\/api.whatsapp.com\/send?text=https:\/\/radiorevelacionfm.cl\/?p=24386' aria-hidden='false' data-av_icon='\uf232' data-av_iconfont='entypo-fontello' title='' data-avia-related-tooltip='Compartir en Whatsapp' rel=\"noopener\"><span class='avia_hidden_link_text'>Compartir en Whatsapp<\/span><\/a><\/li><li class='av-share-link av-social-link-linkedin' ><a target=\"_blank\" aria-label=\"Compartir en LinkedIn\" href='https:\/\/linkedin.com\/shareArticle?mini=true&#038;title=Destino%20Ays%C3%A9n%20Patagonia%20sobresale%20en%20FISA%202022&#038;url=https:\/\/radiorevelacionfm.cl\/?p=24386' aria-hidden='false' data-av_icon='\ue8fc' data-av_iconfont='entypo-fontello' title='' data-avia-related-tooltip='Compartir en LinkedIn' rel=\"noopener\"><span class='avia_hidden_link_text'>Compartir en LinkedIn<\/span><\/a><\/li><li class='av-share-link av-social-link-mail' ><a  aria-label=\"Compartir por correo\" href='mailto:?subject=Destino%20Ays%C3%A9n%20Patagonia%20sobresale%20en%20FISA%202022&#038;body=https:\/\/radiorevelacionfm.cl\/?p=24386' aria-hidden='false' data-av_icon='\ue805' data-av_iconfont='entypo-fontello' title='' data-avia-related-tooltip='Compartir por correo'><span class='avia_hidden_link_text'>Compartir por correo<\/span><\/a><\/li><\/ul><\/div><\/div>\n<div  style='height:50px' class='hr hr-invisible   avia-builder-el-8  el_after_av_social_share  el_before_av_comments_list '><span class='hr-inner ' ><span class='hr-inner-style'><\/span><\/span><\/div>\n<div  class='av-buildercomment  av-blog-meta-html-info-disabled av-blog-meta-tag-disabled  '><\/div>\n","protected":false},"excerpt":{"rendered":"","protected":false},"author":1,"featured_media":24387,"comment_status":"open","ping_status":"open","sticky":false,"template":"","format":"standard","meta":{"footnotes":""},"categories":[38],"tags":[],"class_list":["post-24386","post","type-post","status-publish","format-standard","has-post-thumbnail","hentry","category-regional"],"jetpack_featured_media_url":"https:\/\/radiorevelacionfm.cl\/wp-content\/uploads\/2022\/11\/WhatsApp-Image-2022-11-16-at-12.40.39-1-1.jpeg","_links":{"self":[{"href":"https:\/\/radiorevelacionfm.cl\/index.php?rest_route=\/wp\/v2\/posts\/24386","targetHints":{"allow":["GET"]}}],"collection":[{"href":"https:\/\/radiorevelacionfm.cl\/index.php?rest_route=\/wp\/v2\/posts"}],"about":[{"href":"https:\/\/radiorevelacionfm.cl\/index.php?rest_route=\/wp\/v2\/types\/post"}],"author":[{"embeddable":true,"href":"https:\/\/radiorevelacionfm.cl\/index.php?rest_route=\/wp\/v2\/users\/1"}],"replies":[{"embeddable":true,"href":"https:\/\/radiorevelacionfm.cl\/index.php?rest_route=%2Fwp%2Fv2%2Fcomments&post=24386"}],"version-history":[{"count":2,"href":"https:\/\/radiorevelacionfm.cl\/index.php?rest_route=\/wp\/v2\/posts\/24386\/revisions"}],"predecessor-version":[{"id":24389,"href":"https:\/\/radiorevelacionfm.cl\/index.php?rest_route=\/wp\/v2\/posts\/24386\/revisions\/24389"}],"wp:featuredmedia":[{"embeddable":true,"href":"https:\/\/radiorevelacionfm.cl\/index.php?rest_route=\/wp\/v2\/media\/24387"}],"wp:attachment":[{"href":"https:\/\/radiorevelacionfm.cl\/index.php?rest_route=%2Fwp%2Fv2%2Fmedia&parent=24386"}],"wp:term":[{"taxonomy":"category","embeddable":true,"href":"https:\/\/radiorevelacionfm.cl\/index.php?rest_route=%2Fwp%2Fv2%2Fcategories&post=24386"},{"taxonomy":"post_tag","embeddable":true,"href":"https:\/\/radiorevelacionfm.cl\/index.php?rest_route=%2Fwp%2Fv2%2Ftags&post=24386"}],"curies":[{"name":"wp","href":"https:\/\/api.w.org\/{rel}","templated":true}]}}