{"id":24382,"date":"2022-11-18T09:13:42","date_gmt":"2022-11-18T12:13:42","guid":{"rendered":"https:\/\/radiorevelacionfm.cl\/?p=24382"},"modified":"2022-11-18T09:13:42","modified_gmt":"2022-11-18T12:13:42","slug":"gobierno-regional-tendra-una-oficina-permanente-en-la-provincia-de-capitan-prat","status":"publish","type":"post","link":"https:\/\/radiorevelacionfm.cl\/?p=24382","title":{"rendered":"Gobierno Regional tendr\u00e1 una oficina permanente en la Provincia de Capit\u00e1n Prat"},"content":{"rendered":"<div class=\"flex_column av_one_full  flex_column_div av-zero-column-padding first  avia-builder-el-0  el_before_av_one_full  avia-builder-el-first  \" style='border-radius:0px; '><div  class='avia-image-container  av-styling-    avia-builder-el-1  avia-builder-el-no-sibling  avia-align-center '  itemprop=\"image\" itemscope=\"itemscope\" itemtype=\"https:\/\/schema.org\/ImageObject\"  ><div class='avia-image-container-inner'><div class='avia-image-overlay-wrap'><img decoding=\"async\" class='wp-image-24383 avia-img-lazy-loading-not-24383 avia_image' src=\"https:\/\/radiorevelacionfm.cl\/wp-content\/uploads\/2022\/11\/IMG_0219-1-1.jpg\" alt='' title='IMG_0219 (1) (1)' height=\"600\" width=\"900\"  itemprop=\"thumbnailUrl\" srcset=\"https:\/\/radiorevelacionfm.cl\/wp-content\/uploads\/2022\/11\/IMG_0219-1-1.jpg 900w, https:\/\/radiorevelacionfm.cl\/wp-content\/uploads\/2022\/11\/IMG_0219-1-1-300x200.jpg 300w, https:\/\/radiorevelacionfm.cl\/wp-content\/uploads\/2022\/11\/IMG_0219-1-1-768x512.jpg 768w, https:\/\/radiorevelacionfm.cl\/wp-content\/uploads\/2022\/11\/IMG_0219-1-1-705x470.jpg 705w, https:\/\/radiorevelacionfm.cl\/wp-content\/uploads\/2022\/11\/IMG_0219-1-1-600x400.jpg 600w\" sizes=\"(max-width: 900px) 100vw, 900px\" \/><\/div><\/div><\/div><\/div><div class=\"flex_column av_one_full  flex_column_div av-zero-column-padding first  avia-builder-el-2  el_after_av_one_full  el_before_av_one_full  column-top-margin\" style='border-radius:0px; '><section class=\"av_textblock_section \"  itemscope=\"itemscope\" itemtype=\"https:\/\/schema.org\/BlogPosting\" itemprop=\"blogPost\" ><div class='avia_textblock  '   itemprop=\"text\" ><p style=\"text-align: center;\"><span style=\"font-size: 18pt;\"><strong>Gobierno Regional tendr\u00e1 una oficina permanente en la Provincia de Capit\u00e1n Prat<\/strong><\/span><\/p>\n<div id=\"gtx-trans\" style=\"position: absolute; left: -50px; top: 4.31534px;\">\n<div class=\"gtx-trans-icon\"><\/div>\n<\/div>\n<\/div><\/section><\/div><div class=\"flex_column av_one_full  flex_column_div av-zero-column-padding first  avia-builder-el-4  el_after_av_one_full  el_before_av_hr  column-top-margin\" style='border-radius:0px; '><section class=\"av_textblock_section \"  itemscope=\"itemscope\" itemtype=\"https:\/\/schema.org\/BlogPosting\" itemprop=\"blogPost\" ><div class='avia_textblock  '   itemprop=\"text\" ><p dir=\"ltr\" style=\"text-align: justify;\">La Gobernadora Regional de Ays\u00e9n, Andrea Mac\u00edas Palma, este jueves concluy\u00f3 el trabajo en terreno realizado por la Provincia de Capit\u00e1n Prat. As\u00ed, este mi\u00e9rcoles oficializ\u00f3, en la comuna de Cochrane,\u00a0 el convenio con la Delegaci\u00f3n Presidencial Provincial de la zona y anunci\u00f3 la apertura de una oficina del Gobierno Regional en la comuna. La encargada de esta oficina en Cochrane ser\u00e1 la funcionaria N\u00e9lida Mu\u00f1oz Vargas, quien actuar\u00e1 como principal enlace entre las\u00a0 comunidades de los diversos territorios de la Provincia de Capit\u00e1n Prat y el Ejecutivo regional.<\/p>\n<p dir=\"ltr\" style=\"text-align: justify;\">\u201cComo Gobierno Regional y su Consejo estamos muy contentos por este convenio que se firma con la Delegaci\u00f3n Presidencial Provincial de Capit\u00e1n Prat, donde se facilita un espacio f\u00edsico que nos va a permitir poder tener a una persona en el territorio. Si bien con la elecci\u00f3n de los Gobiernos Regionales, donde salen del Ministerio del Interior, se extinguieron los departamentos que antiguamente estaban en las delegaciones, tenemos plena consciencia de que es muy importante estar presentes en los territorios, m\u00e1s a\u00fan hoy que estamos ejecutando programas importantes\u201d, manifest\u00f3 la Gobernadora, Andrea Mac\u00edas Palma.<\/p>\n<p dir=\"ltr\" style=\"text-align: justify;\">Por su parte, la delegada presidencial provincial, Marta Montiel Alarc\u00f3n, asegur\u00f3 que para el Gobierno del Presidente Gabriel Boric, trabajar con el Gobierno Regional es \u201cun compromiso por el desarrollo territorial (&#8230;) Para eso, las puertas de la delegaci\u00f3n de Capit\u00e1n Prat est\u00e1n abiertas y ahora formalizadas a trav\u00e9s de este comodato para el uso de una oficina, que va a permitir la presencia permanente del equipo del Gobierno Regional, y adem\u00e1s el seguimiento a todas las iniciativas de inversi\u00f3n que est\u00e1n financiadas a trav\u00e9s de esta entidad y su Consejo Regional\u201d, concluy\u00f3.<\/p>\n<p dir=\"ltr\" style=\"text-align: justify;\">En la ceremonia tambi\u00e9n estuvo presente la seremi de Bienes Nacionales, Irina Morend Valdebenito; y el alcalde de la comuna de Cochrane, Jorge Calder\u00f3n N\u00fa\u00f1ez. La autoridad municipal destac\u00f3 la presencia de la Gobernadora, Andrea Mac\u00edas Palma, en el territorio y el despliegue que realiz\u00f3 por la provincia, asegurando que trajo a la comunidad noticias muy alentadoras en esta oportunidad. \u201cLa firma de este convenio va a permitir que la comunidad, nuestros vecinos y vecinas puedan generar acciones que permitan regularizar la propiedad ra\u00edz. Desde el municipio tenemos toda la seguridad de que va a ser algo tremendamente positivo y estamos muy entusiastas y dispuestos a colaborar\u201d, sostuvo el alcalde de la comuna de Cochrane.<\/p>\n<p dir=\"ltr\" style=\"text-align: justify;\">El objetivo de la oficina es acercar al Gobierno Regional a los territorios de la Provincia de Capit\u00e1n Prat, realizando asesor\u00eda a las distintas comunas que la componen y las organizaciones. \u201cVamos a llegar a atender las necesidades de cada persona que habita en la provincia. Vamos a poder hacer un mejor seguimiento de la inversi\u00f3n p\u00fablica en la provincia\u201d, indic\u00f3 la encargada de la oficina, N\u00e9lida Mu\u00f1oz Vargas.<\/p>\n<p dir=\"ltr\" style=\"text-align: justify;\"><strong>Fortalece y Reactiva<\/strong><\/p>\n<p dir=\"ltr\" style=\"text-align: justify;\">Por \u00faltimo, la Gobernadora Regional y su equipo presentaron, como ya hab\u00edan hecho en d\u00edas anteriores en las localidades de Villa O\u2019Higgins y Caleta Tortel, el programa de reactivaci\u00f3n econ\u00f3mica, el cual busca beneficiar a micro y peque\u00f1os emprendedores y emprendedoras con un financiamiento total de $4.000 millones por un per\u00edodo de dos a\u00f1os, disponibles para adjudicar a quienes postulen a lo largo de la Regi\u00f3n de Ays\u00e9n.<\/p>\n<p dir=\"ltr\" style=\"text-align: justify;\">Se trata del programa \u201cFortalece y Reactiva\u201d, una iniciativa p\u00fablico-privada que se manifiesta en una alianza entre el Gobierno Regional, encargado de otorgar financiamiento y seguimiento, y la Fundaci\u00f3n de Desarrollo Educacional y Tecnol\u00f3gico La Araucan\u00eda (FUDEA), instituci\u00f3n relacionada con la Universidad de la Frontera (UFRO), quienes estar\u00e1n a cargo de acompa\u00f1ar y asesorar a las personas durante todo el proceso.<\/p>\n<p dir=\"ltr\" style=\"text-align: justify;\">A la reuni\u00f3n para comunicar la iniciativa, realizada en el Mercado Municipal Tamango de Cochrane, asistieron m\u00e1s de 40 vecinos y vecinas del sector, quienes aprovecharon la presencia de la Gobernadora Regional y de representantes de FUDEA para aclarar sus dudas y comenzar a asesorarse para postular a estos fondos.<\/p>\n<p dir=\"ltr\" style=\"text-align: justify;\">A la cita tambi\u00e9n lleg\u00f3 el Consejero Regional de la zona , Jorge Abello Moll, quien recalc\u00f3 que \u201cestas son buenas noticias para la provincia\u201d. En esa misma l\u00ednea destac\u00f3 la nueva oficina permanente que tendr\u00e1 el Ejecutivo en Cochrane<\/p>\n<\/div><\/section><\/div><div  style='height:50px' class='hr hr-invisible   avia-builder-el-6  el_after_av_one_full  el_before_av_social_share '><span class='hr-inner ' ><span class='hr-inner-style'><\/span><\/span><\/div><\/p>\n<div  class='av-social-sharing-box  avia-builder-el-7  el_after_av_hr  el_before_av_hr  '><div class='av-share-box'><h5 class='av-share-link-description av-no-toc '>Compartir esta noticia<\/h5><ul class='av-share-box-list noLightbox'><li class='av-share-link av-social-link-facebook' ><a target=\"_blank\" aria-label=\"Compartir en Facebook\" href='https:\/\/www.facebook.com\/sharer.php?u=https:\/\/radiorevelacionfm.cl\/?p=24382&#038;t=Gobierno%20Regional%20tendr%C3%A1%20una%20oficina%20permanente%20en%20la%20Provincia%20de%20Capit%C3%A1n%20Prat' aria-hidden='false' data-av_icon='\ue8f3' data-av_iconfont='entypo-fontello' title='' data-avia-related-tooltip='Compartir en Facebook' rel=\"noopener\"><span class='avia_hidden_link_text'>Compartir en Facebook<\/span><\/a><\/li><li class='av-share-link av-social-link-twitter' ><a target=\"_blank\" aria-label=\"Compartir en Twitter\" href='https:\/\/twitter.com\/share?text=Gobierno%20Regional%20tendr%C3%A1%20una%20oficina%20permanente%20en%20la%20Provincia%20de%20Capit%C3%A1n%20Prat&#038;url=https:\/\/radiorevelacionfm.cl\/?p=24382' aria-hidden='false' data-av_icon='\ue8f1' data-av_iconfont='entypo-fontello' title='' data-avia-related-tooltip='Compartir en Twitter' rel=\"noopener\"><span class='avia_hidden_link_text'>Compartir en Twitter<\/span><\/a><\/li><li class='av-share-link av-social-link-whatsapp' ><a target=\"_blank\" aria-label=\"Compartir en Whatsapp\" href='https:\/\/api.whatsapp.com\/send?text=https:\/\/radiorevelacionfm.cl\/?p=24382' aria-hidden='false' data-av_icon='\uf232' data-av_iconfont='entypo-fontello' title='' data-avia-related-tooltip='Compartir en Whatsapp' rel=\"noopener\"><span class='avia_hidden_link_text'>Compartir en Whatsapp<\/span><\/a><\/li><li class='av-share-link av-social-link-linkedin' ><a target=\"_blank\" aria-label=\"Compartir en LinkedIn\" href='https:\/\/linkedin.com\/shareArticle?mini=true&#038;title=Gobierno%20Regional%20tendr%C3%A1%20una%20oficina%20permanente%20en%20la%20Provincia%20de%20Capit%C3%A1n%20Prat&#038;url=https:\/\/radiorevelacionfm.cl\/?p=24382' aria-hidden='false' data-av_icon='\ue8fc' data-av_iconfont='entypo-fontello' title='' data-avia-related-tooltip='Compartir en LinkedIn' rel=\"noopener\"><span class='avia_hidden_link_text'>Compartir en LinkedIn<\/span><\/a><\/li><li class='av-share-link av-social-link-mail' ><a  aria-label=\"Compartir por correo\" href='mailto:?subject=Gobierno%20Regional%20tendr%C3%A1%20una%20oficina%20permanente%20en%20la%20Provincia%20de%20Capit%C3%A1n%20Prat&#038;body=https:\/\/radiorevelacionfm.cl\/?p=24382' aria-hidden='false' data-av_icon='\ue805' data-av_iconfont='entypo-fontello' title='' data-avia-related-tooltip='Compartir por correo'><span class='avia_hidden_link_text'>Compartir por correo<\/span><\/a><\/li><\/ul><\/div><\/div>\n<div  style='height:50px' class='hr hr-invisible   avia-builder-el-8  el_after_av_social_share  el_before_av_comments_list '><span class='hr-inner ' ><span class='hr-inner-style'><\/span><\/span><\/div>\n<div  class='av-buildercomment  av-blog-meta-html-info-disabled av-blog-meta-tag-disabled  '><\/div>\n","protected":false},"excerpt":{"rendered":"","protected":false},"author":1,"featured_media":24383,"comment_status":"open","ping_status":"open","sticky":false,"template":"","format":"standard","meta":{"footnotes":""},"categories":[38],"tags":[],"class_list":["post-24382","post","type-post","status-publish","format-standard","has-post-thumbnail","hentry","category-regional"],"jetpack_featured_media_url":"https:\/\/radiorevelacionfm.cl\/wp-content\/uploads\/2022\/11\/IMG_0219-1-1.jpg","_links":{"self":[{"href":"https:\/\/radiorevelacionfm.cl\/index.php?rest_route=\/wp\/v2\/posts\/24382","targetHints":{"allow":["GET"]}}],"collection":[{"href":"https:\/\/radiorevelacionfm.cl\/index.php?rest_route=\/wp\/v2\/posts"}],"about":[{"href":"https:\/\/radiorevelacionfm.cl\/index.php?rest_route=\/wp\/v2\/types\/post"}],"author":[{"embeddable":true,"href":"https:\/\/radiorevelacionfm.cl\/index.php?rest_route=\/wp\/v2\/users\/1"}],"replies":[{"embeddable":true,"href":"https:\/\/radiorevelacionfm.cl\/index.php?rest_route=%2Fwp%2Fv2%2Fcomments&post=24382"}],"version-history":[{"count":2,"href":"https:\/\/radiorevelacionfm.cl\/index.php?rest_route=\/wp\/v2\/posts\/24382\/revisions"}],"predecessor-version":[{"id":24385,"href":"https:\/\/radiorevelacionfm.cl\/index.php?rest_route=\/wp\/v2\/posts\/24382\/revisions\/24385"}],"wp:featuredmedia":[{"embeddable":true,"href":"https:\/\/radiorevelacionfm.cl\/index.php?rest_route=\/wp\/v2\/media\/24383"}],"wp:attachment":[{"href":"https:\/\/radiorevelacionfm.cl\/index.php?rest_route=%2Fwp%2Fv2%2Fmedia&parent=24382"}],"wp:term":[{"taxonomy":"category","embeddable":true,"href":"https:\/\/radiorevelacionfm.cl\/index.php?rest_route=%2Fwp%2Fv2%2Fcategories&post=24382"},{"taxonomy":"post_tag","embeddable":true,"href":"https:\/\/radiorevelacionfm.cl\/index.php?rest_route=%2Fwp%2Fv2%2Ftags&post=24382"}],"curies":[{"name":"wp","href":"https:\/\/api.w.org\/{rel}","templated":true}]}}