{"id":24373,"date":"2022-11-17T21:32:38","date_gmt":"2022-11-18T00:32:38","guid":{"rendered":"https:\/\/radiorevelacionfm.cl\/?p=24373"},"modified":"2022-11-17T21:32:38","modified_gmt":"2022-11-18T00:32:38","slug":"ministra-toro-desde-la-region-de-aysen-nuestro-gobierno-no-acepta-privilegios","status":"publish","type":"post","link":"https:\/\/radiorevelacionfm.cl\/?p=24373","title":{"rendered":"Ministra Toro desde la Regi\u00f3n de Ays\u00e9n: \u201cNuestro Gobierno no acepta privilegios\u201d"},"content":{"rendered":"<div class=\"flex_column av_one_full  flex_column_div av-zero-column-padding first  avia-builder-el-0  el_before_av_one_full  avia-builder-el-first  \" style='border-radius:0px; '><div  class='avia-image-container  av-styling-    avia-builder-el-1  avia-builder-el-no-sibling  avia-align-center '  itemprop=\"image\" itemscope=\"itemscope\" itemtype=\"https:\/\/schema.org\/ImageObject\"  ><div class='avia-image-container-inner'><div class='avia-image-overlay-wrap'><img decoding=\"async\" class='wp-image-24374 avia-img-lazy-loading-not-24374 avia_image' src=\"https:\/\/radiorevelacionfm.cl\/wp-content\/uploads\/2022\/11\/4-33-1-1.jpeg\" alt='' title='4 (33) (1) (1)' height=\"600\" width=\"922\"  itemprop=\"thumbnailUrl\" srcset=\"https:\/\/radiorevelacionfm.cl\/wp-content\/uploads\/2022\/11\/4-33-1-1.jpeg 922w, https:\/\/radiorevelacionfm.cl\/wp-content\/uploads\/2022\/11\/4-33-1-1-300x195.jpeg 300w, https:\/\/radiorevelacionfm.cl\/wp-content\/uploads\/2022\/11\/4-33-1-1-768x500.jpeg 768w, https:\/\/radiorevelacionfm.cl\/wp-content\/uploads\/2022\/11\/4-33-1-1-705x459.jpeg 705w, https:\/\/radiorevelacionfm.cl\/wp-content\/uploads\/2022\/11\/4-33-1-1-600x390.jpeg 600w\" sizes=\"(max-width: 922px) 100vw, 922px\" \/><\/div><\/div><\/div><\/div><div class=\"flex_column av_one_full  flex_column_div av-zero-column-padding first  avia-builder-el-2  el_after_av_one_full  el_before_av_one_full  column-top-margin\" style='border-radius:0px; '><section class=\"av_textblock_section \"  itemscope=\"itemscope\" itemtype=\"https:\/\/schema.org\/BlogPosting\" itemprop=\"blogPost\" ><div class='avia_textblock  '   itemprop=\"text\" ><p style=\"text-align: center;\"><span style=\"font-size: 18pt;\"><strong>Ministra Toro desde la Regi\u00f3n de Ays\u00e9n: \u201cNuestro Gobierno no acepta privilegios\u201d<\/strong><\/span><\/p>\n<div id=\"gtx-trans\" style=\"position: absolute; left: -50px; top: 4.31534px;\">\n<div class=\"gtx-trans-icon\"><\/div>\n<\/div>\n<\/div><\/section><\/div><div class=\"flex_column av_one_full  flex_column_div av-zero-column-padding first  avia-builder-el-4  el_after_av_one_full  el_before_av_hr  column-top-margin\" style='border-radius:0px; '><section class=\"av_textblock_section \"  itemscope=\"itemscope\" itemtype=\"https:\/\/schema.org\/BlogPosting\" itemprop=\"blogPost\" ><div class='avia_textblock  '   itemprop=\"text\" ><p style=\"text-align: justify;\">En su primera visita a la Regi\u00f3n de Ays\u00e9n, la ministra de Bienes Nacionales, Javiera Toro, comenz\u00f3 el despliegue nacional que realizar\u00e1 el gabinete ministerial del Presidente, Gabriel Boric, para explicar los detalles y alcances del proyecto de Reforma Previsional del Gobierno. Adem\u00e1s, contempla una intensa agenda de actividades relacionadas con las urgencias de la regi\u00f3n en materia de seguridad y territorio.<\/p>\n<p style=\"text-align: justify;\">La secretaria de Estado, acompa\u00f1ada de la seremi de Bienes Nacionales de Ays\u00e9n, Irina Morend, encabez\u00f3 la ma\u00f1ana de este 17 de noviembre un gabinete regional en Coyhaique, junto al Delegado Presidencial Regional, Rodrigo Araya, donde abord\u00f3 con las autoridades locales los principales ejes de la Reforma a las Pensiones, con un enfoque en la realidad de dicha regi\u00f3n.<\/p>\n<p style=\"text-align: justify;\">Al concluir la reuni\u00f3n, la ministra Toro recalc\u00f3 que \u00abtenemos un sistema que no da para m\u00e1s, que no ha tenido soluci\u00f3n durante muchos a\u00f1os, y aqu\u00ed hay una reforma que permite que desde los seis meses desde aprobada la ley mejoren las pensiones de todas las chilenas y chilenos, y por lo tanto consideramos fundamental estar desplegados por todo el pa\u00eds\u00bb.<\/p>\n<p style=\"text-align: justify;\">Explic\u00f3 que \u201cvamos a estar no solo convers\u00e1ndolo aqu\u00ed con el gabinete regional, vamos a estar ma\u00f1ana convers\u00e1ndolo con la comunidad, hablando de esta Reforma de Pensiones, porque es un tema muy sentido por toda la poblaci\u00f3n y nos va a permitir mejorar las pensiones con un sistema que reconoce y valora el trabajo y la experiencia laboral personal, pero que tambi\u00e9n reconoce y valora las labores de cuidado que realizan fundamentalmente las mujeres\u201d.<\/p>\n<p style=\"text-align: justify;\">Sobre la reforma, la ministra agreg\u00f3 que lo m\u00e1s relevante es que se trata de un sistema de pensiones mixto y que el Gobierno espera que el Congreso \u2013dijo- la apruebe con la mayor rapidez, porque es una urgencia aumentar las pensiones: \u201cValora el trabajo personal, pero que adem\u00e1s incorpora un aporte del empleador. Vamos a tener un sistema de pensiones que va a tener, adem\u00e1s del aporte del trabajador y el aporte del Estado, a trav\u00e9s de la pensi\u00f3n de la PGU, tambi\u00e9n va a tener un aporte del empleador. Esos tres elementos van a permitir aumentar de manera significativa las pensiones\u201d.<\/p>\n<p style=\"text-align: justify;\"><strong>Al servicio de las necesidades sociales<\/strong><\/p>\n<p style=\"text-align: justify;\">La visita a la regi\u00f3n de Ays\u00e9n tambi\u00e9n tiene un fuerte acento con las prioridades de la zona, con actividades que tienen que ver con seguridad y vivienda, acorde con el mandato ministerial de no solo velar por el resguardo de los bienes fiscales, sino que adem\u00e1s ponerlos al servicio de las necesidades sociales, de seguridad o econ\u00f3micas del pa\u00eds.<\/p>\n<p style=\"text-align: justify;\">En ese contexto, esta tarde en Puerto Ays\u00e9n la ministra Toro entreg\u00f3 un Permiso de Ocupaci\u00f3n Anticipada al Servicio de Salud de Ays\u00e9n, para concretar la extensi\u00f3n de los servicios de salud mental.<\/p>\n<p style=\"text-align: justify;\">\u00abEstamos recuperando lo que antiguamente era la casa del gobernador, y hoy d\u00eda la Delegaci\u00f3n Provincial ha devuelto la casa a Bienes Nacionales para que la podamos poner a disposici\u00f3n de salud, en una regi\u00f3n, una localidad, donde la salud mental tiene los peores \u00edndices de todo el pa\u00eds\u00bb, destac\u00f3 Toro.<\/p>\n<p style=\"text-align: justify;\">Decisiones como esta, precis\u00f3 la ministra, son una se\u00f1al clara de que \u00abnuestro Gobierno no acepta privilegios y pone a disposici\u00f3n los bienes que son comunes para las necesidades de las personas\u00bb.<\/p>\n<p style=\"text-align: justify;\">La titular de Bienes Nacionales destac\u00f3 el trabajo interinstitucional para llevar adelante este esfuerzo, concretando anuncios. \u00abEl Presidente siempre dice que ah\u00ed donde ponemos las palabras tenemos que poner los recursos, las acciones y eso es lo que est\u00e1 ocurriendo aqu\u00ed \u00ab, destac\u00f3.<\/p>\n<p style=\"text-align: justify;\">El Delegado Presidencial Provincial de Ays\u00e9n, Jorge Salfate, subray\u00f3 que \u00aben temas pr\u00e1cticos, vamos a hacernos cargo de lo que hoy necesita la gente, mejor salud, m\u00e1s acceso, oportunidad y obviamente que entreguemos m\u00e1s servicios a sus problemas. Nos vamos haciendo cargo de cada una de las cosas que se van necesitando\u00bb.<\/p>\n<p style=\"text-align: justify;\">El alcalde de Ays\u00e9n, Julio Uribe, valor\u00f3 la acci\u00f3n y dijo que \u00abes muy importante que los ministerios se acerquen a las comunidades\u00bb.<\/p>\n<p style=\"text-align: justify;\">Entre las actividades que realizar\u00e1 en la regi\u00f3n, la secretaria de Estado visitar\u00e1 la Casa de Patrimonio Documental Regional y entregar\u00e1 permisos de ocupaci\u00f3n para viviendas.<\/p>\n<\/div><\/section><\/div><div  style='height:50px' class='hr hr-invisible   avia-builder-el-6  el_after_av_one_full  el_before_av_social_share '><span class='hr-inner ' ><span class='hr-inner-style'><\/span><\/span><\/div><\/p>\n<div  class='av-social-sharing-box  avia-builder-el-7  el_after_av_hr  el_before_av_hr  '><div class='av-share-box'><h5 class='av-share-link-description av-no-toc '>Compartir esta noticia<\/h5><ul class='av-share-box-list noLightbox'><li class='av-share-link av-social-link-facebook' ><a target=\"_blank\" aria-label=\"Compartir en Facebook\" href='https:\/\/www.facebook.com\/sharer.php?u=https:\/\/radiorevelacionfm.cl\/?p=24373&#038;t=Ministra%20Toro%20desde%20la%20Regi%C3%B3n%20de%20Ays%C3%A9n%3A%20%E2%80%9CNuestro%20Gobierno%20no%20acepta%20privilegios%E2%80%9D' aria-hidden='false' data-av_icon='\ue8f3' data-av_iconfont='entypo-fontello' title='' data-avia-related-tooltip='Compartir en Facebook' rel=\"noopener\"><span class='avia_hidden_link_text'>Compartir en Facebook<\/span><\/a><\/li><li class='av-share-link av-social-link-twitter' ><a target=\"_blank\" aria-label=\"Compartir en Twitter\" href='https:\/\/twitter.com\/share?text=Ministra%20Toro%20desde%20la%20Regi%C3%B3n%20de%20Ays%C3%A9n%3A%20%E2%80%9CNuestro%20Gobierno%20no%20acepta%20privilegios%E2%80%9D&#038;url=https:\/\/radiorevelacionfm.cl\/?p=24373' aria-hidden='false' data-av_icon='\ue8f1' data-av_iconfont='entypo-fontello' title='' data-avia-related-tooltip='Compartir en Twitter' rel=\"noopener\"><span class='avia_hidden_link_text'>Compartir en Twitter<\/span><\/a><\/li><li class='av-share-link av-social-link-whatsapp' ><a target=\"_blank\" aria-label=\"Compartir en Whatsapp\" href='https:\/\/api.whatsapp.com\/send?text=https:\/\/radiorevelacionfm.cl\/?p=24373' aria-hidden='false' data-av_icon='\uf232' data-av_iconfont='entypo-fontello' title='' data-avia-related-tooltip='Compartir en Whatsapp' rel=\"noopener\"><span class='avia_hidden_link_text'>Compartir en Whatsapp<\/span><\/a><\/li><li class='av-share-link av-social-link-linkedin' ><a target=\"_blank\" aria-label=\"Compartir en LinkedIn\" href='https:\/\/linkedin.com\/shareArticle?mini=true&#038;title=Ministra%20Toro%20desde%20la%20Regi%C3%B3n%20de%20Ays%C3%A9n%3A%20%E2%80%9CNuestro%20Gobierno%20no%20acepta%20privilegios%E2%80%9D&#038;url=https:\/\/radiorevelacionfm.cl\/?p=24373' aria-hidden='false' data-av_icon='\ue8fc' data-av_iconfont='entypo-fontello' title='' data-avia-related-tooltip='Compartir en LinkedIn' rel=\"noopener\"><span class='avia_hidden_link_text'>Compartir en LinkedIn<\/span><\/a><\/li><li class='av-share-link av-social-link-mail' ><a  aria-label=\"Compartir por correo\" href='mailto:?subject=Ministra%20Toro%20desde%20la%20Regi%C3%B3n%20de%20Ays%C3%A9n%3A%20%E2%80%9CNuestro%20Gobierno%20no%20acepta%20privilegios%E2%80%9D&#038;body=https:\/\/radiorevelacionfm.cl\/?p=24373' aria-hidden='false' data-av_icon='\ue805' data-av_iconfont='entypo-fontello' title='' data-avia-related-tooltip='Compartir por correo'><span class='avia_hidden_link_text'>Compartir por correo<\/span><\/a><\/li><\/ul><\/div><\/div>\n<div  style='height:50px' class='hr hr-invisible   avia-builder-el-8  el_after_av_social_share  el_before_av_comments_list '><span class='hr-inner ' ><span class='hr-inner-style'><\/span><\/span><\/div>\n<div  class='av-buildercomment  av-blog-meta-html-info-disabled av-blog-meta-tag-disabled  '><\/div>\n","protected":false},"excerpt":{"rendered":"","protected":false},"author":1,"featured_media":24374,"comment_status":"open","ping_status":"open","sticky":false,"template":"","format":"standard","meta":{"footnotes":""},"categories":[38],"tags":[],"class_list":["post-24373","post","type-post","status-publish","format-standard","has-post-thumbnail","hentry","category-regional"],"jetpack_featured_media_url":"https:\/\/radiorevelacionfm.cl\/wp-content\/uploads\/2022\/11\/4-33-1-1.jpeg","_links":{"self":[{"href":"https:\/\/radiorevelacionfm.cl\/index.php?rest_route=\/wp\/v2\/posts\/24373","targetHints":{"allow":["GET"]}}],"collection":[{"href":"https:\/\/radiorevelacionfm.cl\/index.php?rest_route=\/wp\/v2\/posts"}],"about":[{"href":"https:\/\/radiorevelacionfm.cl\/index.php?rest_route=\/wp\/v2\/types\/post"}],"author":[{"embeddable":true,"href":"https:\/\/radiorevelacionfm.cl\/index.php?rest_route=\/wp\/v2\/users\/1"}],"replies":[{"embeddable":true,"href":"https:\/\/radiorevelacionfm.cl\/index.php?rest_route=%2Fwp%2Fv2%2Fcomments&post=24373"}],"version-history":[{"count":2,"href":"https:\/\/radiorevelacionfm.cl\/index.php?rest_route=\/wp\/v2\/posts\/24373\/revisions"}],"predecessor-version":[{"id":24376,"href":"https:\/\/radiorevelacionfm.cl\/index.php?rest_route=\/wp\/v2\/posts\/24373\/revisions\/24376"}],"wp:featuredmedia":[{"embeddable":true,"href":"https:\/\/radiorevelacionfm.cl\/index.php?rest_route=\/wp\/v2\/media\/24374"}],"wp:attachment":[{"href":"https:\/\/radiorevelacionfm.cl\/index.php?rest_route=%2Fwp%2Fv2%2Fmedia&parent=24373"}],"wp:term":[{"taxonomy":"category","embeddable":true,"href":"https:\/\/radiorevelacionfm.cl\/index.php?rest_route=%2Fwp%2Fv2%2Fcategories&post=24373"},{"taxonomy":"post_tag","embeddable":true,"href":"https:\/\/radiorevelacionfm.cl\/index.php?rest_route=%2Fwp%2Fv2%2Ftags&post=24373"}],"curies":[{"name":"wp","href":"https:\/\/api.w.org\/{rel}","templated":true}]}}