{"id":24368,"date":"2022-11-17T20:08:26","date_gmt":"2022-11-17T23:08:26","guid":{"rendered":"https:\/\/radiorevelacionfm.cl\/?p=24368"},"modified":"2022-11-17T20:08:26","modified_gmt":"2022-11-17T23:08:26","slug":"trabajo-conjunto-entre-mt-0-aysen-y-fiscalia-permite-detener-a-dos-imputados-por-microtrafico","status":"publish","type":"post","link":"https:\/\/radiorevelacionfm.cl\/?p=24368","title":{"rendered":"Trabajo conjunto entre MT-0 Ays\u00e9n y Fiscal\u00eda permite detener a dos imputados por microtr\u00e1fico"},"content":{"rendered":"<div class=\"flex_column av_one_full  flex_column_div av-zero-column-padding first  avia-builder-el-0  el_before_av_one_full  avia-builder-el-first  \" style='border-radius:0px; '><div  class='avia-image-container  av-styling-    avia-builder-el-1  avia-builder-el-no-sibling  avia-align-center '  itemprop=\"image\" itemscope=\"itemscope\" itemtype=\"https:\/\/schema.org\/ImageObject\"  ><div class='avia-image-container-inner'><div class='avia-image-overlay-wrap'><img decoding=\"async\" class='wp-image-24370 avia-img-lazy-loading-not-24370 avia_image' src=\"https:\/\/radiorevelacionfm.cl\/wp-content\/uploads\/2022\/11\/MT-0-Aysen-3-1-1.jpeg\" alt='' title='MT-0 Ays\u00e9n 3 (1) (1)' height=\"600\" width=\"800\"  itemprop=\"thumbnailUrl\" srcset=\"https:\/\/radiorevelacionfm.cl\/wp-content\/uploads\/2022\/11\/MT-0-Aysen-3-1-1.jpeg 800w, https:\/\/radiorevelacionfm.cl\/wp-content\/uploads\/2022\/11\/MT-0-Aysen-3-1-1-300x225.jpeg 300w, https:\/\/radiorevelacionfm.cl\/wp-content\/uploads\/2022\/11\/MT-0-Aysen-3-1-1-768x576.jpeg 768w, https:\/\/radiorevelacionfm.cl\/wp-content\/uploads\/2022\/11\/MT-0-Aysen-3-1-1-705x529.jpeg 705w, https:\/\/radiorevelacionfm.cl\/wp-content\/uploads\/2022\/11\/MT-0-Aysen-3-1-1-600x450.jpeg 600w\" sizes=\"(max-width: 800px) 100vw, 800px\" \/><\/div><\/div><\/div><\/div><div class=\"flex_column av_one_full  flex_column_div av-zero-column-padding first  avia-builder-el-2  el_after_av_one_full  el_before_av_one_full  column-top-margin\" style='border-radius:0px; '><section class=\"av_textblock_section \"  itemscope=\"itemscope\" itemtype=\"https:\/\/schema.org\/BlogPosting\" itemprop=\"blogPost\" ><div class='avia_textblock  '   itemprop=\"text\" ><p style=\"text-align: center;\"><strong><span style=\"font-size: 18pt;\">Trabajo conjunto entre MT-0 Ays\u00e9n y Fiscal\u00eda permite detener a dos imputados por microtr\u00e1fico<\/span><\/strong><\/p>\n<div id=\"gtx-trans\" style=\"position: absolute; left: -50px; top: 4.31534px;\">\n<div class=\"gtx-trans-icon\"><\/div>\n<\/div>\n<\/div><\/section><\/div><div class=\"flex_column av_one_full  flex_column_div av-zero-column-padding first  avia-builder-el-4  el_after_av_one_full  el_before_av_hr  column-top-margin\" style='border-radius:0px; '><section class=\"av_textblock_section \"  itemscope=\"itemscope\" itemtype=\"https:\/\/schema.org\/BlogPosting\" itemprop=\"blogPost\" ><div class='avia_textblock  '   itemprop=\"text\" ><p style=\"text-align: justify;\">Un operativo antidrogas efectuado por Detectives de la Agrupaci\u00f3n Microtr\u00e1fico Cero (MT0) de la Brigada de Investigaci\u00f3n Criminal (BICRIM) Ays\u00e9n de la PDI, el cual fue dirigido por la Fiscal\u00eda Local de Ays\u00e9n, permiti\u00f3 la detenci\u00f3n y formalizaci\u00f3n de dos personas mayores de edad, por el delito de tr\u00e1fico de drogas en peque\u00f1as cantidades y donde la venta de sustancias il\u00edcitas se efectuaba desde un domicilio.<\/p>\n<p style=\"text-align: justify;\">Mediante el an\u00e1lisis criminal, inteligencia policial y la utilizaci\u00f3n de diversas t\u00e9cnicas investigativas dispuestas en la Ley 20.000, se logr\u00f3 concretar este operativo, durante la semana reci\u00e9n pasada. Seg\u00fan inform\u00f3 la fiscal Mar\u00eda In\u00e9s N\u00fa\u00f1ez, los imputados fueron formalizados ante el Juzgado de Garant\u00eda, el cual fij\u00f3 un plazo de investigaci\u00f3n de 90 d\u00edas.<\/p>\n<p style=\"text-align: justify;\">Sobre este caso, el jefe de Brigada de Investigaci\u00f3n Criminal de Ays\u00e9n, prefecto Eduardo Charpentier, indic\u00f3 que \u201cdetectives de la Agrupaci\u00f3n Microtr\u00e1fico Cero, dependiente de la Brigada de Investigaci\u00f3n Criminal Ays\u00e9n, en virtud a una orden de investigar por el delito de Infracci\u00f3n al Art\u00edculo 4\u00ba de la Ley 20.000 que dice relaci\u00f3n al Tr\u00e1fico en Peque\u00f1as Cantidades, procedieron al ingreso de dos domicilios en la comuna de Puerto Ays\u00e9n, ocasi\u00f3n en la cual se logr\u00f3 la detenci\u00f3n de dos personas mayores de edad, donde se incaut\u00f3 cannabis sativa, ketamina, \u00e9xtasis, dinero en efectivo y elementos de pesaje y dosificaci\u00f3n\u201d.<\/p>\n<p style=\"text-align: justify;\">Este procedimiento permiti\u00f3 la incautaci\u00f3n de 54,17 gramos de cannabis sativa, 11,15 gramos de ketamina (tussi), 3 comprimidos de MDMA (\u00e9xtasis) y $625.000 de dinero en efectivo.\u00a0 Lo anterior, permiti\u00f3 sacar de circulaci\u00f3n alrededor de 162 dosis de cannabis, 44 dosis de ketamina y una de MDMA, droga avaluada en m\u00e1s de un mill\u00f3n de pesos.<\/p>\n<p style=\"text-align: justify;\">La fiscal Mar\u00eda In\u00e9s N\u00fa\u00f1ez, indic\u00f3 que ambos imputados -por resoluci\u00f3n del Tribunal- permanecen con las medidas cautelares de arraigo regional mientras se desarrolla el proceso investigativo.<\/p>\n<p style=\"text-align: justify;\">Para finalizar, el prefecto Eduardo Charpentier enfatiz\u00f3 que \u201cla Agrupaci\u00f3n Microtr\u00e1fico Cero, es una unidad especializada, que tiene como funci\u00f3n investigar y desarticular los puntos de tr\u00e1fico en peque\u00f1as cantidades, es por eso que hacemos un llamado a la comunidad para que efect\u00faen la denuncia en forma an\u00f3nima en los cuarteles policiales o trav\u00e9s de la plataforma Denuncia Seguro *4242\u201d.<\/p>\n<\/div><\/section><\/div><div  style='height:50px' class='hr hr-invisible   avia-builder-el-6  el_after_av_one_full  el_before_av_social_share '><span class='hr-inner ' ><span class='hr-inner-style'><\/span><\/span><\/div><\/p>\n<div  class='av-social-sharing-box  avia-builder-el-7  el_after_av_hr  el_before_av_hr  '><div class='av-share-box'><h5 class='av-share-link-description av-no-toc '>Compartir esta noticia<\/h5><ul class='av-share-box-list noLightbox'><li class='av-share-link av-social-link-facebook' ><a target=\"_blank\" aria-label=\"Compartir en Facebook\" href='https:\/\/www.facebook.com\/sharer.php?u=https:\/\/radiorevelacionfm.cl\/?p=24368&#038;t=Trabajo%20conjunto%20entre%20MT-0%20Ays%C3%A9n%20y%20Fiscal%C3%ADa%20permite%20detener%20a%20dos%20imputados%20por%20microtr%C3%A1fico' aria-hidden='false' data-av_icon='\ue8f3' data-av_iconfont='entypo-fontello' title='' data-avia-related-tooltip='Compartir en Facebook' rel=\"noopener\"><span class='avia_hidden_link_text'>Compartir en Facebook<\/span><\/a><\/li><li class='av-share-link av-social-link-twitter' ><a target=\"_blank\" aria-label=\"Compartir en Twitter\" href='https:\/\/twitter.com\/share?text=Trabajo%20conjunto%20entre%20MT-0%20Ays%C3%A9n%20y%20Fiscal%C3%ADa%20permite%20detener%20a%20dos%20imputados%20por%20microtr%C3%A1fico&#038;url=https:\/\/radiorevelacionfm.cl\/?p=24368' aria-hidden='false' data-av_icon='\ue8f1' data-av_iconfont='entypo-fontello' title='' data-avia-related-tooltip='Compartir en Twitter' rel=\"noopener\"><span class='avia_hidden_link_text'>Compartir en Twitter<\/span><\/a><\/li><li class='av-share-link av-social-link-whatsapp' ><a target=\"_blank\" aria-label=\"Compartir en Whatsapp\" href='https:\/\/api.whatsapp.com\/send?text=https:\/\/radiorevelacionfm.cl\/?p=24368' aria-hidden='false' data-av_icon='\uf232' data-av_iconfont='entypo-fontello' title='' data-avia-related-tooltip='Compartir en Whatsapp' rel=\"noopener\"><span class='avia_hidden_link_text'>Compartir en Whatsapp<\/span><\/a><\/li><li class='av-share-link av-social-link-linkedin' ><a target=\"_blank\" aria-label=\"Compartir en LinkedIn\" href='https:\/\/linkedin.com\/shareArticle?mini=true&#038;title=Trabajo%20conjunto%20entre%20MT-0%20Ays%C3%A9n%20y%20Fiscal%C3%ADa%20permite%20detener%20a%20dos%20imputados%20por%20microtr%C3%A1fico&#038;url=https:\/\/radiorevelacionfm.cl\/?p=24368' aria-hidden='false' data-av_icon='\ue8fc' data-av_iconfont='entypo-fontello' title='' data-avia-related-tooltip='Compartir en LinkedIn' rel=\"noopener\"><span class='avia_hidden_link_text'>Compartir en LinkedIn<\/span><\/a><\/li><li class='av-share-link av-social-link-mail' ><a  aria-label=\"Compartir por correo\" href='mailto:?subject=Trabajo%20conjunto%20entre%20MT-0%20Ays%C3%A9n%20y%20Fiscal%C3%ADa%20permite%20detener%20a%20dos%20imputados%20por%20microtr%C3%A1fico&#038;body=https:\/\/radiorevelacionfm.cl\/?p=24368' aria-hidden='false' data-av_icon='\ue805' data-av_iconfont='entypo-fontello' title='' data-avia-related-tooltip='Compartir por correo'><span class='avia_hidden_link_text'>Compartir por correo<\/span><\/a><\/li><\/ul><\/div><\/div>\n<div  style='height:50px' class='hr hr-invisible   avia-builder-el-8  el_after_av_social_share  el_before_av_comments_list '><span class='hr-inner ' ><span class='hr-inner-style'><\/span><\/span><\/div>\n<div  class='av-buildercomment  av-blog-meta-html-info-disabled av-blog-meta-tag-disabled  '><\/div>\n","protected":false},"excerpt":{"rendered":"","protected":false},"author":1,"featured_media":24370,"comment_status":"open","ping_status":"open","sticky":false,"template":"","format":"standard","meta":{"footnotes":""},"categories":[36,1],"tags":[],"class_list":["post-24368","post","type-post","status-publish","format-standard","has-post-thumbnail","hentry","category-policial","category-sin-categoria"],"jetpack_featured_media_url":"https:\/\/radiorevelacionfm.cl\/wp-content\/uploads\/2022\/11\/MT-0-Aysen-3-1-1.jpeg","_links":{"self":[{"href":"https:\/\/radiorevelacionfm.cl\/index.php?rest_route=\/wp\/v2\/posts\/24368","targetHints":{"allow":["GET"]}}],"collection":[{"href":"https:\/\/radiorevelacionfm.cl\/index.php?rest_route=\/wp\/v2\/posts"}],"about":[{"href":"https:\/\/radiorevelacionfm.cl\/index.php?rest_route=\/wp\/v2\/types\/post"}],"author":[{"embeddable":true,"href":"https:\/\/radiorevelacionfm.cl\/index.php?rest_route=\/wp\/v2\/users\/1"}],"replies":[{"embeddable":true,"href":"https:\/\/radiorevelacionfm.cl\/index.php?rest_route=%2Fwp%2Fv2%2Fcomments&post=24368"}],"version-history":[{"count":2,"href":"https:\/\/radiorevelacionfm.cl\/index.php?rest_route=\/wp\/v2\/posts\/24368\/revisions"}],"predecessor-version":[{"id":24372,"href":"https:\/\/radiorevelacionfm.cl\/index.php?rest_route=\/wp\/v2\/posts\/24368\/revisions\/24372"}],"wp:featuredmedia":[{"embeddable":true,"href":"https:\/\/radiorevelacionfm.cl\/index.php?rest_route=\/wp\/v2\/media\/24370"}],"wp:attachment":[{"href":"https:\/\/radiorevelacionfm.cl\/index.php?rest_route=%2Fwp%2Fv2%2Fmedia&parent=24368"}],"wp:term":[{"taxonomy":"category","embeddable":true,"href":"https:\/\/radiorevelacionfm.cl\/index.php?rest_route=%2Fwp%2Fv2%2Fcategories&post=24368"},{"taxonomy":"post_tag","embeddable":true,"href":"https:\/\/radiorevelacionfm.cl\/index.php?rest_route=%2Fwp%2Fv2%2Ftags&post=24368"}],"curies":[{"name":"wp","href":"https:\/\/api.w.org\/{rel}","templated":true}]}}