{"id":24360,"date":"2022-11-17T18:33:46","date_gmt":"2022-11-17T21:33:46","guid":{"rendered":"https:\/\/radiorevelacionfm.cl\/?p=24360"},"modified":"2022-11-17T18:33:46","modified_gmt":"2022-11-17T21:33:46","slug":"mas-de-mil-700-estudiantes-de-cuarto-ano-basico-de-la-region-de-aysen-iniciaron-la-rendicion-del-simce-2022-que-no-tendra-consecuencias-negativas-para-los-establecimientos","status":"publish","type":"post","link":"https:\/\/radiorevelacionfm.cl\/?p=24360","title":{"rendered":"M\u00e1s de mil 700 estudiantes de Cuarto A\u00f1o B\u00e1sico de la Regi\u00f3n de Ays\u00e9n iniciaron la rendici\u00f3n del SIMCE 2022, que no tendr\u00e1 consecuencias negativas para los establecimientos"},"content":{"rendered":"<div class=\"flex_column av_one_full  flex_column_div av-zero-column-padding first  avia-builder-el-0  el_before_av_one_full  avia-builder-el-first  \" style='border-radius:0px; '><div  class='avia-image-container  av-styling-    avia-builder-el-1  avia-builder-el-no-sibling  avia-align-center '  itemprop=\"image\" itemscope=\"itemscope\" itemtype=\"https:\/\/schema.org\/ImageObject\"  ><div class='avia-image-container-inner'><div class='avia-image-overlay-wrap'><img decoding=\"async\" class='wp-image-24361 avia-img-lazy-loading-not-24361 avia_image' src=\"https:\/\/radiorevelacionfm.cl\/wp-content\/uploads\/2022\/11\/simce-prueba-1-1.jpg\" alt='' title='simce-prueba (1) (1)' height=\"600\" width=\"794\"  itemprop=\"thumbnailUrl\" srcset=\"https:\/\/radiorevelacionfm.cl\/wp-content\/uploads\/2022\/11\/simce-prueba-1-1.jpg 794w, https:\/\/radiorevelacionfm.cl\/wp-content\/uploads\/2022\/11\/simce-prueba-1-1-300x227.jpg 300w, https:\/\/radiorevelacionfm.cl\/wp-content\/uploads\/2022\/11\/simce-prueba-1-1-768x580.jpg 768w, https:\/\/radiorevelacionfm.cl\/wp-content\/uploads\/2022\/11\/simce-prueba-1-1-705x533.jpg 705w, https:\/\/radiorevelacionfm.cl\/wp-content\/uploads\/2022\/11\/simce-prueba-1-1-600x453.jpg 600w\" sizes=\"(max-width: 794px) 100vw, 794px\" \/><\/div><\/div><\/div><\/div><div class=\"flex_column av_one_full  flex_column_div av-zero-column-padding first  avia-builder-el-2  el_after_av_one_full  el_before_av_one_full  column-top-margin\" style='border-radius:0px; '><section class=\"av_textblock_section \"  itemscope=\"itemscope\" itemtype=\"https:\/\/schema.org\/BlogPosting\" itemprop=\"blogPost\" ><div class='avia_textblock  '   itemprop=\"text\" ><p style=\"text-align: center;\"><span style=\"font-size: 18pt;\"><b>M\u00e1s de mil 700 estudiantes de Cuarto A\u00f1o B\u00e1sico de la Regi\u00f3n de Ays\u00e9n iniciaron la rendici\u00f3n del SIMCE 2022, que no tendr\u00e1 consecuencias negativas para los establecimientos<\/b><\/span><\/p>\n<div id=\"gtx-trans\" style=\"position: absolute; left: -50px; top: 4.31534px;\">\n<div class=\"gtx-trans-icon\"><\/div>\n<\/div>\n<\/div><\/section><\/div><div class=\"flex_column av_one_full  flex_column_div av-zero-column-padding first  avia-builder-el-4  el_after_av_one_full  el_before_av_hr  column-top-margin\" style='border-radius:0px; '><section class=\"av_textblock_section \"  itemscope=\"itemscope\" itemtype=\"https:\/\/schema.org\/BlogPosting\" itemprop=\"blogPost\" ><div class='avia_textblock  '   itemprop=\"text\" ><p style=\"text-align: justify;\">La Seremi de Educaci\u00f3n de Ays\u00e9n Isabel Garrido Casassa inform\u00f3 que en la regi\u00f3n estaba programada la aplicaci\u00f3n del SIMCE a 59 cursos y a un total de 1.723 estudiantes. \u201cDe acuerdo a la informaci\u00f3n que nos entreg\u00f3 la Agencia de Calidad de la Educaci\u00f3n, la aplicaci\u00f3n se desarroll\u00f3 con normalidad y sin contratiempos\u201d.<\/p>\n<p style=\"text-align: justify;\">Isabel Garrido record\u00f3 que la prueba es de car\u00e1cter censal y comenz\u00f3 con la evaluaci\u00f3n de Matem\u00e1tica, que fue aplicada en el 96,3% de los establecimientos del pa\u00eds, y que continuar\u00e1 este jueves con Lenguaje y Comunicaci\u00f3n. El 23 y 24 de noviembre ser\u00e1 el turno de los y las estudiantes de II medio, quienes rendir\u00e1n los ex\u00e1menes para estas mismas asignaturas. En la regi\u00f3n la prueba se aplicar\u00e1 a 26 cursos y a un total de 1.841 estudiantes.<\/p>\n<p style=\"text-align: justify;\">\u201cEl SIMCE de este a\u00f1o, sin embargo, es distinto al de ocasiones anteriores. Conscientes del impacto que tuvo la pandemia en las comunidades educativas, el Ministerio de Educaci\u00f3n solicit\u00f3 al Consejo Nacional de Educaci\u00f3n (CNED) modificar el plan de evaluaciones y suspender la examinaci\u00f3n este a\u00f1o y este organismo accedi\u00f3 a que el SIMCE esta vez no tenga consecuencias negativas para los establecimientos. Esto significa que los establecimientos no ser\u00e1n ordenados en categor\u00edas de desempe\u00f1o seg\u00fan los resultados que obtengan, descartando as\u00ed la posibilidad de cierre de establecimientos que tengan bajo desempe\u00f1o, como lo establece la Ley de Aseguramiento de la Calidad de la Educaci\u00f3n\u201d, coment\u00f3 la autoridad sectorial regional.<\/p>\n<p style=\"text-align: justify;\">El ministro de Educaci\u00f3n, Marco Antonio \u00c1vila, explic\u00f3 que \u201clos resultados del SIMCE servir\u00e1n, junto a otros instrumentos con los que cuenta el sistema, para profundizar en el diagn\u00f3stico de la crisis educativa que enfrenta el pa\u00eds y seguir apoyando a las comunidades educativas en la reactivaci\u00f3n de aprendizajes\u201d.<\/p>\n<p style=\"text-align: justify;\">En tanto el secretario ejecutivo de la Agencia de Calidad de la Educaci\u00f3n, Gino Cortez, detall\u00f3 que el objetivo del SIMCE 2022 es \u201clevantar informaci\u00f3n del estado de avance de los aprendizajes de ni\u00f1os, ni\u00f1as y j\u00f3venes de 4to b\u00e1sico y II medio, para poder retroalimentar la pol\u00edtica educativa y tambi\u00e9n a las comunidades escolares\u201d.<\/p>\n<p style=\"text-align: justify;\">Pr\u00f3ximamente, el Gobierno presentar\u00e1 un proyecto de ley que modificar\u00e1 el Sistema de Aseguramiento de Calidad, para buscar un equilibrio entre la evaluaci\u00f3n y el apoyo a la mejora permanente que deben recibir los establecimientos del pa\u00eds.<\/p>\n<\/div><\/section><\/div><div  style='height:50px' class='hr hr-invisible   avia-builder-el-6  el_after_av_one_full  el_before_av_social_share '><span class='hr-inner ' ><span class='hr-inner-style'><\/span><\/span><\/div><\/p>\n<div  class='av-social-sharing-box  avia-builder-el-7  el_after_av_hr  el_before_av_hr  '><div class='av-share-box'><h5 class='av-share-link-description av-no-toc '>Compartir esta noticia<\/h5><ul class='av-share-box-list noLightbox'><li class='av-share-link av-social-link-facebook' ><a target=\"_blank\" aria-label=\"Compartir en Facebook\" href='https:\/\/www.facebook.com\/sharer.php?u=https:\/\/radiorevelacionfm.cl\/?p=24360&#038;t=M%C3%A1s%20de%20mil%20700%20estudiantes%20de%20Cuarto%20A%C3%B1o%20B%C3%A1sico%20de%20la%20Regi%C3%B3n%20de%20Ays%C3%A9n%20iniciaron%20la%20rendici%C3%B3n%20del%20SIMCE%202022%2C%20que%20no%20tendr%C3%A1%20consecuencias%20negativas%20para%20los%20establecimientos' aria-hidden='false' data-av_icon='\ue8f3' data-av_iconfont='entypo-fontello' title='' data-avia-related-tooltip='Compartir en Facebook' rel=\"noopener\"><span class='avia_hidden_link_text'>Compartir en Facebook<\/span><\/a><\/li><li class='av-share-link av-social-link-twitter' ><a target=\"_blank\" aria-label=\"Compartir en Twitter\" href='https:\/\/twitter.com\/share?text=M%C3%A1s%20de%20mil%20700%20estudiantes%20de%20Cuarto%20A%C3%B1o%20B%C3%A1sico%20de%20la%20Regi%C3%B3n%20de%20Ays%C3%A9n%20iniciaron%20la%20rendici%C3%B3n%20del%20SIMCE%202022%2C%20que%20no%20tendr%C3%A1%20consecuencias%20negativas%20para%20los%20establecimientos&#038;url=https:\/\/radiorevelacionfm.cl\/?p=24360' aria-hidden='false' data-av_icon='\ue8f1' data-av_iconfont='entypo-fontello' title='' data-avia-related-tooltip='Compartir en Twitter' rel=\"noopener\"><span class='avia_hidden_link_text'>Compartir en Twitter<\/span><\/a><\/li><li class='av-share-link av-social-link-whatsapp' ><a target=\"_blank\" aria-label=\"Compartir en Whatsapp\" href='https:\/\/api.whatsapp.com\/send?text=https:\/\/radiorevelacionfm.cl\/?p=24360' aria-hidden='false' data-av_icon='\uf232' data-av_iconfont='entypo-fontello' title='' data-avia-related-tooltip='Compartir en Whatsapp' rel=\"noopener\"><span class='avia_hidden_link_text'>Compartir en Whatsapp<\/span><\/a><\/li><li class='av-share-link av-social-link-linkedin' ><a target=\"_blank\" aria-label=\"Compartir en LinkedIn\" href='https:\/\/linkedin.com\/shareArticle?mini=true&#038;title=M%C3%A1s%20de%20mil%20700%20estudiantes%20de%20Cuarto%20A%C3%B1o%20B%C3%A1sico%20de%20la%20Regi%C3%B3n%20de%20Ays%C3%A9n%20iniciaron%20la%20rendici%C3%B3n%20del%20SIMCE%202022%2C%20que%20no%20tendr%C3%A1%20consecuencias%20negativas%20para%20los%20establecimientos&#038;url=https:\/\/radiorevelacionfm.cl\/?p=24360' aria-hidden='false' data-av_icon='\ue8fc' data-av_iconfont='entypo-fontello' title='' data-avia-related-tooltip='Compartir en LinkedIn' rel=\"noopener\"><span class='avia_hidden_link_text'>Compartir en LinkedIn<\/span><\/a><\/li><li class='av-share-link av-social-link-mail' ><a  aria-label=\"Compartir por correo\" href='mailto:?subject=M%C3%A1s%20de%20mil%20700%20estudiantes%20de%20Cuarto%20A%C3%B1o%20B%C3%A1sico%20de%20la%20Regi%C3%B3n%20de%20Ays%C3%A9n%20iniciaron%20la%20rendici%C3%B3n%20del%20SIMCE%202022%2C%20que%20no%20tendr%C3%A1%20consecuencias%20negativas%20para%20los%20establecimientos&#038;body=https:\/\/radiorevelacionfm.cl\/?p=24360' aria-hidden='false' data-av_icon='\ue805' data-av_iconfont='entypo-fontello' title='' data-avia-related-tooltip='Compartir por correo'><span class='avia_hidden_link_text'>Compartir por correo<\/span><\/a><\/li><\/ul><\/div><\/div>\n<div  style='height:50px' class='hr hr-invisible   avia-builder-el-8  el_after_av_social_share  el_before_av_comments_list '><span class='hr-inner ' ><span class='hr-inner-style'><\/span><\/span><\/div>\n<div  class='av-buildercomment  av-blog-meta-html-info-disabled av-blog-meta-tag-disabled  '><\/div>\n","protected":false},"excerpt":{"rendered":"","protected":false},"author":1,"featured_media":24361,"comment_status":"open","ping_status":"open","sticky":false,"template":"","format":"standard","meta":{"footnotes":""},"categories":[49,38],"tags":[],"class_list":["post-24360","post","type-post","status-publish","format-standard","has-post-thumbnail","hentry","category-educacion","category-regional"],"jetpack_featured_media_url":"https:\/\/radiorevelacionfm.cl\/wp-content\/uploads\/2022\/11\/simce-prueba-1-1.jpg","_links":{"self":[{"href":"https:\/\/radiorevelacionfm.cl\/index.php?rest_route=\/wp\/v2\/posts\/24360","targetHints":{"allow":["GET"]}}],"collection":[{"href":"https:\/\/radiorevelacionfm.cl\/index.php?rest_route=\/wp\/v2\/posts"}],"about":[{"href":"https:\/\/radiorevelacionfm.cl\/index.php?rest_route=\/wp\/v2\/types\/post"}],"author":[{"embeddable":true,"href":"https:\/\/radiorevelacionfm.cl\/index.php?rest_route=\/wp\/v2\/users\/1"}],"replies":[{"embeddable":true,"href":"https:\/\/radiorevelacionfm.cl\/index.php?rest_route=%2Fwp%2Fv2%2Fcomments&post=24360"}],"version-history":[{"count":2,"href":"https:\/\/radiorevelacionfm.cl\/index.php?rest_route=\/wp\/v2\/posts\/24360\/revisions"}],"predecessor-version":[{"id":24365,"href":"https:\/\/radiorevelacionfm.cl\/index.php?rest_route=\/wp\/v2\/posts\/24360\/revisions\/24365"}],"wp:featuredmedia":[{"embeddable":true,"href":"https:\/\/radiorevelacionfm.cl\/index.php?rest_route=\/wp\/v2\/media\/24361"}],"wp:attachment":[{"href":"https:\/\/radiorevelacionfm.cl\/index.php?rest_route=%2Fwp%2Fv2%2Fmedia&parent=24360"}],"wp:term":[{"taxonomy":"category","embeddable":true,"href":"https:\/\/radiorevelacionfm.cl\/index.php?rest_route=%2Fwp%2Fv2%2Fcategories&post=24360"},{"taxonomy":"post_tag","embeddable":true,"href":"https:\/\/radiorevelacionfm.cl\/index.php?rest_route=%2Fwp%2Fv2%2Ftags&post=24360"}],"curies":[{"name":"wp","href":"https:\/\/api.w.org\/{rel}","templated":true}]}}