{"id":24357,"date":"2022-11-18T08:49:44","date_gmt":"2022-11-18T11:49:44","guid":{"rendered":"https:\/\/radiorevelacionfm.cl\/?p=24357"},"modified":"2022-11-18T08:49:44","modified_gmt":"2022-11-18T11:49:44","slug":"municipio-de-villa-ohiggins-junto-a-mindep-ind-trabajan-para-fomentar-el-deporte-outdoor-en-la-comuna","status":"publish","type":"post","link":"https:\/\/radiorevelacionfm.cl\/?p=24357","title":{"rendered":"Municipio de Villa O\u2019Higgins junto a Mindep-Ind trabajan para fomentar el deporte outdoor en la comuna"},"content":{"rendered":"<div class=\"flex_column av_one_full  flex_column_div av-zero-column-padding first  avia-builder-el-0  el_before_av_one_full  avia-builder-el-first  \" style='border-radius:0px; '><div  class='avia-image-container  av-styling-    avia-builder-el-1  avia-builder-el-no-sibling  avia-align-center '  itemprop=\"image\" itemscope=\"itemscope\" itemtype=\"https:\/\/schema.org\/ImageObject\"  ><div class='avia-image-container-inner'><div class='avia-image-overlay-wrap'><img decoding=\"async\" class='wp-image-24358 avia-img-lazy-loading-not-24358 avia_image' src=\"https:\/\/radiorevelacionfm.cl\/wp-content\/uploads\/2022\/11\/2-2022-11-17t171505_optimized.804-1.jpg\" alt='' title='2---2022-11-17t171505_optimized.804-(1)' height=\"600\" width=\"802\"  itemprop=\"thumbnailUrl\" srcset=\"https:\/\/radiorevelacionfm.cl\/wp-content\/uploads\/2022\/11\/2-2022-11-17t171505_optimized.804-1.jpg 802w, https:\/\/radiorevelacionfm.cl\/wp-content\/uploads\/2022\/11\/2-2022-11-17t171505_optimized.804-1-300x224.jpg 300w, https:\/\/radiorevelacionfm.cl\/wp-content\/uploads\/2022\/11\/2-2022-11-17t171505_optimized.804-1-768x575.jpg 768w, https:\/\/radiorevelacionfm.cl\/wp-content\/uploads\/2022\/11\/2-2022-11-17t171505_optimized.804-1-705x527.jpg 705w, https:\/\/radiorevelacionfm.cl\/wp-content\/uploads\/2022\/11\/2-2022-11-17t171505_optimized.804-1-600x449.jpg 600w\" sizes=\"(max-width: 802px) 100vw, 802px\" \/><\/div><\/div><\/div><\/div><div class=\"flex_column av_one_full  flex_column_div av-zero-column-padding first  avia-builder-el-2  el_after_av_one_full  el_before_av_one_full  column-top-margin\" style='border-radius:0px; '><section class=\"av_textblock_section \"  itemscope=\"itemscope\" itemtype=\"https:\/\/schema.org\/BlogPosting\" itemprop=\"blogPost\" ><div class='avia_textblock  '   itemprop=\"text\" ><p style=\"text-align: center;\"><span style=\"font-size: 18pt;\"><b>Municipio de Villa O\u2019Higgins junto a Mindep-Ind trabajan para fomentar el deporte outdoor en la comuna<\/b><\/span><\/p>\n<div id=\"gtx-trans\" style=\"position: absolute; left: -50px; top: 4.31534px;\">\n<div class=\"gtx-trans-icon\"><\/div>\n<\/div>\n<\/div><\/section><\/div><div class=\"flex_column av_one_full  flex_column_div av-zero-column-padding first  avia-builder-el-4  el_after_av_one_full  el_before_av_hr  column-top-margin\" style='border-radius:0px; '><section class=\"av_textblock_section \"  itemscope=\"itemscope\" itemtype=\"https:\/\/schema.org\/BlogPosting\" itemprop=\"blogPost\" ><div class='avia_textblock  '   itemprop=\"text\" ><p style=\"text-align: justify;\">Actualmente, en la comuna se desarrollan 3 programas del Instituto Nacional de Deportes; acondicionamiento f\u00edsico (Deporte de Participaci\u00f3n Social), escalada (J\u00f3venes en Movimiento) y senderismo (Crecer en Movimiento), realizados por el profesor de educaci\u00f3n f\u00edsica\u00a0 Francisco Mu\u00f1oz. Asimismo, a trav\u00e9s del concurso Fondeporte se desarroll\u00f3 con mucho \u00e9xito el proyecto \u201cEscalando en Villa O\u2019Higgins\u201d<\/p>\n<p style=\"text-align: justify;\">\u201cen la comuna estamos trabajando para potenciar a\u00fan m\u00e1s el desarrollo de la escalada y poner en valor el territorio que nos rodea, de igual forma pretendemos ampliar la oferta para la formaci\u00f3n de gu\u00edas de monta\u00f1a y kayak, incluso se construy\u00f3 un muro de escalada indoor con el apoyo del Club Campos de Hielo Sur\u201d destac\u00f3\u00a0 Francisco Mu\u00f1oz profesor talleres IND y adem\u00e1s Encargado Deportes de la Municipalidad de Villa O\u2019Higgins.<\/p>\n<p style=\"text-align: justify;\">Por su parte, la Seremi de Deportes Mar\u00eda Eugenia Dur\u00e1n precis\u00f3 \u201cel Instituto Nacional \u00a0de Deportes mantiene un convenio vigente con la Municipalidad de Villa O\u2019Higgins en el sentido de apoyar, promover y ejecutar talleres y actividades en esta comuna que destaca por sus atractivos naturales donde se pueden desarrollar diversas actividades al aire libre; paralelamente, a trav\u00e9s de los Proyectos Fondeporte han logrado desarrollar actividades con ni\u00f1as, ni\u00f1os y j\u00f3venes como la actividad \u201cEscalando en Villa O\u2019higgins\u201d, entre otras iniciativas desarrolladas por el Municipio a trav\u00e9s del Departamento de Deportes, y en este sentido quiero ratificar el compromiso del Gobierno del Presidente Gabriel Boric en promover una cultura del movimiento e institucionalidad deportiva que permita avanzar en el libre acceso a monta\u00f1as, mar, playas, r\u00edos, lagos y otros espacios naturales para realizar deporte y recreaci\u00f3n, lo cual sin duda forma parte del camino que necesitamos transitar para avanzar en la consagraci\u00f3n de un Estado de Derecho para todas y todos.\u201d<\/p>\n<p style=\"text-align: justify;\">Para el a\u00f1o 2023 el Departamento de Deportes de la Municipalidad de Villa O\u00b4Higgins continuar\u00e1 potenciando la escalada entre ni\u00f1as, ni\u00f1os y j\u00f3venes, adem\u00e1s de ampliar la oferta program\u00e1tica deportiva de la comuna conociendo el territorio que los rodea\u00a0 desarrollando actividades en lagos, r\u00edos y glaciares.<\/p>\n<\/div><\/section><\/div><div  style='height:50px' class='hr hr-invisible   avia-builder-el-6  el_after_av_one_full  el_before_av_social_share '><span class='hr-inner ' ><span class='hr-inner-style'><\/span><\/span><\/div><\/p>\n<div  class='av-social-sharing-box  avia-builder-el-7  el_after_av_hr  el_before_av_hr  '><div class='av-share-box'><h5 class='av-share-link-description av-no-toc '>Compartir esta noticia<\/h5><ul class='av-share-box-list noLightbox'><li class='av-share-link av-social-link-facebook' ><a target=\"_blank\" aria-label=\"Compartir en Facebook\" href='https:\/\/www.facebook.com\/sharer.php?u=https:\/\/radiorevelacionfm.cl\/?p=24357&#038;t=Municipio%20de%20Villa%20O%E2%80%99Higgins%20junto%20a%20Mindep-Ind%20trabajan%20para%20fomentar%20el%20deporte%20outdoor%20en%20la%20comuna' aria-hidden='false' data-av_icon='\ue8f3' data-av_iconfont='entypo-fontello' title='' data-avia-related-tooltip='Compartir en Facebook' rel=\"noopener\"><span class='avia_hidden_link_text'>Compartir en Facebook<\/span><\/a><\/li><li class='av-share-link av-social-link-twitter' ><a target=\"_blank\" aria-label=\"Compartir en Twitter\" href='https:\/\/twitter.com\/share?text=Municipio%20de%20Villa%20O%E2%80%99Higgins%20junto%20a%20Mindep-Ind%20trabajan%20para%20fomentar%20el%20deporte%20outdoor%20en%20la%20comuna&#038;url=https:\/\/radiorevelacionfm.cl\/?p=24357' aria-hidden='false' data-av_icon='\ue8f1' data-av_iconfont='entypo-fontello' title='' data-avia-related-tooltip='Compartir en Twitter' rel=\"noopener\"><span class='avia_hidden_link_text'>Compartir en Twitter<\/span><\/a><\/li><li class='av-share-link av-social-link-whatsapp' ><a target=\"_blank\" aria-label=\"Compartir en Whatsapp\" href='https:\/\/api.whatsapp.com\/send?text=https:\/\/radiorevelacionfm.cl\/?p=24357' aria-hidden='false' data-av_icon='\uf232' data-av_iconfont='entypo-fontello' title='' data-avia-related-tooltip='Compartir en Whatsapp' rel=\"noopener\"><span class='avia_hidden_link_text'>Compartir en Whatsapp<\/span><\/a><\/li><li class='av-share-link av-social-link-linkedin' ><a target=\"_blank\" aria-label=\"Compartir en LinkedIn\" href='https:\/\/linkedin.com\/shareArticle?mini=true&#038;title=Municipio%20de%20Villa%20O%E2%80%99Higgins%20junto%20a%20Mindep-Ind%20trabajan%20para%20fomentar%20el%20deporte%20outdoor%20en%20la%20comuna&#038;url=https:\/\/radiorevelacionfm.cl\/?p=24357' aria-hidden='false' data-av_icon='\ue8fc' data-av_iconfont='entypo-fontello' title='' data-avia-related-tooltip='Compartir en LinkedIn' rel=\"noopener\"><span class='avia_hidden_link_text'>Compartir en LinkedIn<\/span><\/a><\/li><li class='av-share-link av-social-link-mail' ><a  aria-label=\"Compartir por correo\" href='mailto:?subject=Municipio%20de%20Villa%20O%E2%80%99Higgins%20junto%20a%20Mindep-Ind%20trabajan%20para%20fomentar%20el%20deporte%20outdoor%20en%20la%20comuna&#038;body=https:\/\/radiorevelacionfm.cl\/?p=24357' aria-hidden='false' data-av_icon='\ue805' data-av_iconfont='entypo-fontello' title='' data-avia-related-tooltip='Compartir por correo'><span class='avia_hidden_link_text'>Compartir por correo<\/span><\/a><\/li><\/ul><\/div><\/div>\n<div  style='height:50px' class='hr hr-invisible   avia-builder-el-8  el_after_av_social_share  el_before_av_comments_list '><span class='hr-inner ' ><span class='hr-inner-style'><\/span><\/span><\/div>\n<div  class='av-buildercomment  av-blog-meta-html-info-disabled av-blog-meta-tag-disabled  '><\/div>\n","protected":false},"excerpt":{"rendered":"","protected":false},"author":1,"featured_media":24358,"comment_status":"open","ping_status":"open","sticky":false,"template":"","format":"standard","meta":{"footnotes":""},"categories":[38],"tags":[],"class_list":["post-24357","post","type-post","status-publish","format-standard","has-post-thumbnail","hentry","category-regional"],"jetpack_featured_media_url":"https:\/\/radiorevelacionfm.cl\/wp-content\/uploads\/2022\/11\/2-2022-11-17t171505_optimized.804-1.jpg","_links":{"self":[{"href":"https:\/\/radiorevelacionfm.cl\/index.php?rest_route=\/wp\/v2\/posts\/24357","targetHints":{"allow":["GET"]}}],"collection":[{"href":"https:\/\/radiorevelacionfm.cl\/index.php?rest_route=\/wp\/v2\/posts"}],"about":[{"href":"https:\/\/radiorevelacionfm.cl\/index.php?rest_route=\/wp\/v2\/types\/post"}],"author":[{"embeddable":true,"href":"https:\/\/radiorevelacionfm.cl\/index.php?rest_route=\/wp\/v2\/users\/1"}],"replies":[{"embeddable":true,"href":"https:\/\/radiorevelacionfm.cl\/index.php?rest_route=%2Fwp%2Fv2%2Fcomments&post=24357"}],"version-history":[{"count":2,"href":"https:\/\/radiorevelacionfm.cl\/index.php?rest_route=\/wp\/v2\/posts\/24357\/revisions"}],"predecessor-version":[{"id":24381,"href":"https:\/\/radiorevelacionfm.cl\/index.php?rest_route=\/wp\/v2\/posts\/24357\/revisions\/24381"}],"wp:featuredmedia":[{"embeddable":true,"href":"https:\/\/radiorevelacionfm.cl\/index.php?rest_route=\/wp\/v2\/media\/24358"}],"wp:attachment":[{"href":"https:\/\/radiorevelacionfm.cl\/index.php?rest_route=%2Fwp%2Fv2%2Fmedia&parent=24357"}],"wp:term":[{"taxonomy":"category","embeddable":true,"href":"https:\/\/radiorevelacionfm.cl\/index.php?rest_route=%2Fwp%2Fv2%2Fcategories&post=24357"},{"taxonomy":"post_tag","embeddable":true,"href":"https:\/\/radiorevelacionfm.cl\/index.php?rest_route=%2Fwp%2Fv2%2Ftags&post=24357"}],"curies":[{"name":"wp","href":"https:\/\/api.w.org\/{rel}","templated":true}]}}