{"id":24346,"date":"2022-11-17T17:59:49","date_gmt":"2022-11-17T20:59:49","guid":{"rendered":"https:\/\/radiorevelacionfm.cl\/?p=24346"},"modified":"2022-11-18T08:45:45","modified_gmt":"2022-11-18T11:45:45","slug":"familias-de-puerto-tranquilo-y-puerto-bertrand-siguen-avanzando-hacia-la-casa-propia","status":"publish","type":"post","link":"https:\/\/radiorevelacionfm.cl\/?p=24346","title":{"rendered":"Familias de Puerto Tranquilo y Puerto Bertrand siguen avanzando hacia la casa propia"},"content":{"rendered":"<div class=\"flex_column av_one_full  flex_column_div av-zero-column-padding first  avia-builder-el-0  el_before_av_one_full  avia-builder-el-first  \" style='border-radius:0px; '><div  class='avia-image-container  av-styling-    avia-builder-el-1  avia-builder-el-no-sibling  avia-align-center '  itemprop=\"image\" itemscope=\"itemscope\" itemtype=\"https:\/\/schema.org\/ImageObject\"  ><div class='avia-image-container-inner'><div class='avia-image-overlay-wrap'><img decoding=\"async\" class='wp-image-24348 avia-img-lazy-loading-not-24348 avia_image' src=\"https:\/\/radiorevelacionfm.cl\/wp-content\/uploads\/2022\/11\/foto-con-grupo-en-terreno-Puerto-Bertand-2-1.jpeg\" alt='' title='foto con grupo en terreno Puerto Bertand (2) (1)' height=\"600\" width=\"913\"  itemprop=\"thumbnailUrl\" srcset=\"https:\/\/radiorevelacionfm.cl\/wp-content\/uploads\/2022\/11\/foto-con-grupo-en-terreno-Puerto-Bertand-2-1.jpeg 913w, https:\/\/radiorevelacionfm.cl\/wp-content\/uploads\/2022\/11\/foto-con-grupo-en-terreno-Puerto-Bertand-2-1-300x197.jpeg 300w, https:\/\/radiorevelacionfm.cl\/wp-content\/uploads\/2022\/11\/foto-con-grupo-en-terreno-Puerto-Bertand-2-1-768x505.jpeg 768w, https:\/\/radiorevelacionfm.cl\/wp-content\/uploads\/2022\/11\/foto-con-grupo-en-terreno-Puerto-Bertand-2-1-705x463.jpeg 705w, https:\/\/radiorevelacionfm.cl\/wp-content\/uploads\/2022\/11\/foto-con-grupo-en-terreno-Puerto-Bertand-2-1-600x394.jpeg 600w\" sizes=\"(max-width: 913px) 100vw, 913px\" \/><\/div><\/div><\/div><\/div>\n<div class=\"flex_column av_one_full  flex_column_div av-zero-column-padding first  avia-builder-el-2  el_after_av_one_full  el_before_av_one_full  column-top-margin\" style='border-radius:0px; '><section class=\"av_textblock_section \"  itemscope=\"itemscope\" itemtype=\"https:\/\/schema.org\/BlogPosting\" itemprop=\"blogPost\" ><div class='avia_textblock  '   itemprop=\"text\" ><p style=\"text-align: center;\"><span style=\"font-size: 18pt;\"><strong>Familias de Puerto Tranquilo y Puerto Bertrand siguen avanzando hacia la casa propia<\/strong><\/span><\/p>\n<div id=\"gtx-trans\" style=\"position: absolute; left: -50px; top: 4.31534px;\">\n<div class=\"gtx-trans-icon\"><\/div>\n<\/div>\n<\/div><\/section><\/div>\n<div class=\"flex_column av_one_full  flex_column_div av-zero-column-padding first  avia-builder-el-4  el_after_av_one_full  el_before_av_hr  column-top-margin\" style='border-radius:0px; '><section class=\"av_textblock_section \"  itemscope=\"itemscope\" itemtype=\"https:\/\/schema.org\/BlogPosting\" itemprop=\"blogPost\" ><div class='avia_textblock  '   itemprop=\"text\" ><p style=\"text-align: justify;\">Como una informaci\u00f3n que los llena de alegr\u00eda y optimismo calificaron las familias de Puerto R\u00edo Tranquilo y Puerto Bertrand la buena noticia que recibieron de parte de la Seremi de Vivienda y Urbanismo, Paulina Ruz, indiciando que sus proyectos habitacionales ya fueron ingresados para revisi\u00f3n y posterior aprobaci\u00f3n en las oficinas regionales del Serviu.<\/p>\n<p style=\"text-align: justify;\">Para entregar en forma directa los detalles del anuncio, se trasladaron hasta puerto R\u00edo Tranquilo la Seremi de Vivienda, Paulina Ruz y el Director (S) del Serviu, Eduardo Navarro, quienes respondieron preguntas y dudas de parte de los vecinos, para luego visitar los terrenos en donde se espera construir en el mediano plazo sus anheladas soluciones habitacionales.<\/p>\n<p style=\"text-align: justify;\">Al finalizar el recorrido, la Presidenta del Comit\u00e9 Habitacional \u201cLas Tranquilinas\u201d de Puerto R\u00edo Tranquilo, Raquel Godoy, expres\u00f3 su alegr\u00eda por ver que siguen avanzando por el camino que la lleva hacia su casa propia. \u201cEstamos contentas, muy felices y tambi\u00e9n muy orgullosas de esta visita. Ha sido un avance importante el que hoy tanto el Director del Serviu como la Seremi nos han tra\u00eddo noticias de que nuestro proyecto fue entregado para revisi\u00f3n y posterior postulaci\u00f3n. Estuvimos visitando los sitios y ya so\u00f1amos con que pase r\u00e1pido el tiempo y podamos hacer uso de nuestra casa, que es un peque\u00f1o condominio que fue ideado y dise\u00f1ado con mucho cari\u00f1o pensando siempre en una vida en comunidad, en ser un aporte para nuestro pueblo, en permanecer en nuestra localidad y por supuesto, como no, en entregarle una mejor calidad de vida a nuestros hijos\u201d, indic\u00f3<\/p>\n<p style=\"text-align: justify;\">Posteriormente la Seremi de Vivienda y el Director del Serviu se trasladaron hasta Puerto Bertrand, donde se reunieron con la directiva y socios del comit\u00e9 \u201cLago Bertrand\u201d para detallar los \u00faltimos avances en el desarrollo de su proyecto habitacional.<\/p>\n<p style=\"text-align: justify;\">Una vez terminado el encuentro, la Presidenta del Comit\u00e9 Habitacional \u201cLago Bertrand\u201d, Frosinia Villegas, valor\u00f3 tambi\u00e9n la informaci\u00f3n que les hace mirar con mayor optimismo el futuro de su comit\u00e9, el que ya cumple tres a\u00f1os de existencia. \u201cFelices, no nos visitan muchas autoridades regionales, pero nos vino a visitar la Seremi que nos trajo grandes noticias, estamos muy contentos. El sue\u00f1o de la casa propia se ve ya bastante m\u00e1s cerca, as\u00ed que agradecer a todas las autoridades que vinieron, en especial a la Seremi que nos deja con el coraz\u00f3n lleno a todos, porque aqu\u00ed somos 14 familias que estamos luchando por tener nuestra casita y est\u00e1n todas content\u00edsimas\u201d, manifest\u00f3.<\/p>\n<p style=\"text-align: justify;\">Por su parte, la Seremi de Vivienda, Paulina Ruz, valor\u00f3 la posibilidad de tomar contacto con la comunidad, sobre todo cuando se les pudo entregar buenas noticias respecto al trabajo realizado. \u201cCon mucha satisfacci\u00f3n nos hemos podido reunir con estas familias para informar los avances obtenidos en el trabajo para alcanzar la casa propia. Juntos vamos superando etapas y esperamos seguir asesorando y apoyando a estas familias hasta conseguir el objetivo. Ese es el mandato que nos ha dado el presidente B\u00f3ric, trabajar en terreno, escuchar, atender a los pobladores y gestionar las soluciones que nos permitan cumplir los desaf\u00edos impuestos en nuestro Plan de Emergencia Habitacional, tanto a nivel regional como nacional\u201d, precis\u00f3.<\/p>\n<p style=\"text-align: justify;\">Agreg\u00f3 finalmente la autoridad sectorial que tambi\u00e9n se levant\u00f3 el compromiso de mantener un contacto directo que permita a los dirigentes y socios estar informados de los siguientes pasos que permitan entrar ya en las fases finales de lo que significa el proceso, como es la adjudicaci\u00f3n y recepci\u00f3n de subsidios, la licitaci\u00f3n y contrataci\u00f3n de una empresa y la esperada construcci\u00f3n de la casa propia para cada una de las familias.<\/p>\n<\/div><\/section><\/div><div  style='height:50px' class='hr hr-invisible   avia-builder-el-6  el_after_av_one_full  el_before_av_social_share '><span class='hr-inner ' ><span class='hr-inner-style'><\/span><\/span><\/div><\/p>\n<div  class='av-social-sharing-box  avia-builder-el-7  el_after_av_hr  el_before_av_hr  '><div class='av-share-box'><h5 class='av-share-link-description av-no-toc '>Compartir esta noticia<\/h5><ul class='av-share-box-list noLightbox'><li class='av-share-link av-social-link-facebook' ><a target=\"_blank\" aria-label=\"Compartir en Facebook\" href='https:\/\/www.facebook.com\/sharer.php?u=https:\/\/radiorevelacionfm.cl\/?p=24346&#038;t=Familias%20de%20Puerto%20Tranquilo%20y%20Puerto%20Bertrand%20siguen%20avanzando%20hacia%20la%20casa%20propia' aria-hidden='false' data-av_icon='\ue8f3' data-av_iconfont='entypo-fontello' title='' data-avia-related-tooltip='Compartir en Facebook' rel=\"noopener\"><span class='avia_hidden_link_text'>Compartir en Facebook<\/span><\/a><\/li><li class='av-share-link av-social-link-twitter' ><a target=\"_blank\" aria-label=\"Compartir en Twitter\" href='https:\/\/twitter.com\/share?text=Familias%20de%20Puerto%20Tranquilo%20y%20Puerto%20Bertrand%20siguen%20avanzando%20hacia%20la%20casa%20propia&#038;url=https:\/\/radiorevelacionfm.cl\/?p=24346' aria-hidden='false' data-av_icon='\ue8f1' data-av_iconfont='entypo-fontello' title='' data-avia-related-tooltip='Compartir en Twitter' rel=\"noopener\"><span class='avia_hidden_link_text'>Compartir en Twitter<\/span><\/a><\/li><li class='av-share-link av-social-link-whatsapp' ><a target=\"_blank\" aria-label=\"Compartir en Whatsapp\" href='https:\/\/api.whatsapp.com\/send?text=https:\/\/radiorevelacionfm.cl\/?p=24346' aria-hidden='false' data-av_icon='\uf232' data-av_iconfont='entypo-fontello' title='' data-avia-related-tooltip='Compartir en Whatsapp' rel=\"noopener\"><span class='avia_hidden_link_text'>Compartir en Whatsapp<\/span><\/a><\/li><li class='av-share-link av-social-link-linkedin' ><a target=\"_blank\" aria-label=\"Compartir en LinkedIn\" href='https:\/\/linkedin.com\/shareArticle?mini=true&#038;title=Familias%20de%20Puerto%20Tranquilo%20y%20Puerto%20Bertrand%20siguen%20avanzando%20hacia%20la%20casa%20propia&#038;url=https:\/\/radiorevelacionfm.cl\/?p=24346' aria-hidden='false' data-av_icon='\ue8fc' data-av_iconfont='entypo-fontello' title='' data-avia-related-tooltip='Compartir en LinkedIn' rel=\"noopener\"><span class='avia_hidden_link_text'>Compartir en LinkedIn<\/span><\/a><\/li><li class='av-share-link av-social-link-mail' ><a  aria-label=\"Compartir por correo\" href='mailto:?subject=Familias%20de%20Puerto%20Tranquilo%20y%20Puerto%20Bertrand%20siguen%20avanzando%20hacia%20la%20casa%20propia&#038;body=https:\/\/radiorevelacionfm.cl\/?p=24346' aria-hidden='false' data-av_icon='\ue805' data-av_iconfont='entypo-fontello' title='' data-avia-related-tooltip='Compartir por correo'><span class='avia_hidden_link_text'>Compartir por correo<\/span><\/a><\/li><\/ul><\/div><\/div>\n<div  style='height:50px' class='hr hr-invisible   avia-builder-el-8  el_after_av_social_share  el_before_av_comments_list '><span class='hr-inner ' ><span class='hr-inner-style'><\/span><\/span><\/div>\n<div  class='av-buildercomment  av-blog-meta-html-info-disabled av-blog-meta-tag-disabled  '><\/div>\n","protected":false},"excerpt":{"rendered":"","protected":false},"author":1,"featured_media":24348,"comment_status":"open","ping_status":"open","sticky":false,"template":"","format":"standard","meta":{"footnotes":""},"categories":[1],"tags":[],"class_list":["post-24346","post","type-post","status-publish","format-standard","has-post-thumbnail","hentry","category-sin-categoria"],"jetpack_featured_media_url":"https:\/\/radiorevelacionfm.cl\/wp-content\/uploads\/2022\/11\/foto-con-grupo-en-terreno-Puerto-Bertand-2-1.jpeg","_links":{"self":[{"href":"https:\/\/radiorevelacionfm.cl\/index.php?rest_route=\/wp\/v2\/posts\/24346","targetHints":{"allow":["GET"]}}],"collection":[{"href":"https:\/\/radiorevelacionfm.cl\/index.php?rest_route=\/wp\/v2\/posts"}],"about":[{"href":"https:\/\/radiorevelacionfm.cl\/index.php?rest_route=\/wp\/v2\/types\/post"}],"author":[{"embeddable":true,"href":"https:\/\/radiorevelacionfm.cl\/index.php?rest_route=\/wp\/v2\/users\/1"}],"replies":[{"embeddable":true,"href":"https:\/\/radiorevelacionfm.cl\/index.php?rest_route=%2Fwp%2Fv2%2Fcomments&post=24346"}],"version-history":[{"count":3,"href":"https:\/\/radiorevelacionfm.cl\/index.php?rest_route=\/wp\/v2\/posts\/24346\/revisions"}],"predecessor-version":[{"id":24379,"href":"https:\/\/radiorevelacionfm.cl\/index.php?rest_route=\/wp\/v2\/posts\/24346\/revisions\/24379"}],"wp:featuredmedia":[{"embeddable":true,"href":"https:\/\/radiorevelacionfm.cl\/index.php?rest_route=\/wp\/v2\/media\/24348"}],"wp:attachment":[{"href":"https:\/\/radiorevelacionfm.cl\/index.php?rest_route=%2Fwp%2Fv2%2Fmedia&parent=24346"}],"wp:term":[{"taxonomy":"category","embeddable":true,"href":"https:\/\/radiorevelacionfm.cl\/index.php?rest_route=%2Fwp%2Fv2%2Fcategories&post=24346"},{"taxonomy":"post_tag","embeddable":true,"href":"https:\/\/radiorevelacionfm.cl\/index.php?rest_route=%2Fwp%2Fv2%2Ftags&post=24346"}],"curies":[{"name":"wp","href":"https:\/\/api.w.org\/{rel}","templated":true}]}}