{"id":24342,"date":"2022-11-17T15:40:37","date_gmt":"2022-11-17T18:40:37","guid":{"rendered":"https:\/\/radiorevelacionfm.cl\/?p=24342"},"modified":"2022-11-17T15:40:37","modified_gmt":"2022-11-17T18:40:37","slug":"alcalde-uribe-cumplio-compromiso-de-campana-y-consigue-la-aprobacion-del-mineduc-para-educacion-media-en-islas-las-huichas","status":"publish","type":"post","link":"https:\/\/radiorevelacionfm.cl\/?p=24342","title":{"rendered":"Alcalde Uribe cumpli\u00f3 compromiso de campa\u00f1a y consigue la aprobaci\u00f3n del Mineduc para Educaci\u00f3n Media en Islas Las Huichas"},"content":{"rendered":"<div class=\"flex_column av_one_full  flex_column_div av-zero-column-padding first  avia-builder-el-0  el_before_av_one_full  avia-builder-el-first  \" style='border-radius:0px; '><div  class='avia-image-container  av-styling-    avia-builder-el-1  avia-builder-el-no-sibling  avia-align-center '  itemprop=\"image\" itemscope=\"itemscope\" itemtype=\"https:\/\/schema.org\/ImageObject\"  ><div class='avia-image-container-inner'><div class='avia-image-overlay-wrap'><img decoding=\"async\" class='wp-image-24343 avia-img-lazy-loading-not-24343 avia_image' src=\"https:\/\/radiorevelacionfm.cl\/wp-content\/uploads\/2022\/11\/313193047_507148548118897_4222306615797489443_n-1-1.jpeg\" alt='' title='313193047_507148548118897_4222306615797489443_n (1) (1)' height=\"600\" width=\"900\"  itemprop=\"thumbnailUrl\" srcset=\"https:\/\/radiorevelacionfm.cl\/wp-content\/uploads\/2022\/11\/313193047_507148548118897_4222306615797489443_n-1-1.jpeg 900w, https:\/\/radiorevelacionfm.cl\/wp-content\/uploads\/2022\/11\/313193047_507148548118897_4222306615797489443_n-1-1-300x200.jpeg 300w, https:\/\/radiorevelacionfm.cl\/wp-content\/uploads\/2022\/11\/313193047_507148548118897_4222306615797489443_n-1-1-768x512.jpeg 768w, https:\/\/radiorevelacionfm.cl\/wp-content\/uploads\/2022\/11\/313193047_507148548118897_4222306615797489443_n-1-1-705x470.jpeg 705w, https:\/\/radiorevelacionfm.cl\/wp-content\/uploads\/2022\/11\/313193047_507148548118897_4222306615797489443_n-1-1-600x400.jpeg 600w\" sizes=\"(max-width: 900px) 100vw, 900px\" \/><\/div><\/div><\/div><\/div><div class=\"flex_column av_one_full  flex_column_div av-zero-column-padding first  avia-builder-el-2  el_after_av_one_full  el_before_av_one_full  column-top-margin\" style='border-radius:0px; '><section class=\"av_textblock_section \"  itemscope=\"itemscope\" itemtype=\"https:\/\/schema.org\/BlogPosting\" itemprop=\"blogPost\" ><div class='avia_textblock  '   itemprop=\"text\" ><p style=\"text-align: center;\"><span style=\"font-size: 18pt;\"><strong>Alcalde Uribe cumpli\u00f3 compromiso de campa\u00f1a y consigue la aprobaci\u00f3n del Mineduc para Educaci\u00f3n Media en Islas Las Huichas<\/strong><\/span><\/p>\n<div id=\"gtx-trans\" style=\"position: absolute; left: -50px; top: 4.31534px;\">\n<div class=\"gtx-trans-icon\"><\/div>\n<\/div>\n<\/div><\/section><\/div><div class=\"flex_column av_one_full  flex_column_div av-zero-column-padding first  avia-builder-el-4  el_after_av_one_full  el_before_av_hr  column-top-margin\" style='border-radius:0px; '><section class=\"av_textblock_section \"  itemscope=\"itemscope\" itemtype=\"https:\/\/schema.org\/BlogPosting\" itemprop=\"blogPost\" ><div class='avia_textblock  '   itemprop=\"text\" ><p style=\"text-align: justify;\">Luego de una intensa recopilaci\u00f3n de antecedentes que incluy\u00f3 la participaci\u00f3n de padres y apoderados de las escuelas de Puerto Aguirre y Caleta Andrade y tras diversas tratativas con la Seremi de Educaci\u00f3n y luego de expuesto tambi\u00e9n el caso en la reuni\u00f3n sostenida con el ministro de la cartera en el Congreso Nacional. El alcalde de Ays\u00e9n, Julio Uribe Alvarado, cumpli\u00f3 uno de los puntos fundamentales de su programa de gobierno comunal, generar en Islas Las Huichas un recinto que permita a los habitantes de este territorio contar con acceso a educaci\u00f3n media y terminar as\u00ed con 30 a\u00f1os de desplazamiento por continuar estudios avanzados.<\/p>\n<p style=\"text-align: justify;\">La iniciativa permitir\u00e1 que los isle\u00f1os accedan a educaci\u00f3n polit\u00e9cnica como parte de su proceso formativo con una carrera que les permita obtener un empleo gracias al t\u00edtulo t\u00e9cnico en mandos medios o bien, acceder a la oferta que poseen las distintas Instituciones de Educaci\u00f3n Superior del pa\u00eds.<\/p>\n<p style=\"text-align: justify;\">\u201cFue un compromiso que nosotros asumimos cuando est\u00e1bamos postulando para llegar al municipio, de realizar las gestiones para tener un Liceo en Islas Las Huichas y a un a\u00f1o y cuatro meses hemos cumplido y ya es oficial. Hoy d\u00eda vamos a solucionar el gran problema de desarraigo familiar que sufren muy peque\u00f1os j\u00f3venes isle\u00f1os\u201d, coment\u00f3 el alcalde Uribe Alvarado.<\/p>\n<p style=\"text-align: justify;\">Esto representa una ilusi\u00f3n que muchos isle\u00f1os han esperado, es el caso de la concejala Tatiana Villarroel, oriunda del lugar, \u201clo he mencionado en varias oportunidades a lo largo de todo el proceso que ha llevado esta lucha de un Liceo para Islas Las Huichas, es un sue\u00f1o anhelado que muchas generaciones. Hoy, que est\u00e1 casi concretado y que est\u00e9 m\u00e1s cerca que nunca, es una emoci\u00f3n incre\u00edble. Agradecemos la perseverancia de no haber bajado los brazos\u201d.<\/p>\n<p style=\"text-align: justify;\">Por su parte, el director de la Escuela de Puerto Aguirre, Eduardo Felipe Ram\u00edrez est\u00e1 al tanto de las tareas que se vienen a la administraci\u00f3n educativa, \u201ctenemos que hacer algunos ajustes de infraestructura, ya que el alcalde junto a su equipo t\u00e9cnico mostr\u00f3 una propuesta de reconstrucci\u00f3n al Ministerio de Educaci\u00f3n y nosotros nos comprometemos a realizar las modificaciones durante el a\u00f1o 2023 y lo que resta de 2022\u201d. A\u00f1adiendo que, \u201csi todo sale como queremos y planeamos, para 2026 tendremos a nuestros primeros egresados\u201d asegur\u00f3 el acad\u00e9mico.<\/p>\n<p style=\"text-align: justify;\">Adem\u00e1s de los cambios en infraestructura, que tambi\u00e9n han contado con apoyo del sector privado, prontamente se planea la incorporaci\u00f3n de los nuevos profesionales que surtir\u00e1n de conocimiento a las primeras generaciones de liceanos de la zona insular.<\/p>\n<\/div><\/section><\/div><div  style='height:50px' class='hr hr-invisible   avia-builder-el-6  el_after_av_one_full  el_before_av_social_share '><span class='hr-inner ' ><span class='hr-inner-style'><\/span><\/span><\/div><\/p>\n<div  class='av-social-sharing-box  avia-builder-el-7  el_after_av_hr  el_before_av_hr  '><div class='av-share-box'><h5 class='av-share-link-description av-no-toc '>Compartir esta noticia<\/h5><ul class='av-share-box-list noLightbox'><li class='av-share-link av-social-link-facebook' ><a target=\"_blank\" aria-label=\"Compartir en Facebook\" href='https:\/\/www.facebook.com\/sharer.php?u=https:\/\/radiorevelacionfm.cl\/?p=24342&#038;t=Alcalde%20Uribe%20cumpli%C3%B3%20compromiso%20de%20campa%C3%B1a%20y%20consigue%20la%20aprobaci%C3%B3n%20del%20Mineduc%20para%20Educaci%C3%B3n%20Media%20en%20Islas%20Las%20Huichas' aria-hidden='false' data-av_icon='\ue8f3' data-av_iconfont='entypo-fontello' title='' data-avia-related-tooltip='Compartir en Facebook' rel=\"noopener\"><span class='avia_hidden_link_text'>Compartir en Facebook<\/span><\/a><\/li><li class='av-share-link av-social-link-twitter' ><a target=\"_blank\" aria-label=\"Compartir en Twitter\" href='https:\/\/twitter.com\/share?text=Alcalde%20Uribe%20cumpli%C3%B3%20compromiso%20de%20campa%C3%B1a%20y%20consigue%20la%20aprobaci%C3%B3n%20del%20Mineduc%20para%20Educaci%C3%B3n%20Media%20en%20Islas%20Las%20Huichas&#038;url=https:\/\/radiorevelacionfm.cl\/?p=24342' aria-hidden='false' data-av_icon='\ue8f1' data-av_iconfont='entypo-fontello' title='' data-avia-related-tooltip='Compartir en Twitter' rel=\"noopener\"><span class='avia_hidden_link_text'>Compartir en Twitter<\/span><\/a><\/li><li class='av-share-link av-social-link-whatsapp' ><a target=\"_blank\" aria-label=\"Compartir en Whatsapp\" href='https:\/\/api.whatsapp.com\/send?text=https:\/\/radiorevelacionfm.cl\/?p=24342' aria-hidden='false' data-av_icon='\uf232' data-av_iconfont='entypo-fontello' title='' data-avia-related-tooltip='Compartir en Whatsapp' rel=\"noopener\"><span class='avia_hidden_link_text'>Compartir en Whatsapp<\/span><\/a><\/li><li class='av-share-link av-social-link-linkedin' ><a target=\"_blank\" aria-label=\"Compartir en LinkedIn\" href='https:\/\/linkedin.com\/shareArticle?mini=true&#038;title=Alcalde%20Uribe%20cumpli%C3%B3%20compromiso%20de%20campa%C3%B1a%20y%20consigue%20la%20aprobaci%C3%B3n%20del%20Mineduc%20para%20Educaci%C3%B3n%20Media%20en%20Islas%20Las%20Huichas&#038;url=https:\/\/radiorevelacionfm.cl\/?p=24342' aria-hidden='false' data-av_icon='\ue8fc' data-av_iconfont='entypo-fontello' title='' data-avia-related-tooltip='Compartir en LinkedIn' rel=\"noopener\"><span class='avia_hidden_link_text'>Compartir en LinkedIn<\/span><\/a><\/li><li class='av-share-link av-social-link-mail' ><a  aria-label=\"Compartir por correo\" href='mailto:?subject=Alcalde%20Uribe%20cumpli%C3%B3%20compromiso%20de%20campa%C3%B1a%20y%20consigue%20la%20aprobaci%C3%B3n%20del%20Mineduc%20para%20Educaci%C3%B3n%20Media%20en%20Islas%20Las%20Huichas&#038;body=https:\/\/radiorevelacionfm.cl\/?p=24342' aria-hidden='false' data-av_icon='\ue805' data-av_iconfont='entypo-fontello' title='' data-avia-related-tooltip='Compartir por correo'><span class='avia_hidden_link_text'>Compartir por correo<\/span><\/a><\/li><\/ul><\/div><\/div>\n<div  style='height:50px' class='hr hr-invisible   avia-builder-el-8  el_after_av_social_share  el_before_av_comments_list '><span class='hr-inner ' ><span class='hr-inner-style'><\/span><\/span><\/div>\n<div  class='av-buildercomment  av-blog-meta-html-info-disabled av-blog-meta-tag-disabled  '><\/div>\n","protected":false},"excerpt":{"rendered":"","protected":false},"author":1,"featured_media":24343,"comment_status":"open","ping_status":"open","sticky":false,"template":"","format":"standard","meta":{"footnotes":""},"categories":[38],"tags":[],"class_list":["post-24342","post","type-post","status-publish","format-standard","has-post-thumbnail","hentry","category-regional"],"jetpack_featured_media_url":"https:\/\/radiorevelacionfm.cl\/wp-content\/uploads\/2022\/11\/313193047_507148548118897_4222306615797489443_n-1-1.jpeg","_links":{"self":[{"href":"https:\/\/radiorevelacionfm.cl\/index.php?rest_route=\/wp\/v2\/posts\/24342","targetHints":{"allow":["GET"]}}],"collection":[{"href":"https:\/\/radiorevelacionfm.cl\/index.php?rest_route=\/wp\/v2\/posts"}],"about":[{"href":"https:\/\/radiorevelacionfm.cl\/index.php?rest_route=\/wp\/v2\/types\/post"}],"author":[{"embeddable":true,"href":"https:\/\/radiorevelacionfm.cl\/index.php?rest_route=\/wp\/v2\/users\/1"}],"replies":[{"embeddable":true,"href":"https:\/\/radiorevelacionfm.cl\/index.php?rest_route=%2Fwp%2Fv2%2Fcomments&post=24342"}],"version-history":[{"count":2,"href":"https:\/\/radiorevelacionfm.cl\/index.php?rest_route=\/wp\/v2\/posts\/24342\/revisions"}],"predecessor-version":[{"id":24345,"href":"https:\/\/radiorevelacionfm.cl\/index.php?rest_route=\/wp\/v2\/posts\/24342\/revisions\/24345"}],"wp:featuredmedia":[{"embeddable":true,"href":"https:\/\/radiorevelacionfm.cl\/index.php?rest_route=\/wp\/v2\/media\/24343"}],"wp:attachment":[{"href":"https:\/\/radiorevelacionfm.cl\/index.php?rest_route=%2Fwp%2Fv2%2Fmedia&parent=24342"}],"wp:term":[{"taxonomy":"category","embeddable":true,"href":"https:\/\/radiorevelacionfm.cl\/index.php?rest_route=%2Fwp%2Fv2%2Fcategories&post=24342"},{"taxonomy":"post_tag","embeddable":true,"href":"https:\/\/radiorevelacionfm.cl\/index.php?rest_route=%2Fwp%2Fv2%2Ftags&post=24342"}],"curies":[{"name":"wp","href":"https:\/\/api.w.org\/{rel}","templated":true}]}}