{"id":24338,"date":"2022-11-18T14:01:16","date_gmt":"2022-11-18T17:01:16","guid":{"rendered":"https:\/\/radiorevelacionfm.cl\/?p=24338"},"modified":"2022-11-18T14:01:16","modified_gmt":"2022-11-18T17:01:16","slug":"invitan-a-organizaciones-sociales-a-postular-al-fondo-de-acceso-a-la-energia","status":"publish","type":"post","link":"https:\/\/radiorevelacionfm.cl\/?p=24338","title":{"rendered":"Invitan a organizaciones sociales a postular al Fondo de Acceso a la Energ\u00eda"},"content":{"rendered":"<div class=\"flex_column av_one_full  flex_column_div av-zero-column-padding first  avia-builder-el-0  el_before_av_one_full  avia-builder-el-first  \" style='border-radius:0px; '><div  class='avia-image-container  av-styling-    avia-builder-el-1  avia-builder-el-no-sibling  avia-align-center '  itemprop=\"image\" itemscope=\"itemscope\" itemtype=\"https:\/\/schema.org\/ImageObject\"  ><div class='avia-image-container-inner'><div class='avia-image-overlay-wrap'><img decoding=\"async\" class='wp-image-24339 avia-img-lazy-loading-not-24339 avia_image' src=\"https:\/\/radiorevelacionfm.cl\/wp-content\/uploads\/2022\/11\/img_7802-1_optimized.jpg\" alt='' title='img_7802-(1)_optimized' height=\"600\" width=\"900\"  itemprop=\"thumbnailUrl\" srcset=\"https:\/\/radiorevelacionfm.cl\/wp-content\/uploads\/2022\/11\/img_7802-1_optimized.jpg 900w, https:\/\/radiorevelacionfm.cl\/wp-content\/uploads\/2022\/11\/img_7802-1_optimized-300x200.jpg 300w, https:\/\/radiorevelacionfm.cl\/wp-content\/uploads\/2022\/11\/img_7802-1_optimized-768x512.jpg 768w, https:\/\/radiorevelacionfm.cl\/wp-content\/uploads\/2022\/11\/img_7802-1_optimized-705x470.jpg 705w, https:\/\/radiorevelacionfm.cl\/wp-content\/uploads\/2022\/11\/img_7802-1_optimized-600x400.jpg 600w\" sizes=\"(max-width: 900px) 100vw, 900px\" \/><\/div><\/div><\/div><\/div><div class=\"flex_column av_one_full  flex_column_div av-zero-column-padding first  avia-builder-el-2  el_after_av_one_full  el_before_av_one_full  column-top-margin\" style='border-radius:0px; '><section class=\"av_textblock_section \"  itemscope=\"itemscope\" itemtype=\"https:\/\/schema.org\/BlogPosting\" itemprop=\"blogPost\" ><div class='avia_textblock  '   itemprop=\"text\" ><h4 style=\"text-align: center;\"><span style=\"font-size: 18pt;\"><strong>Invitan a organizaciones sociales a postular al Fondo de Acceso a la Energ\u00eda<\/strong><\/span><\/h4>\n<div id=\"gtx-trans\" style=\"position: absolute; left: -50px; top: 4.31534px;\">\n<div class=\"gtx-trans-icon\"><\/div>\n<\/div>\n<\/div><\/section><\/div><div class=\"flex_column av_one_full  flex_column_div av-zero-column-padding first  avia-builder-el-4  el_after_av_one_full  el_before_av_hr  column-top-margin\" style='border-radius:0px; '><section class=\"av_textblock_section \"  itemscope=\"itemscope\" itemtype=\"https:\/\/schema.org\/BlogPosting\" itemprop=\"blogPost\" ><div class='avia_textblock  '   itemprop=\"text\" ><p style=\"text-align: justify;\"><span style=\"font-size: 14pt;\">El objetivo es aumentar la cobertura del Programa Tolerancia Cero y realizar controles en otras comunas de la Regi\u00f3n de Ays\u00e9n, junto con seguir generando conciencias en los conductores, con respecto a las consecuencias negativas asociadas a la conducci\u00f3n bajo los efectos de la droga.<\/span><\/p>\n<p style=\"text-align: justify;\"><span style=\"font-size: 14pt;\">Con la participaci\u00f3n de la Intendente Regional de Ays\u00e9n Sra. Geoconda Navarrete, este martes, en dependencias de su direcci\u00f3n regional, SENDA hizo entrega al nuevo Jefe de la XI Zona Ays\u00e9n de Carabineros de Chile, General Hugo Zenteno V\u00e1squez de dos equipos para detectar la presencia de Drogas il\u00edcitas en los conductores que circulen por la Regi\u00f3n de Ays\u00e9n, en el contexto del trabajo permanente del Programa Tolerancia Cero de SENDA que se ejecuta en colaboraci\u00f3n estrat\u00e9gica con Carabineros de Chile y con el prop\u00f3sito claro de fortalecer el trabajo territorial.<\/span><\/p>\n<p><span style=\"font-size: 14pt;\">En la ocasi\u00f3n la Directora Regional de SENDA Annie Katherine Hunter Guti\u00e9rrez manifest\u00f3 \u201cEsta entrega que SENDA hace a Carabineros de Chile, marca un segundo hito, de suma relevancia en el Programa Tolerancia Cero, bajo la direcci\u00f3n de nuestro Director Carlos Charme, quien plante\u00f3 como objetivo, al asumir su cargo, sumar a los hist\u00f3ricos test de alcohol, el control de otras drogas en los conductores. Es as\u00ed como al aparato Narcotest que el a\u00f1o 2019 lleg\u00f3 a la regi\u00f3n bajo administraci\u00f3n de SENDA Ays\u00e9n, hoy se suma dos aparatos que con mucha satisfacci\u00f3n entregamos hoy a Carabineros, con una inversi\u00f3n sectorial de m\u00e1s de $9.000.000\u201d.<\/span><\/p>\n<p><span style=\"font-size: 14pt;\">Por su parte, el Jefe de la XI zona de Carabineros de Ays\u00e9n, General Hugo Zenteno V\u00e1squez se\u00f1al\u00f3: \u201cEsto es una estrategia de una pol\u00edtica de seguridad, donde con estos equipos vamos a hacer nuestro trabajo de mejor forma para poder llevar los medios de prueba al Ministerio P\u00fablico. Todo equipo detector de alguna sustancia il\u00edcita, es esencial para nuestra funci\u00f3n policial. Nuestras estrategias operativas est\u00e1n enfocadas en los puntos m\u00e1s cr\u00edticos y en especial, llega esto, pr\u00f3ximo a las fiestas navide\u00f1as y de fin de a\u00f1o, donde vamos a tener un control m\u00e1s exhaustivo en la ruta para prevenir accidentes y tambi\u00e9n para que las personas est\u00e9n en paz y tranquilidad y no tengamos hechos que lamentar, estamos para brindar un servicio \u00f3ptimo y ese es el enfoque que queremos dar para el a\u00f1o 2021.\u201d<\/span><\/p>\n<p><span style=\"font-size: 14pt;\">A partir de la inversi\u00f3n sectorial de SENDA, Carabineros de Chile de la XI Zona Ays\u00e9n podr\u00e1 someter a cualquier conductor a un examen de saliva, a trav\u00e9s de un kit de prueba desechable, en forma independiente al dispositivo Tolerancia Cero de SENDA, abarcando un territorio mayor, contribuyendo con ello no solo a l control de conductores y fiscalizaci\u00f3n del cumplimiento de la Ley de Tr\u00e1nsito, sino tambi\u00e9n a la labor preventiva que desarrolla SENDA a trav\u00e9s de su programa.<\/span><\/p>\n<p><span style=\"font-size: 14pt;\">Cabe recordar que los Narcotest permiten detectar en terreno la presencia de 5 drogas en el cuerpo de los conductores; coca\u00edna, marihuana, opi\u00e1cidos, metanfetaminas y anfetaminas, hecho que constituye un delito al igual que la conducci\u00f3n en estado de ebriedad.<\/span><\/p>\n<\/div><\/section><\/div><\/p>\n<div  style='height:50px' class='hr hr-invisible   avia-builder-el-6  el_after_av_one_full  el_before_av_social_share '><span class='hr-inner ' ><span class='hr-inner-style'><\/span><\/span><\/div>\n<div  class='av-social-sharing-box  avia-builder-el-7  el_after_av_hr  el_before_av_hr  '><div class='av-share-box'><h5 class='av-share-link-description av-no-toc '>Compartir esta noticia<\/h5><ul class='av-share-box-list noLightbox'><li class='av-share-link av-social-link-facebook' ><a target=\"_blank\" aria-label=\"Compartir en Facebook\" href='https:\/\/www.facebook.com\/sharer.php?u=https:\/\/radiorevelacionfm.cl\/?p=24338&#038;t=Invitan%20a%20organizaciones%20sociales%20a%20postular%20al%20Fondo%20de%20Acceso%20a%20la%20Energ%C3%ADa' aria-hidden='false' data-av_icon='\ue8f3' data-av_iconfont='entypo-fontello' title='' data-avia-related-tooltip='Compartir en Facebook' rel=\"noopener\"><span class='avia_hidden_link_text'>Compartir en Facebook<\/span><\/a><\/li><li class='av-share-link av-social-link-twitter' ><a target=\"_blank\" aria-label=\"Compartir en Twitter\" href='https:\/\/twitter.com\/share?text=Invitan%20a%20organizaciones%20sociales%20a%20postular%20al%20Fondo%20de%20Acceso%20a%20la%20Energ%C3%ADa&#038;url=https:\/\/radiorevelacionfm.cl\/?p=24338' aria-hidden='false' data-av_icon='\ue8f1' data-av_iconfont='entypo-fontello' title='' data-avia-related-tooltip='Compartir en Twitter' rel=\"noopener\"><span class='avia_hidden_link_text'>Compartir en Twitter<\/span><\/a><\/li><li class='av-share-link av-social-link-whatsapp' ><a target=\"_blank\" aria-label=\"Compartir en Whatsapp\" href='https:\/\/api.whatsapp.com\/send?text=https:\/\/radiorevelacionfm.cl\/?p=24338' aria-hidden='false' data-av_icon='\uf232' data-av_iconfont='entypo-fontello' title='' data-avia-related-tooltip='Compartir en Whatsapp' rel=\"noopener\"><span class='avia_hidden_link_text'>Compartir en Whatsapp<\/span><\/a><\/li><li class='av-share-link av-social-link-linkedin' ><a target=\"_blank\" aria-label=\"Compartir en LinkedIn\" href='https:\/\/linkedin.com\/shareArticle?mini=true&#038;title=Invitan%20a%20organizaciones%20sociales%20a%20postular%20al%20Fondo%20de%20Acceso%20a%20la%20Energ%C3%ADa&#038;url=https:\/\/radiorevelacionfm.cl\/?p=24338' aria-hidden='false' data-av_icon='\ue8fc' data-av_iconfont='entypo-fontello' title='' data-avia-related-tooltip='Compartir en LinkedIn' rel=\"noopener\"><span class='avia_hidden_link_text'>Compartir en LinkedIn<\/span><\/a><\/li><li class='av-share-link av-social-link-mail' ><a  aria-label=\"Compartir por correo\" href='mailto:?subject=Invitan%20a%20organizaciones%20sociales%20a%20postular%20al%20Fondo%20de%20Acceso%20a%20la%20Energ%C3%ADa&#038;body=https:\/\/radiorevelacionfm.cl\/?p=24338' aria-hidden='false' data-av_icon='\ue805' data-av_iconfont='entypo-fontello' title='' data-avia-related-tooltip='Compartir por correo'><span class='avia_hidden_link_text'>Compartir por correo<\/span><\/a><\/li><\/ul><\/div><\/div>\n<div  style='height:50px' class='hr hr-invisible   avia-builder-el-8  el_after_av_social_share  el_before_av_comments_list '><span class='hr-inner ' ><span class='hr-inner-style'><\/span><\/span><\/div>\n<div  class='av-buildercomment  av-blog-meta-html-info-disabled av-blog-meta-tag-disabled  '><\/div>\n","protected":false},"excerpt":{"rendered":"","protected":false},"author":1,"featured_media":24339,"comment_status":"open","ping_status":"open","sticky":false,"template":"","format":"standard","meta":{"footnotes":""},"categories":[38],"tags":[],"class_list":["post-24338","post","type-post","status-publish","format-standard","has-post-thumbnail","hentry","category-regional"],"jetpack_featured_media_url":"https:\/\/radiorevelacionfm.cl\/wp-content\/uploads\/2022\/11\/img_7802-1_optimized.jpg","_links":{"self":[{"href":"https:\/\/radiorevelacionfm.cl\/index.php?rest_route=\/wp\/v2\/posts\/24338","targetHints":{"allow":["GET"]}}],"collection":[{"href":"https:\/\/radiorevelacionfm.cl\/index.php?rest_route=\/wp\/v2\/posts"}],"about":[{"href":"https:\/\/radiorevelacionfm.cl\/index.php?rest_route=\/wp\/v2\/types\/post"}],"author":[{"embeddable":true,"href":"https:\/\/radiorevelacionfm.cl\/index.php?rest_route=\/wp\/v2\/users\/1"}],"replies":[{"embeddable":true,"href":"https:\/\/radiorevelacionfm.cl\/index.php?rest_route=%2Fwp%2Fv2%2Fcomments&post=24338"}],"version-history":[{"count":2,"href":"https:\/\/radiorevelacionfm.cl\/index.php?rest_route=\/wp\/v2\/posts\/24338\/revisions"}],"predecessor-version":[{"id":24398,"href":"https:\/\/radiorevelacionfm.cl\/index.php?rest_route=\/wp\/v2\/posts\/24338\/revisions\/24398"}],"wp:featuredmedia":[{"embeddable":true,"href":"https:\/\/radiorevelacionfm.cl\/index.php?rest_route=\/wp\/v2\/media\/24339"}],"wp:attachment":[{"href":"https:\/\/radiorevelacionfm.cl\/index.php?rest_route=%2Fwp%2Fv2%2Fmedia&parent=24338"}],"wp:term":[{"taxonomy":"category","embeddable":true,"href":"https:\/\/radiorevelacionfm.cl\/index.php?rest_route=%2Fwp%2Fv2%2Fcategories&post=24338"},{"taxonomy":"post_tag","embeddable":true,"href":"https:\/\/radiorevelacionfm.cl\/index.php?rest_route=%2Fwp%2Fv2%2Ftags&post=24338"}],"curies":[{"name":"wp","href":"https:\/\/api.w.org\/{rel}","templated":true}]}}