{"id":24335,"date":"2022-11-17T16:55:22","date_gmt":"2022-11-17T19:55:22","guid":{"rendered":"https:\/\/radiorevelacionfm.cl\/?p=24335"},"modified":"2022-11-17T16:55:22","modified_gmt":"2022-11-17T19:55:22","slug":"trazabilidad-de-casos-covid-19-se-realizara-solo-en-grupos-priorizados-y-brotes-en-conglomerados","status":"publish","type":"post","link":"https:\/\/radiorevelacionfm.cl\/?p=24335","title":{"rendered":"Trazabilidad de casos COVID-19 se realizar\u00e1 solo en grupos priorizados y brotes en conglomerados"},"content":{"rendered":"<div class=\"flex_column av_one_full  flex_column_div av-zero-column-padding first  avia-builder-el-0  el_before_av_one_full  avia-builder-el-first  \" style='border-radius:0px; '><div  class='avia-image-container  av-styling-    avia-builder-el-1  avia-builder-el-no-sibling  avia-align-center '  itemprop=\"image\" itemscope=\"itemscope\" itemtype=\"https:\/\/schema.org\/ImageObject\"  ><div class='avia-image-container-inner'><div class='avia-image-overlay-wrap'><img decoding=\"async\" class='wp-image-24336 avia-img-lazy-loading-not-24336 avia_image' src=\"https:\/\/radiorevelacionfm.cl\/wp-content\/uploads\/2022\/11\/trazabilidad-1-1.jpg\" alt='' title='trazabilidad (1) (1)' height=\"600\" width=\"900\"  itemprop=\"thumbnailUrl\" srcset=\"https:\/\/radiorevelacionfm.cl\/wp-content\/uploads\/2022\/11\/trazabilidad-1-1.jpg 900w, https:\/\/radiorevelacionfm.cl\/wp-content\/uploads\/2022\/11\/trazabilidad-1-1-300x200.jpg 300w, https:\/\/radiorevelacionfm.cl\/wp-content\/uploads\/2022\/11\/trazabilidad-1-1-768x512.jpg 768w, https:\/\/radiorevelacionfm.cl\/wp-content\/uploads\/2022\/11\/trazabilidad-1-1-705x470.jpg 705w, https:\/\/radiorevelacionfm.cl\/wp-content\/uploads\/2022\/11\/trazabilidad-1-1-600x400.jpg 600w\" sizes=\"(max-width: 900px) 100vw, 900px\" \/><\/div><\/div><\/div><\/div><div class=\"flex_column av_one_full  flex_column_div av-zero-column-padding first  avia-builder-el-2  el_after_av_one_full  el_before_av_one_full  column-top-margin\" style='border-radius:0px; '><section class=\"av_textblock_section \"  itemscope=\"itemscope\" itemtype=\"https:\/\/schema.org\/BlogPosting\" itemprop=\"blogPost\" ><div class='avia_textblock  '   itemprop=\"text\" ><p style=\"text-align: center;\"><span style=\"font-size: 18pt;\"><strong>Trazabilidad de casos COVID-19 se realizar\u00e1 solo en grupos priorizados y brotes en conglomerados<\/strong><\/span><\/p>\n<div id=\"gtx-trans\" style=\"position: absolute; left: -50px; top: 4.31534px;\">\n<div class=\"gtx-trans-icon\"><\/div>\n<\/div>\n<\/div><\/section><\/div><div class=\"flex_column av_one_full  flex_column_div av-zero-column-padding first  avia-builder-el-4  el_after_av_one_full  el_before_av_hr  column-top-margin\" style='border-radius:0px; '><section class=\"av_textblock_section \"  itemscope=\"itemscope\" itemtype=\"https:\/\/schema.org\/BlogPosting\" itemprop=\"blogPost\" ><div class='avia_textblock  '   itemprop=\"text\" ><p style=\"text-align: justify;\">A contar de este lunes 21 de noviembre, comenzar\u00e1 a regir en la regi\u00f3n de Ays\u00e9n una nueva modalidad en los procesos de trazabilidad epidemiol\u00f3gica por COVID-19, donde la identificaci\u00f3n y notificaci\u00f3n por esta enfermedad ya no ser\u00e1 caso a caso, sino que primar\u00e1 la vigilancia producto de brotes en conglomerados o grupos vulnerables, medida que obedece a una estrategia nacional que busca orientar los recursos que estaban destinados a estas tareas, hacia la atenci\u00f3n y refuerzo de los programas de salud en favor de la comunidad.<\/p>\n<p style=\"text-align: justify;\">As\u00ed lo dio a conocer el Epidemi\u00f3logo de la Seremi de Salud Ays\u00e9n, Marco Acu\u00f1a, quien entreg\u00f3 m\u00e1s detalles respecto a esta modalidad de trazabilidad.\u00a0 \u201cPara nuestra regi\u00f3n, a contar del lunes 21 de noviembre, la trazabilidad se va a realizar solo cuando tengamos brotes epid\u00e9micos de COVID-19 en conglomerados o instituciones priorizadas como: hogares de ancianos, centros de detenci\u00f3n penitenciaria, hogares de menores, centros de salud, unidad de di\u00e1lisis o lugares donde existan grupos vulnerables, como personas discapacitadas o adultos mayores.\u00a0 De esta manera, a contar del pr\u00f3ximo lunes, ya no se va a contactar a cada caso que resulte positivo a ex\u00e1menes de PCR o ant\u00edgeno, lo que va a ocurrir es que desde el centro de salud, en donde se tomaron las muestras, se les contactar\u00e1 para notificarlos y hacer entrega de la licencia m\u00e9dica en que caso de que esta sea requerida por temas laborales\u201d, puntualiz\u00f3.<\/p>\n<p style=\"text-align: justify;\">En este contexto, la Seremi de Salud Ays\u00e9n, Carmen Monsalve, recalc\u00f3 la importancia en el cambio de los procedimientos de trazabilidad, los cuales permitir\u00e1n reforzar el trabajo en los programas de salud. \u201cCon motivo del nuevo escenario de apertura que estamos enfrentando hace un par de meses, y con el sentido importante que le pone nuestro Gobierno de ir retomando de manera progresiva e importante las prestaciones en todos los programas que est\u00e1n incorporados en la atenci\u00f3n primaria, de salud cardiovascular y salud mental, por nombrar algunas, donde todas esas acciones que antes estaban destinadas a la vigilancia del caso por caso, hoy d\u00eda esa fuerza deber\u00eda volcarse para poder retomar esas actividades que necesitamos reforzar en la comunidad\u201d.<\/p>\n<p style=\"text-align: justify;\">De esta forma, la autoridad sanitaria hizo un llamado a la poblaci\u00f3n a mantener las medidas preventivas frente al COVID-19, adem\u00e1s de invitar a las personas para que completen sus esquemas de vacunaci\u00f3n, donde actualmente esta disponible la vacuna bivalente para todas las personas mayores de 60 a\u00f1os, inmunocomprometidos y personal de salud, adem\u00e1s de enfermos cr\u00f3nicos mayores de 12 a\u00f1os, todas estas medidas para que nos sigamos cuidando en este escenario de apertura.<\/p>\n<\/div><\/section><\/div><div  style='height:50px' class='hr hr-invisible   avia-builder-el-6  el_after_av_one_full  el_before_av_social_share '><span class='hr-inner ' ><span class='hr-inner-style'><\/span><\/span><\/div><\/p>\n<div  class='av-social-sharing-box  avia-builder-el-7  el_after_av_hr  el_before_av_hr  '><div class='av-share-box'><h5 class='av-share-link-description av-no-toc '>Compartir esta noticia<\/h5><ul class='av-share-box-list noLightbox'><li class='av-share-link av-social-link-facebook' ><a target=\"_blank\" aria-label=\"Compartir en Facebook\" href='https:\/\/www.facebook.com\/sharer.php?u=https:\/\/radiorevelacionfm.cl\/?p=24335&#038;t=Trazabilidad%20de%20casos%20COVID-19%20se%20realizar%C3%A1%20solo%20en%20grupos%20priorizados%20y%20brotes%20en%20conglomerados' aria-hidden='false' data-av_icon='\ue8f3' data-av_iconfont='entypo-fontello' title='' data-avia-related-tooltip='Compartir en Facebook' rel=\"noopener\"><span class='avia_hidden_link_text'>Compartir en Facebook<\/span><\/a><\/li><li class='av-share-link av-social-link-twitter' ><a target=\"_blank\" aria-label=\"Compartir en Twitter\" href='https:\/\/twitter.com\/share?text=Trazabilidad%20de%20casos%20COVID-19%20se%20realizar%C3%A1%20solo%20en%20grupos%20priorizados%20y%20brotes%20en%20conglomerados&#038;url=https:\/\/radiorevelacionfm.cl\/?p=24335' aria-hidden='false' data-av_icon='\ue8f1' data-av_iconfont='entypo-fontello' title='' data-avia-related-tooltip='Compartir en Twitter' rel=\"noopener\"><span class='avia_hidden_link_text'>Compartir en Twitter<\/span><\/a><\/li><li class='av-share-link av-social-link-whatsapp' ><a target=\"_blank\" aria-label=\"Compartir en Whatsapp\" href='https:\/\/api.whatsapp.com\/send?text=https:\/\/radiorevelacionfm.cl\/?p=24335' aria-hidden='false' data-av_icon='\uf232' data-av_iconfont='entypo-fontello' title='' data-avia-related-tooltip='Compartir en Whatsapp' rel=\"noopener\"><span class='avia_hidden_link_text'>Compartir en Whatsapp<\/span><\/a><\/li><li class='av-share-link av-social-link-linkedin' ><a target=\"_blank\" aria-label=\"Compartir en LinkedIn\" href='https:\/\/linkedin.com\/shareArticle?mini=true&#038;title=Trazabilidad%20de%20casos%20COVID-19%20se%20realizar%C3%A1%20solo%20en%20grupos%20priorizados%20y%20brotes%20en%20conglomerados&#038;url=https:\/\/radiorevelacionfm.cl\/?p=24335' aria-hidden='false' data-av_icon='\ue8fc' data-av_iconfont='entypo-fontello' title='' data-avia-related-tooltip='Compartir en LinkedIn' rel=\"noopener\"><span class='avia_hidden_link_text'>Compartir en LinkedIn<\/span><\/a><\/li><li class='av-share-link av-social-link-mail' ><a  aria-label=\"Compartir por correo\" href='mailto:?subject=Trazabilidad%20de%20casos%20COVID-19%20se%20realizar%C3%A1%20solo%20en%20grupos%20priorizados%20y%20brotes%20en%20conglomerados&#038;body=https:\/\/radiorevelacionfm.cl\/?p=24335' aria-hidden='false' data-av_icon='\ue805' data-av_iconfont='entypo-fontello' title='' data-avia-related-tooltip='Compartir por correo'><span class='avia_hidden_link_text'>Compartir por correo<\/span><\/a><\/li><\/ul><\/div><\/div>\n<div  style='height:50px' class='hr hr-invisible   avia-builder-el-8  el_after_av_social_share  el_before_av_comments_list '><span class='hr-inner ' ><span class='hr-inner-style'><\/span><\/span><\/div>\n<div  class='av-buildercomment  av-blog-meta-html-info-disabled av-blog-meta-tag-disabled  '><\/div>\n","protected":false},"excerpt":{"rendered":"","protected":false},"author":1,"featured_media":24336,"comment_status":"open","ping_status":"open","sticky":false,"template":"","format":"standard","meta":{"footnotes":""},"categories":[38,46],"tags":[],"class_list":["post-24335","post","type-post","status-publish","format-standard","has-post-thumbnail","hentry","category-regional","category-salud"],"jetpack_featured_media_url":"https:\/\/radiorevelacionfm.cl\/wp-content\/uploads\/2022\/11\/trazabilidad-1-1.jpg","_links":{"self":[{"href":"https:\/\/radiorevelacionfm.cl\/index.php?rest_route=\/wp\/v2\/posts\/24335","targetHints":{"allow":["GET"]}}],"collection":[{"href":"https:\/\/radiorevelacionfm.cl\/index.php?rest_route=\/wp\/v2\/posts"}],"about":[{"href":"https:\/\/radiorevelacionfm.cl\/index.php?rest_route=\/wp\/v2\/types\/post"}],"author":[{"embeddable":true,"href":"https:\/\/radiorevelacionfm.cl\/index.php?rest_route=\/wp\/v2\/users\/1"}],"replies":[{"embeddable":true,"href":"https:\/\/radiorevelacionfm.cl\/index.php?rest_route=%2Fwp%2Fv2%2Fcomments&post=24335"}],"version-history":[{"count":2,"href":"https:\/\/radiorevelacionfm.cl\/index.php?rest_route=\/wp\/v2\/posts\/24335\/revisions"}],"predecessor-version":[{"id":24350,"href":"https:\/\/radiorevelacionfm.cl\/index.php?rest_route=\/wp\/v2\/posts\/24335\/revisions\/24350"}],"wp:featuredmedia":[{"embeddable":true,"href":"https:\/\/radiorevelacionfm.cl\/index.php?rest_route=\/wp\/v2\/media\/24336"}],"wp:attachment":[{"href":"https:\/\/radiorevelacionfm.cl\/index.php?rest_route=%2Fwp%2Fv2%2Fmedia&parent=24335"}],"wp:term":[{"taxonomy":"category","embeddable":true,"href":"https:\/\/radiorevelacionfm.cl\/index.php?rest_route=%2Fwp%2Fv2%2Fcategories&post=24335"},{"taxonomy":"post_tag","embeddable":true,"href":"https:\/\/radiorevelacionfm.cl\/index.php?rest_route=%2Fwp%2Fv2%2Ftags&post=24335"}],"curies":[{"name":"wp","href":"https:\/\/api.w.org\/{rel}","templated":true}]}}