{"id":24332,"date":"2022-11-17T15:20:02","date_gmt":"2022-11-17T18:20:02","guid":{"rendered":"https:\/\/radiorevelacionfm.cl\/?p=24332"},"modified":"2022-11-17T15:20:02","modified_gmt":"2022-11-17T18:20:02","slug":"cft-estatal-de-la-region-de-aysen-celebra-su-primer-aniversario","status":"publish","type":"post","link":"https:\/\/radiorevelacionfm.cl\/?p=24332","title":{"rendered":"CFT Estatal de la regi\u00f3n de Ays\u00e9n celebra su primer aniversario"},"content":{"rendered":"<div class=\"flex_column av_one_full  flex_column_div av-zero-column-padding first  avia-builder-el-0  el_before_av_one_full  avia-builder-el-first  \" style='border-radius:0px; '><div  class='avia-image-container  av-styling-    avia-builder-el-1  avia-builder-el-no-sibling  avia-align-center '  itemprop=\"image\" itemscope=\"itemscope\" itemtype=\"https:\/\/schema.org\/ImageObject\"  ><div class='avia-image-container-inner'><div class='avia-image-overlay-wrap'><img decoding=\"async\" class='wp-image-24333 avia-img-lazy-loading-not-24333 avia_image' src=\"https:\/\/radiorevelacionfm.cl\/wp-content\/uploads\/2022\/11\/DJI_0928-1-1.jpg\" alt='' title='DJI_0928 (1) (1)' height=\"600\" width=\"1068\"  itemprop=\"thumbnailUrl\" srcset=\"https:\/\/radiorevelacionfm.cl\/wp-content\/uploads\/2022\/11\/DJI_0928-1-1.jpg 1068w, https:\/\/radiorevelacionfm.cl\/wp-content\/uploads\/2022\/11\/DJI_0928-1-1-300x169.jpg 300w, https:\/\/radiorevelacionfm.cl\/wp-content\/uploads\/2022\/11\/DJI_0928-1-1-1030x579.jpg 1030w, https:\/\/radiorevelacionfm.cl\/wp-content\/uploads\/2022\/11\/DJI_0928-1-1-768x431.jpg 768w, https:\/\/radiorevelacionfm.cl\/wp-content\/uploads\/2022\/11\/DJI_0928-1-1-705x396.jpg 705w, https:\/\/radiorevelacionfm.cl\/wp-content\/uploads\/2022\/11\/DJI_0928-1-1-600x337.jpg 600w\" sizes=\"(max-width: 1068px) 100vw, 1068px\" \/><\/div><\/div><\/div><\/div><div class=\"flex_column av_one_full  flex_column_div av-zero-column-padding first  avia-builder-el-2  el_after_av_one_full  el_before_av_one_full  column-top-margin\" style='border-radius:0px; '><section class=\"av_textblock_section \"  itemscope=\"itemscope\" itemtype=\"https:\/\/schema.org\/BlogPosting\" itemprop=\"blogPost\" ><div class='avia_textblock  '   itemprop=\"text\" ><p style=\"text-align: center;\"><span style=\"font-size: 18pt;\"><strong>CFT Estatal de la regi\u00f3n de Ays\u00e9n celebra su primer aniversario<\/strong><\/span><\/p>\n<div id=\"gtx-trans\" style=\"position: absolute; left: -50px; top: 4.31534px;\">\n<div class=\"gtx-trans-icon\"><\/div>\n<\/div>\n<\/div><\/section><\/div><div class=\"flex_column av_one_full  flex_column_div av-zero-column-padding first  avia-builder-el-4  el_after_av_one_full  el_before_av_hr  column-top-margin\" style='border-radius:0px; '><section class=\"av_textblock_section \"  itemscope=\"itemscope\" itemtype=\"https:\/\/schema.org\/BlogPosting\" itemprop=\"blogPost\" ><div class='avia_textblock  '   itemprop=\"text\" ><p style=\"text-align: justify;\">Durante dos jornadas los y las estudiantes del Centro de Formaci\u00f3n T\u00e9cnica Estatal de la Regi\u00f3n de Ays\u00e9n celebraron este momento hist\u00f3rico para la instituci\u00f3n de educaci\u00f3n superior ubicada en la ciudad de Puerto Ays\u00e9n. Primero, fue el d\u00eda viernes 11 de noviembre instancia en la cual las tres alianzas que conformaron la celebraci\u00f3n tuvieron un acto de camarader\u00eda en donde recibieron los saludos del Director Acad\u00e9mico, sr. Christopher Contreras y del Jefe de las carreras, sr. Lorenzo Ale, actividad que sirvi\u00f3 para preparar lo que iba a ocurrir al d\u00eda siguiente en el Gimnasio IND.<\/p>\n<p style=\"text-align: justify;\">Es as\u00ed que al d\u00eda siguiente las alianzas de manera muy entusiasta participaron de cada una de las competencias, tanto en deportes, cultura y de entretenci\u00f3n, en donde al final de la jornada la alianza ganadora fue la perteneciente a la carrera de T\u00e9cnico de Nivel Superior en Administraci\u00f3n P\u00fablica (secci\u00f3n 2), ocasi\u00f3n en que una de las integrantes de este grupo ganador, la estudiante M\u00f3nica Navarrete primero agradec\u00eda a la instituci\u00f3n el hecho de contar con la posibilidad de poder estudiar en Puerto Ays\u00e9n \u201cprimero que nada agradecer porque nos dieron a nosotros la oportunidad de poder estudiar ac\u00e1 en la comuna con clases presenciales, porque esa oportunidad no la ten\u00edamos. Segundo felices que se nos den este tipo de actividades para nosotros que aunque seamos adultos tambi\u00e9n nos estresamos y esto es bueno para nosotros porque as\u00ed podemos tener una mejor opci\u00f3n laboral y eso se agradece\u201d.<\/p>\n<p style=\"text-align: justify;\">Acto seguido mostraba su felicidad por haber ganado junto a sus compa\u00f1eros\/as este primer aniversario institucional \u201cfelices de haber ganado el primer lugar, fue un sacrificio de todo el curso, agradecida de nuestros compa\u00f1eros por el esfuerzo\u201d.<\/p>\n<p style=\"text-align: justify;\">En tanto el Director Acad\u00e9mico del CFT Estatal de la Regi\u00f3n de Ays\u00e9n, sr. Christopher Contreras entregaba un balance bastante positivo de las actividades realizadas \u201cestamos muy contentos con la actividad desarrollada con nuestros estudiantes, principalmente con toda la comunidad del CFT, en la cual realizamos una serie de actividades muy entretenidas, donde hubo competencias amenas, algunas actividades art\u00edsticas, considerar que pudimos identificar las potencialidades de nuestros y nuestras estudiantes, en donde destacaron por ejemplo algunas piezas de cueca, algunos bailes bien t\u00edpicos de distintas culturas, deportes etc. Este es un primer hito, un primer aniversario que \u00a0va a quedar en el recuerdo como una instancia hist\u00f3rica de este proyecto, asique agradecer en nombre del Rector la participaci\u00f3n de toda nuestra comunidad educativa\u201d.<\/p>\n<\/div><\/section><\/div><div  style='height:50px' class='hr hr-invisible   avia-builder-el-6  el_after_av_one_full  el_before_av_social_share '><span class='hr-inner ' ><span class='hr-inner-style'><\/span><\/span><\/div><\/p>\n<div  class='av-social-sharing-box  avia-builder-el-7  el_after_av_hr  el_before_av_hr  '><div class='av-share-box'><h5 class='av-share-link-description av-no-toc '>Compartir esta noticia<\/h5><ul class='av-share-box-list noLightbox'><li class='av-share-link av-social-link-facebook' ><a target=\"_blank\" aria-label=\"Compartir en Facebook\" href='https:\/\/www.facebook.com\/sharer.php?u=https:\/\/radiorevelacionfm.cl\/?p=24332&#038;t=CFT%20Estatal%20de%20la%20regi%C3%B3n%20de%20Ays%C3%A9n%20celebra%20su%20primer%20aniversario' aria-hidden='false' data-av_icon='\ue8f3' data-av_iconfont='entypo-fontello' title='' data-avia-related-tooltip='Compartir en Facebook' rel=\"noopener\"><span class='avia_hidden_link_text'>Compartir en Facebook<\/span><\/a><\/li><li class='av-share-link av-social-link-twitter' ><a target=\"_blank\" aria-label=\"Compartir en Twitter\" href='https:\/\/twitter.com\/share?text=CFT%20Estatal%20de%20la%20regi%C3%B3n%20de%20Ays%C3%A9n%20celebra%20su%20primer%20aniversario&#038;url=https:\/\/radiorevelacionfm.cl\/?p=24332' aria-hidden='false' data-av_icon='\ue8f1' data-av_iconfont='entypo-fontello' title='' data-avia-related-tooltip='Compartir en Twitter' rel=\"noopener\"><span class='avia_hidden_link_text'>Compartir en Twitter<\/span><\/a><\/li><li class='av-share-link av-social-link-whatsapp' ><a target=\"_blank\" aria-label=\"Compartir en Whatsapp\" href='https:\/\/api.whatsapp.com\/send?text=https:\/\/radiorevelacionfm.cl\/?p=24332' aria-hidden='false' data-av_icon='\uf232' data-av_iconfont='entypo-fontello' title='' data-avia-related-tooltip='Compartir en Whatsapp' rel=\"noopener\"><span class='avia_hidden_link_text'>Compartir en Whatsapp<\/span><\/a><\/li><li class='av-share-link av-social-link-linkedin' ><a target=\"_blank\" aria-label=\"Compartir en LinkedIn\" href='https:\/\/linkedin.com\/shareArticle?mini=true&#038;title=CFT%20Estatal%20de%20la%20regi%C3%B3n%20de%20Ays%C3%A9n%20celebra%20su%20primer%20aniversario&#038;url=https:\/\/radiorevelacionfm.cl\/?p=24332' aria-hidden='false' data-av_icon='\ue8fc' data-av_iconfont='entypo-fontello' title='' data-avia-related-tooltip='Compartir en LinkedIn' rel=\"noopener\"><span class='avia_hidden_link_text'>Compartir en LinkedIn<\/span><\/a><\/li><li class='av-share-link av-social-link-mail' ><a  aria-label=\"Compartir por correo\" href='mailto:?subject=CFT%20Estatal%20de%20la%20regi%C3%B3n%20de%20Ays%C3%A9n%20celebra%20su%20primer%20aniversario&#038;body=https:\/\/radiorevelacionfm.cl\/?p=24332' aria-hidden='false' data-av_icon='\ue805' data-av_iconfont='entypo-fontello' title='' data-avia-related-tooltip='Compartir por correo'><span class='avia_hidden_link_text'>Compartir por correo<\/span><\/a><\/li><\/ul><\/div><\/div>\n<div  style='height:50px' class='hr hr-invisible   avia-builder-el-8  el_after_av_social_share  el_before_av_comments_list '><span class='hr-inner ' ><span class='hr-inner-style'><\/span><\/span><\/div>\n<div  class='av-buildercomment  av-blog-meta-html-info-disabled av-blog-meta-tag-disabled  '><\/div>\n","protected":false},"excerpt":{"rendered":"","protected":false},"author":1,"featured_media":24333,"comment_status":"open","ping_status":"open","sticky":false,"template":"","format":"standard","meta":{"footnotes":""},"categories":[1],"tags":[],"class_list":["post-24332","post","type-post","status-publish","format-standard","has-post-thumbnail","hentry","category-sin-categoria"],"jetpack_featured_media_url":"https:\/\/radiorevelacionfm.cl\/wp-content\/uploads\/2022\/11\/DJI_0928-1-1.jpg","_links":{"self":[{"href":"https:\/\/radiorevelacionfm.cl\/index.php?rest_route=\/wp\/v2\/posts\/24332","targetHints":{"allow":["GET"]}}],"collection":[{"href":"https:\/\/radiorevelacionfm.cl\/index.php?rest_route=\/wp\/v2\/posts"}],"about":[{"href":"https:\/\/radiorevelacionfm.cl\/index.php?rest_route=\/wp\/v2\/types\/post"}],"author":[{"embeddable":true,"href":"https:\/\/radiorevelacionfm.cl\/index.php?rest_route=\/wp\/v2\/users\/1"}],"replies":[{"embeddable":true,"href":"https:\/\/radiorevelacionfm.cl\/index.php?rest_route=%2Fwp%2Fv2%2Fcomments&post=24332"}],"version-history":[{"count":2,"href":"https:\/\/radiorevelacionfm.cl\/index.php?rest_route=\/wp\/v2\/posts\/24332\/revisions"}],"predecessor-version":[{"id":24341,"href":"https:\/\/radiorevelacionfm.cl\/index.php?rest_route=\/wp\/v2\/posts\/24332\/revisions\/24341"}],"wp:featuredmedia":[{"embeddable":true,"href":"https:\/\/radiorevelacionfm.cl\/index.php?rest_route=\/wp\/v2\/media\/24333"}],"wp:attachment":[{"href":"https:\/\/radiorevelacionfm.cl\/index.php?rest_route=%2Fwp%2Fv2%2Fmedia&parent=24332"}],"wp:term":[{"taxonomy":"category","embeddable":true,"href":"https:\/\/radiorevelacionfm.cl\/index.php?rest_route=%2Fwp%2Fv2%2Fcategories&post=24332"},{"taxonomy":"post_tag","embeddable":true,"href":"https:\/\/radiorevelacionfm.cl\/index.php?rest_route=%2Fwp%2Fv2%2Ftags&post=24332"}],"curies":[{"name":"wp","href":"https:\/\/api.w.org\/{rel}","templated":true}]}}