{"id":24328,"date":"2022-11-17T14:31:36","date_gmt":"2022-11-17T17:31:36","guid":{"rendered":"https:\/\/radiorevelacionfm.cl\/?p=24328"},"modified":"2022-11-17T14:31:36","modified_gmt":"2022-11-17T17:31:36","slug":"top-de-coyhaique-condena-a-3-anos-y-un-dia-de-presidio-efectivo-a-autor-de-soborno-a-carabinero","status":"publish","type":"post","link":"https:\/\/radiorevelacionfm.cl\/?p=24328","title":{"rendered":"TOP de Coyhaique condena a 3 a\u00f1os y un dia de presidio efectivo a autor de soborno a Carabinero"},"content":{"rendered":"<div class=\"flex_column av_one_full  flex_column_div av-zero-column-padding first  avia-builder-el-0  el_before_av_one_full  avia-builder-el-first  \" style='border-radius:0px; '><div  class='avia-image-container  av-styling-    avia-builder-el-1  avia-builder-el-no-sibling  avia-align-center '  itemprop=\"image\" itemscope=\"itemscope\" itemtype=\"https:\/\/schema.org\/ImageObject\"  ><div class='avia-image-container-inner'><div class='avia-image-overlay-wrap'><img decoding=\"async\" class='wp-image-24329 avia-img-lazy-loading-not-24329 avia_image' src=\"https:\/\/radiorevelacionfm.cl\/wp-content\/uploads\/2022\/11\/top-2-1-1.jpeg\" alt='' title='top 2 (1) (1)' height=\"600\" width=\"1297\"  itemprop=\"thumbnailUrl\" srcset=\"https:\/\/radiorevelacionfm.cl\/wp-content\/uploads\/2022\/11\/top-2-1-1.jpeg 1297w, https:\/\/radiorevelacionfm.cl\/wp-content\/uploads\/2022\/11\/top-2-1-1-300x139.jpeg 300w, https:\/\/radiorevelacionfm.cl\/wp-content\/uploads\/2022\/11\/top-2-1-1-1030x476.jpeg 1030w, https:\/\/radiorevelacionfm.cl\/wp-content\/uploads\/2022\/11\/top-2-1-1-768x355.jpeg 768w, https:\/\/radiorevelacionfm.cl\/wp-content\/uploads\/2022\/11\/top-2-1-1-705x326.jpeg 705w, https:\/\/radiorevelacionfm.cl\/wp-content\/uploads\/2022\/11\/top-2-1-1-600x278.jpeg 600w\" sizes=\"(max-width: 1297px) 100vw, 1297px\" \/><\/div><\/div><\/div><\/div><div class=\"flex_column av_one_full  flex_column_div av-zero-column-padding first  avia-builder-el-2  el_after_av_one_full  el_before_av_one_full  column-top-margin\" style='border-radius:0px; '><section class=\"av_textblock_section \"  itemscope=\"itemscope\" itemtype=\"https:\/\/schema.org\/BlogPosting\" itemprop=\"blogPost\" ><div class='avia_textblock  '   itemprop=\"text\" ><p style=\"text-align: center;\"><span style=\"font-size: 18pt;\"><b>TOP de Coyhaique condena a 3 a\u00f1os y un dia de presidio efectivo a autor de soborno a Carabinero<\/b><\/span><\/p>\n<div id=\"gtx-trans\" style=\"position: absolute; left: -50px; top: 4.31534px;\">\n<div class=\"gtx-trans-icon\"><\/div>\n<\/div>\n<\/div><\/section><\/div><div class=\"flex_column av_one_full  flex_column_div av-zero-column-padding first  avia-builder-el-4  el_after_av_one_full  el_before_av_hr  column-top-margin\" style='border-radius:0px; '><section class=\"av_textblock_section \"  itemscope=\"itemscope\" itemtype=\"https:\/\/schema.org\/BlogPosting\" itemprop=\"blogPost\" ><div class='avia_textblock  '   itemprop=\"text\" ><p style=\"text-align: justify;\">El Tribunal de Juicio Oral en lo Penal de Coyhaique conden\u00f3 a Israel Ignacio Alonso Hern\u00e1ndez a la pena de cumplimiento efectivo de 3 a\u00f1os y un d\u00eda de presidio, en calidad de autor del delito consumado de cohecho activo (soborno) a funcionario p\u00fablico. Il\u00edcito perpetrado en enero pasado, en la ciudad.<\/p>\n<p style=\"text-align: justify;\">En fallo un\u00e1nime (causa rol 61-2022), el tribunal \u2013integrado por los magistrados Patricio Z\u00fa\u00f1iga Valenzuela (presidente), \u00c1lex Espinoza Salinas y M\u00f3nica Coloma Pulgar\u00a0(redactora)\u2013 aplic\u00f3, adem\u00e1s, a Alonso Hern\u00e1ndez las accesorias legales de inhabilitaci\u00f3n absoluta perpetua para derechos pol\u00edticos y 7 a\u00f1os de inhabilitaci\u00f3n absoluta para cargos u oficios p\u00fablicos; m\u00e1s el pago de multa de $426.000 (cuatrocientos veintis\u00e9is mil pesos), correspondiente al doble de la suma ofrecida y de las costas del proceso.<\/p>\n<p style=\"text-align: justify;\">Asimismo, el tribunal decret\u00f3 el comiso de la suma de dinero incautada, correspondiente a la cantidad de $213.000 (doscientos trece mil pesos).<\/p>\n<p style=\"text-align: justify;\">El tribunal dio por\u00a0establecido, m\u00e1s all\u00e1 de toda duda razonable, que aproximadamente a las 12:35 horas del 7 de enero de 2022, \u201c(\u2026) el veh\u00edculo en que se trasladaba el acusado Israel Ignacio Alonso Hern\u00e1ndez, en compa\u00f1\u00eda de otros tres ocupantes por calle Las Violetas con Los Copihues de esta ciudad, fue fiscalizado por funcionarios de Carabineros, y al momento de efectuarse el registro del veh\u00edculo por parte de los funcionarios policiales, el acusado Alonso Hern\u00e1ndez, ingresa al veh\u00edculo por la puerta trasera del costado derecho y ofrece al funcionario policial que efectuaba el registro C\u00e9sar Castillo Olea, la suma de 213 mil pesos en dinero efectivo, se\u00f1al\u00e1ndole expresiones como \u2018tome jefe, dejemos la hue\u00e1 hasta aqu\u00ed no m\u00e1s\u2019, con el objeto de que abandonaran la fiscalizaci\u00f3n, omitiendo un acto propio de su cargo\u201d.<\/p>\n<\/div><\/section><\/div><div  style='height:50px' class='hr hr-invisible   avia-builder-el-6  el_after_av_one_full  el_before_av_social_share '><span class='hr-inner ' ><span class='hr-inner-style'><\/span><\/span><\/div><\/p>\n<div  class='av-social-sharing-box  avia-builder-el-7  el_after_av_hr  el_before_av_hr  '><div class='av-share-box'><h5 class='av-share-link-description av-no-toc '>Compartir esta noticia<\/h5><ul class='av-share-box-list noLightbox'><li class='av-share-link av-social-link-facebook' ><a target=\"_blank\" aria-label=\"Compartir en Facebook\" href='https:\/\/www.facebook.com\/sharer.php?u=https:\/\/radiorevelacionfm.cl\/?p=24328&#038;t=TOP%20de%20Coyhaique%20condena%20a%203%20a%C3%B1os%20y%20un%20dia%20de%20presidio%20efectivo%20a%20autor%20de%20soborno%20a%20Carabinero' aria-hidden='false' data-av_icon='\ue8f3' data-av_iconfont='entypo-fontello' title='' data-avia-related-tooltip='Compartir en Facebook' rel=\"noopener\"><span class='avia_hidden_link_text'>Compartir en Facebook<\/span><\/a><\/li><li class='av-share-link av-social-link-twitter' ><a target=\"_blank\" aria-label=\"Compartir en Twitter\" href='https:\/\/twitter.com\/share?text=TOP%20de%20Coyhaique%20condena%20a%203%20a%C3%B1os%20y%20un%20dia%20de%20presidio%20efectivo%20a%20autor%20de%20soborno%20a%20Carabinero&#038;url=https:\/\/radiorevelacionfm.cl\/?p=24328' aria-hidden='false' data-av_icon='\ue8f1' data-av_iconfont='entypo-fontello' title='' data-avia-related-tooltip='Compartir en Twitter' rel=\"noopener\"><span class='avia_hidden_link_text'>Compartir en Twitter<\/span><\/a><\/li><li class='av-share-link av-social-link-whatsapp' ><a target=\"_blank\" aria-label=\"Compartir en Whatsapp\" href='https:\/\/api.whatsapp.com\/send?text=https:\/\/radiorevelacionfm.cl\/?p=24328' aria-hidden='false' data-av_icon='\uf232' data-av_iconfont='entypo-fontello' title='' data-avia-related-tooltip='Compartir en Whatsapp' rel=\"noopener\"><span class='avia_hidden_link_text'>Compartir en Whatsapp<\/span><\/a><\/li><li class='av-share-link av-social-link-linkedin' ><a target=\"_blank\" aria-label=\"Compartir en LinkedIn\" href='https:\/\/linkedin.com\/shareArticle?mini=true&#038;title=TOP%20de%20Coyhaique%20condena%20a%203%20a%C3%B1os%20y%20un%20dia%20de%20presidio%20efectivo%20a%20autor%20de%20soborno%20a%20Carabinero&#038;url=https:\/\/radiorevelacionfm.cl\/?p=24328' aria-hidden='false' data-av_icon='\ue8fc' data-av_iconfont='entypo-fontello' title='' data-avia-related-tooltip='Compartir en LinkedIn' rel=\"noopener\"><span class='avia_hidden_link_text'>Compartir en LinkedIn<\/span><\/a><\/li><li class='av-share-link av-social-link-mail' ><a  aria-label=\"Compartir por correo\" href='mailto:?subject=TOP%20de%20Coyhaique%20condena%20a%203%20a%C3%B1os%20y%20un%20dia%20de%20presidio%20efectivo%20a%20autor%20de%20soborno%20a%20Carabinero&#038;body=https:\/\/radiorevelacionfm.cl\/?p=24328' aria-hidden='false' data-av_icon='\ue805' data-av_iconfont='entypo-fontello' title='' data-avia-related-tooltip='Compartir por correo'><span class='avia_hidden_link_text'>Compartir por correo<\/span><\/a><\/li><\/ul><\/div><\/div>\n<div  style='height:50px' class='hr hr-invisible   avia-builder-el-8  el_after_av_social_share  el_before_av_comments_list '><span class='hr-inner ' ><span class='hr-inner-style'><\/span><\/span><\/div>\n<div  class='av-buildercomment  av-blog-meta-html-info-disabled av-blog-meta-tag-disabled  '><\/div>\n","protected":false},"excerpt":{"rendered":"","protected":false},"author":1,"featured_media":24329,"comment_status":"open","ping_status":"open","sticky":false,"template":"","format":"standard","meta":{"footnotes":""},"categories":[55,38],"tags":[],"class_list":["post-24328","post","type-post","status-publish","format-standard","has-post-thumbnail","hentry","category-justicia","category-regional"],"jetpack_featured_media_url":"https:\/\/radiorevelacionfm.cl\/wp-content\/uploads\/2022\/11\/top-2-1-1.jpeg","_links":{"self":[{"href":"https:\/\/radiorevelacionfm.cl\/index.php?rest_route=\/wp\/v2\/posts\/24328","targetHints":{"allow":["GET"]}}],"collection":[{"href":"https:\/\/radiorevelacionfm.cl\/index.php?rest_route=\/wp\/v2\/posts"}],"about":[{"href":"https:\/\/radiorevelacionfm.cl\/index.php?rest_route=\/wp\/v2\/types\/post"}],"author":[{"embeddable":true,"href":"https:\/\/radiorevelacionfm.cl\/index.php?rest_route=\/wp\/v2\/users\/1"}],"replies":[{"embeddable":true,"href":"https:\/\/radiorevelacionfm.cl\/index.php?rest_route=%2Fwp%2Fv2%2Fcomments&post=24328"}],"version-history":[{"count":2,"href":"https:\/\/radiorevelacionfm.cl\/index.php?rest_route=\/wp\/v2\/posts\/24328\/revisions"}],"predecessor-version":[{"id":24331,"href":"https:\/\/radiorevelacionfm.cl\/index.php?rest_route=\/wp\/v2\/posts\/24328\/revisions\/24331"}],"wp:featuredmedia":[{"embeddable":true,"href":"https:\/\/radiorevelacionfm.cl\/index.php?rest_route=\/wp\/v2\/media\/24329"}],"wp:attachment":[{"href":"https:\/\/radiorevelacionfm.cl\/index.php?rest_route=%2Fwp%2Fv2%2Fmedia&parent=24328"}],"wp:term":[{"taxonomy":"category","embeddable":true,"href":"https:\/\/radiorevelacionfm.cl\/index.php?rest_route=%2Fwp%2Fv2%2Fcategories&post=24328"},{"taxonomy":"post_tag","embeddable":true,"href":"https:\/\/radiorevelacionfm.cl\/index.php?rest_route=%2Fwp%2Fv2%2Ftags&post=24328"}],"curies":[{"name":"wp","href":"https:\/\/api.w.org\/{rel}","templated":true}]}}