{"id":24321,"date":"2022-11-17T13:06:04","date_gmt":"2022-11-17T16:06:04","guid":{"rendered":"https:\/\/radiorevelacionfm.cl\/?p=24321"},"modified":"2022-11-18T00:56:04","modified_gmt":"2022-11-18T03:56:04","slug":"nina-de-9-anos-murio-en-accidente-en-pto-aysen-padre-sera-formalizado-por-conducir-en-estado-de-ebriedad","status":"publish","type":"post","link":"https:\/\/radiorevelacionfm.cl\/?p=24321","title":{"rendered":"Ni\u00f1a de 8 a\u00f1os falleci\u00f3 en accidente en Puerto Ays\u00e9n, padre ser\u00e1 formalizado por conducir en estado de ebriedad"},"content":{"rendered":"<div class=\"flex_column av_one_full  flex_column_div av-zero-column-padding first  avia-builder-el-0  el_before_av_one_full  avia-builder-el-first  \" style='border-radius:0px; '><div  class='avia-image-container  av-styling-    avia-builder-el-1  avia-builder-el-no-sibling  avia-align-center '  itemprop=\"image\" itemscope=\"itemscope\" itemtype=\"https:\/\/schema.org\/ImageObject\"  ><div class='avia-image-container-inner'><div class='avia-image-overlay-wrap'><img decoding=\"async\" class='wp-image-24325 avia-img-lazy-loading-not-24325 avia_image' src=\"https:\/\/radiorevelacionfm.cl\/wp-content\/uploads\/2022\/11\/8a791071-ba48-48dc-b8ae-fd898abb06e8-1-1-1.jpg\" alt='' title='8a791071-ba48-48dc-b8ae-fd898abb06e8 (1) (1) (1)' height=\"600\" width=\"886\"  itemprop=\"thumbnailUrl\" srcset=\"https:\/\/radiorevelacionfm.cl\/wp-content\/uploads\/2022\/11\/8a791071-ba48-48dc-b8ae-fd898abb06e8-1-1-1.jpg 886w, https:\/\/radiorevelacionfm.cl\/wp-content\/uploads\/2022\/11\/8a791071-ba48-48dc-b8ae-fd898abb06e8-1-1-1-300x203.jpg 300w, https:\/\/radiorevelacionfm.cl\/wp-content\/uploads\/2022\/11\/8a791071-ba48-48dc-b8ae-fd898abb06e8-1-1-1-768x520.jpg 768w, https:\/\/radiorevelacionfm.cl\/wp-content\/uploads\/2022\/11\/8a791071-ba48-48dc-b8ae-fd898abb06e8-1-1-1-705x477.jpg 705w, https:\/\/radiorevelacionfm.cl\/wp-content\/uploads\/2022\/11\/8a791071-ba48-48dc-b8ae-fd898abb06e8-1-1-1-600x406.jpg 600w\" sizes=\"(max-width: 886px) 100vw, 886px\" \/><\/div><\/div><\/div><\/div>\n<div class=\"flex_column av_one_full  flex_column_div av-zero-column-padding first  avia-builder-el-2  el_after_av_one_full  el_before_av_one_full  column-top-margin\" style='border-radius:0px; '><section class=\"av_textblock_section \"  itemscope=\"itemscope\" itemtype=\"https:\/\/schema.org\/BlogPosting\" itemprop=\"blogPost\" ><div class='avia_textblock  '   itemprop=\"text\" ><p style=\"text-align: center;\"><strong><span style=\"font-size: 18pt;\">Ni\u00f1a de 8 a\u00f1os falleci\u00f3 en accidente en Puerto Ays\u00e9n, padre ser\u00e1 formalizado por conducir en estado de ebriedad<\/span><\/strong><\/p>\n<div id=\"gtx-trans\" style=\"position: absolute; left: -50px; top: 4.31534px;\">\n<div class=\"gtx-trans-icon\"><\/div>\n<\/div>\n<\/div><\/section><\/div><div class=\"flex_column av_one_full  flex_column_div av-zero-column-padding first  avia-builder-el-4  el_after_av_one_full  el_before_av_hr  column-top-margin\" style='border-radius:0px; '><section class=\"av_textblock_section \"  itemscope=\"itemscope\" itemtype=\"https:\/\/schema.org\/BlogPosting\" itemprop=\"blogPost\" ><div class='avia_textblock  '   itemprop=\"text\" ><p style=\"text-align: justify;\">Un accidente de tr\u00e1nsito ocurri\u00f3 en la madrugada de este jueves 17 de noviembre en Puerto Ays\u00e9n dejando una menor de 8 a\u00f1os fallecida y una mujer con lesiones graves, el conductor del veh\u00edculo manejaba bajo la influencia del alcohol.<\/p>\n<p style=\"text-align: justify;\">A eso de las 00:20 de esta madrugada en calle Teniente Merino y Caupolic\u00e1n de Puerto Ays\u00e9n, el veh\u00edculo perdi\u00f3 el control impactando contra una barrera de contenci\u00f3n, en cercan\u00edas del Colegio Kalem.<\/p>\n<p style=\"text-align: justify;\">Al lugar concurrieron Bomberos, Carabineros y Samu, de acuerdo a informaci\u00f3n de Bomberos, al llegar al lugar comprobaron que los tres ocupantes del veh\u00edculo estaban con lesiones graves.<\/p>\n<p style=\"text-align: justify;\">Luego de prestar ayuda al chofer y a la menor de edad, bomberos se abocaron a rescatar a la pareja del conductor, quien estaba atrapada al interior del veh\u00edculo.<\/p>\n<div class=\"row m-0 p-0 mb-2 hide-print-box\" style=\"text-align: justify;\">\n<div class=\"col p-0 banner-ads-cod\">\n<div id=\"Inread\" class=\"col-12 text-center\">Pese a los esfuerzos del personal de salud, posteriormente se inform\u00f3 del fallecimiento de la menor de edad mientras era atendida en el centro asistencial.<\/div>\n<\/div>\n<\/div>\n<p style=\"text-align: justify;\">El fiscal de Puerto Ays\u00e9n, Pedro Poblete se\u00f1al\u00f3 que se realiz\u00f3 la alcoholemia al conductor y que \u00e9ste arroj\u00f3 1,8 gramos por litro de alcohol en la sangre, por lo que qued\u00f3 detenido y pasar\u00e1 a control de detenci\u00f3n durante este jueves ante el Tribunal de Garant\u00eda de Puerto Ays\u00e9n.<\/p>\n<p style=\"text-align: justify;\">En tanto, la investigaci\u00f3n quedar\u00e1 a cargo de la SIP de Carabineros quienes realizar\u00e1n las indagatorias para ubicar otros elementos que pudieran vincularse con el accidente.<\/p>\n<p style=\"text-align: justify;\">El Servicio M\u00e9dico Legal trabajar\u00e1 en la autopsia de la menor fallecida, antecedente que ser\u00e1 necesario para efectos de formalizar al imputado por el delito de manejo en estado de ebriedad con resultado de muerte y lesiones graves.<\/p>\n<\/div><\/section><\/div><div  style='height:50px' class='hr hr-invisible   avia-builder-el-6  el_after_av_one_full  el_before_av_social_share '><span class='hr-inner ' ><span class='hr-inner-style'><\/span><\/span><\/div><\/p>\n<div  class='av-social-sharing-box  avia-builder-el-7  el_after_av_hr  el_before_av_hr  '><div class='av-share-box'><h5 class='av-share-link-description av-no-toc '>Compartir esta noticia<\/h5><ul class='av-share-box-list noLightbox'><li class='av-share-link av-social-link-facebook' ><a target=\"_blank\" aria-label=\"Compartir en Facebook\" href='https:\/\/www.facebook.com\/sharer.php?u=https:\/\/radiorevelacionfm.cl\/?p=24321&#038;t=Ni%C3%B1a%20de%208%20a%C3%B1os%20falleci%C3%B3%20en%20accidente%20en%20Puerto%20Ays%C3%A9n%2C%20padre%20ser%C3%A1%20formalizado%20por%20conducir%20en%20estado%20de%20ebriedad' aria-hidden='false' data-av_icon='\ue8f3' data-av_iconfont='entypo-fontello' title='' data-avia-related-tooltip='Compartir en Facebook' rel=\"noopener\"><span class='avia_hidden_link_text'>Compartir en Facebook<\/span><\/a><\/li><li class='av-share-link av-social-link-twitter' ><a target=\"_blank\" aria-label=\"Compartir en Twitter\" href='https:\/\/twitter.com\/share?text=Ni%C3%B1a%20de%208%20a%C3%B1os%20falleci%C3%B3%20en%20accidente%20en%20Puerto%20Ays%C3%A9n%2C%20padre%20ser%C3%A1%20formalizado%20por%20conducir%20en%20estado%20de%20ebriedad&#038;url=https:\/\/radiorevelacionfm.cl\/?p=24321' aria-hidden='false' data-av_icon='\ue8f1' data-av_iconfont='entypo-fontello' title='' data-avia-related-tooltip='Compartir en Twitter' rel=\"noopener\"><span class='avia_hidden_link_text'>Compartir en Twitter<\/span><\/a><\/li><li class='av-share-link av-social-link-whatsapp' ><a target=\"_blank\" aria-label=\"Compartir en Whatsapp\" href='https:\/\/api.whatsapp.com\/send?text=https:\/\/radiorevelacionfm.cl\/?p=24321' aria-hidden='false' data-av_icon='\uf232' data-av_iconfont='entypo-fontello' title='' data-avia-related-tooltip='Compartir en Whatsapp' rel=\"noopener\"><span class='avia_hidden_link_text'>Compartir en Whatsapp<\/span><\/a><\/li><li class='av-share-link av-social-link-linkedin' ><a target=\"_blank\" aria-label=\"Compartir en LinkedIn\" href='https:\/\/linkedin.com\/shareArticle?mini=true&#038;title=Ni%C3%B1a%20de%208%20a%C3%B1os%20falleci%C3%B3%20en%20accidente%20en%20Puerto%20Ays%C3%A9n%2C%20padre%20ser%C3%A1%20formalizado%20por%20conducir%20en%20estado%20de%20ebriedad&#038;url=https:\/\/radiorevelacionfm.cl\/?p=24321' aria-hidden='false' data-av_icon='\ue8fc' data-av_iconfont='entypo-fontello' title='' data-avia-related-tooltip='Compartir en LinkedIn' rel=\"noopener\"><span class='avia_hidden_link_text'>Compartir en LinkedIn<\/span><\/a><\/li><li class='av-share-link av-social-link-mail' ><a  aria-label=\"Compartir por correo\" href='mailto:?subject=Ni%C3%B1a%20de%208%20a%C3%B1os%20falleci%C3%B3%20en%20accidente%20en%20Puerto%20Ays%C3%A9n%2C%20padre%20ser%C3%A1%20formalizado%20por%20conducir%20en%20estado%20de%20ebriedad&#038;body=https:\/\/radiorevelacionfm.cl\/?p=24321' aria-hidden='false' data-av_icon='\ue805' data-av_iconfont='entypo-fontello' title='' data-avia-related-tooltip='Compartir por correo'><span class='avia_hidden_link_text'>Compartir por correo<\/span><\/a><\/li><\/ul><\/div><\/div>\n<div  style='height:50px' class='hr hr-invisible   avia-builder-el-8  el_after_av_social_share  el_before_av_comments_list '><span class='hr-inner ' ><span class='hr-inner-style'><\/span><\/span><\/div>\n<div  class='av-buildercomment  av-blog-meta-html-info-disabled av-blog-meta-tag-disabled  '><\/div>\n","protected":false},"excerpt":{"rendered":"","protected":false},"author":1,"featured_media":24325,"comment_status":"open","ping_status":"open","sticky":false,"template":"","format":"standard","meta":{"footnotes":""},"categories":[36],"tags":[],"class_list":["post-24321","post","type-post","status-publish","format-standard","has-post-thumbnail","hentry","category-policial"],"jetpack_featured_media_url":"https:\/\/radiorevelacionfm.cl\/wp-content\/uploads\/2022\/11\/8a791071-ba48-48dc-b8ae-fd898abb06e8-1-1-1.jpg","_links":{"self":[{"href":"https:\/\/radiorevelacionfm.cl\/index.php?rest_route=\/wp\/v2\/posts\/24321","targetHints":{"allow":["GET"]}}],"collection":[{"href":"https:\/\/radiorevelacionfm.cl\/index.php?rest_route=\/wp\/v2\/posts"}],"about":[{"href":"https:\/\/radiorevelacionfm.cl\/index.php?rest_route=\/wp\/v2\/types\/post"}],"author":[{"embeddable":true,"href":"https:\/\/radiorevelacionfm.cl\/index.php?rest_route=\/wp\/v2\/users\/1"}],"replies":[{"embeddable":true,"href":"https:\/\/radiorevelacionfm.cl\/index.php?rest_route=%2Fwp%2Fv2%2Fcomments&post=24321"}],"version-history":[{"count":4,"href":"https:\/\/radiorevelacionfm.cl\/index.php?rest_route=\/wp\/v2\/posts\/24321\/revisions"}],"predecessor-version":[{"id":24377,"href":"https:\/\/radiorevelacionfm.cl\/index.php?rest_route=\/wp\/v2\/posts\/24321\/revisions\/24377"}],"wp:featuredmedia":[{"embeddable":true,"href":"https:\/\/radiorevelacionfm.cl\/index.php?rest_route=\/wp\/v2\/media\/24325"}],"wp:attachment":[{"href":"https:\/\/radiorevelacionfm.cl\/index.php?rest_route=%2Fwp%2Fv2%2Fmedia&parent=24321"}],"wp:term":[{"taxonomy":"category","embeddable":true,"href":"https:\/\/radiorevelacionfm.cl\/index.php?rest_route=%2Fwp%2Fv2%2Fcategories&post=24321"},{"taxonomy":"post_tag","embeddable":true,"href":"https:\/\/radiorevelacionfm.cl\/index.php?rest_route=%2Fwp%2Fv2%2Ftags&post=24321"}],"curies":[{"name":"wp","href":"https:\/\/api.w.org\/{rel}","templated":true}]}}