{"id":24318,"date":"2022-11-17T17:48:23","date_gmt":"2022-11-17T20:48:23","guid":{"rendered":"https:\/\/radiorevelacionfm.cl\/?p=24318"},"modified":"2022-11-17T17:48:23","modified_gmt":"2022-11-17T20:48:23","slug":"seremi-de-economia-y-camara-de-comercio-de-coyhaique-se-reunen-para-hacer-seguimiento-al-plan-invirtamos-en-chile","status":"publish","type":"post","link":"https:\/\/radiorevelacionfm.cl\/?p=24318","title":{"rendered":"Seremi de Econom\u00eda y C\u00e1mara de Comercio de Coyhaique se re\u00fanen para hacer seguimiento al Plan Invirtamos en Chile"},"content":{"rendered":"<div class=\"flex_column av_one_full  flex_column_div av-zero-column-padding first  avia-builder-el-0  el_before_av_one_full  avia-builder-el-first  \" style='border-radius:0px; '><div  class='avia-image-container  av-styling-    avia-builder-el-1  avia-builder-el-no-sibling  avia-align-center '  itemprop=\"image\" itemscope=\"itemscope\" itemtype=\"https:\/\/schema.org\/ImageObject\"  ><div class='avia-image-container-inner'><div class='avia-image-overlay-wrap'><img decoding=\"async\" class='wp-image-24319 avia-img-lazy-loading-not-24319 avia_image' src=\"https:\/\/radiorevelacionfm.cl\/wp-content\/uploads\/2022\/11\/14_11_2022-SEREMI-Y-CAMARA-2-1.jpeg\" alt='' title='14_11_2022 SEREMI Y CAMARA (2) (1)' height=\"600\" width=\"800\"  itemprop=\"thumbnailUrl\" srcset=\"https:\/\/radiorevelacionfm.cl\/wp-content\/uploads\/2022\/11\/14_11_2022-SEREMI-Y-CAMARA-2-1.jpeg 800w, https:\/\/radiorevelacionfm.cl\/wp-content\/uploads\/2022\/11\/14_11_2022-SEREMI-Y-CAMARA-2-1-300x225.jpeg 300w, https:\/\/radiorevelacionfm.cl\/wp-content\/uploads\/2022\/11\/14_11_2022-SEREMI-Y-CAMARA-2-1-768x576.jpeg 768w, https:\/\/radiorevelacionfm.cl\/wp-content\/uploads\/2022\/11\/14_11_2022-SEREMI-Y-CAMARA-2-1-705x529.jpeg 705w, https:\/\/radiorevelacionfm.cl\/wp-content\/uploads\/2022\/11\/14_11_2022-SEREMI-Y-CAMARA-2-1-600x450.jpeg 600w\" sizes=\"(max-width: 800px) 100vw, 800px\" \/><\/div><\/div><\/div><\/div><div class=\"flex_column av_one_full  flex_column_div av-zero-column-padding first  avia-builder-el-2  el_after_av_one_full  el_before_av_one_full  column-top-margin\" style='border-radius:0px; '><section class=\"av_textblock_section \"  itemscope=\"itemscope\" itemtype=\"https:\/\/schema.org\/BlogPosting\" itemprop=\"blogPost\" ><div class='avia_textblock  '   itemprop=\"text\" ><p style=\"text-align: center;\"><span style=\"font-size: 18pt;\"><b>Seremi de Econom\u00eda y C\u00e1mara de Comercio de Coyhaique se re\u00fanen para hacer seguimiento al Plan Invirtamos en Chile\u00a0<\/b><\/span><\/p>\n<div id=\"gtx-trans\" style=\"position: absolute; left: -50px; top: 4.31534px;\">\n<div class=\"gtx-trans-icon\"><\/div>\n<\/div>\n<\/div><\/section><\/div><div class=\"flex_column av_one_full  flex_column_div av-zero-column-padding first  avia-builder-el-4  el_after_av_one_full  el_before_av_hr  column-top-margin\" style='border-radius:0px; '><section class=\"av_textblock_section \"  itemscope=\"itemscope\" itemtype=\"https:\/\/schema.org\/BlogPosting\" itemprop=\"blogPost\" ><div class='avia_textblock  '   itemprop=\"text\" ><p style=\"text-align: justify;\">El lunes reci\u00e9n pasado,\u00a0la C\u00e1mara de Comercio de Coyhaique sostuvo una reuni\u00f3n con la Seremi de Econom\u00eda, Fomento y Turismo, Rosa Machac\u00e1n Navarrete, para conocer y revisar los avances del Plan Invirtamos en Chile, acordando tambi\u00e9n los pr\u00f3ximos pasos de colaboraci\u00f3n en materia econ\u00f3mica.<\/p>\n<p style=\"text-align: justify;\">Esta reuni\u00f3n nace del mandato de la CPC a las c\u00e1maras regionales socias de tomar contacto con los seremis de Econom\u00eda con el objetivo de poder compartir informaci\u00f3n sobre proyectos de inversi\u00f3n paralizados o sobre problemas puntuales de su comuna, fortaleciendo as\u00ed la coordinaci\u00f3n p\u00fablico-privada en materia econ\u00f3mica al desarrollar objetivos en com\u00fan.<\/p>\n<p style=\"text-align: justify;\">Daissy Mondelo, presidenta de la C\u00e1mara de Comercio de Coyhaique se refiri\u00f3 al encuentro con la autoridad. \u201cNos reunimos con la Seremi de Econom\u00eda de nuestra regi\u00f3n de Ays\u00e9n, para revisar los avances de la agenda Invirtamos en Chile, un trabajo en conjunto que est\u00e1 haciendo la CNC y la CPC con los ministerios de Econom\u00eda y Hacienda en Santiago. Esta instancia adem\u00e1s se uso para solicitar informaci\u00f3n sobre proyectos paralizados y acordar los pr\u00f3ximos pasos de colaboraci\u00f3n p\u00fablica-privada en torno a los proyectos de atracci\u00f3n de inversi\u00f3n regional, seguridad p\u00fablica y labores productivas.\u201d<\/p>\n<p style=\"text-align: justify;\">Por su parte, la SEREMI de Econom\u00eda, Rosa Machac\u00e1n tambi\u00e9n se refiri\u00f3 a la instancia y los pr\u00f3ximos pasos de colaboraci\u00f3n con el mundo privado. \u201cEste es uno de los encuentros que hemos sostenido con diferentes actores del mundo privado para socializar los puntos del plan\u00a0<b>Invirtamos En Chile<\/b>\u00a0anunciado en septiembre por nuestro Presidente Gabriel Boric; qu\u00e9 avances hemos logrado y cu\u00e1les son los desaf\u00edos en los que a\u00fan hay que avanzar. Actualmente, estamos trabajando en la instalaci\u00f3n de una mesa de trabajo p\u00fablico-privada para promover la inversi\u00f3n en la regi\u00f3n, un trabajo intersectorial con diferentes ministerios que permitir\u00e1 dar seguimiento a proyectos de inversi\u00f3n.\u201d<\/p>\n<p style=\"text-align: justify;\">Esta mesa p\u00fablico-privada comenzar\u00e1 a funcionar pr\u00f3ximamente con los actores del fomento de diversos sectores productivos, con objetivo de hacer seguimiento a los proyectos de inversi\u00f3n y detectar a tiempo \u201ccuellos de botella\u201d que impidan la materializaci\u00f3n de la inversi\u00f3n en la regi\u00f3n.<\/p>\n<\/div><\/section><\/div><div  style='height:50px' class='hr hr-invisible   avia-builder-el-6  el_after_av_one_full  el_before_av_social_share '><span class='hr-inner ' ><span class='hr-inner-style'><\/span><\/span><\/div><\/p>\n<div  class='av-social-sharing-box  avia-builder-el-7  el_after_av_hr  el_before_av_hr  '><div class='av-share-box'><h5 class='av-share-link-description av-no-toc '>Compartir esta noticia<\/h5><ul class='av-share-box-list noLightbox'><li class='av-share-link av-social-link-facebook' ><a target=\"_blank\" aria-label=\"Compartir en Facebook\" href='https:\/\/www.facebook.com\/sharer.php?u=https:\/\/radiorevelacionfm.cl\/?p=24318&#038;t=Seremi%20de%20Econom%C3%ADa%20y%20C%C3%A1mara%20de%20Comercio%20de%20Coyhaique%20se%20re%C3%BAnen%20para%20hacer%20seguimiento%20al%20Plan%20Invirtamos%20en%20Chile' aria-hidden='false' data-av_icon='\ue8f3' data-av_iconfont='entypo-fontello' title='' data-avia-related-tooltip='Compartir en Facebook' rel=\"noopener\"><span class='avia_hidden_link_text'>Compartir en Facebook<\/span><\/a><\/li><li class='av-share-link av-social-link-twitter' ><a target=\"_blank\" aria-label=\"Compartir en Twitter\" href='https:\/\/twitter.com\/share?text=Seremi%20de%20Econom%C3%ADa%20y%20C%C3%A1mara%20de%20Comercio%20de%20Coyhaique%20se%20re%C3%BAnen%20para%20hacer%20seguimiento%20al%20Plan%20Invirtamos%20en%20Chile&#038;url=https:\/\/radiorevelacionfm.cl\/?p=24318' aria-hidden='false' data-av_icon='\ue8f1' data-av_iconfont='entypo-fontello' title='' data-avia-related-tooltip='Compartir en Twitter' rel=\"noopener\"><span class='avia_hidden_link_text'>Compartir en Twitter<\/span><\/a><\/li><li class='av-share-link av-social-link-whatsapp' ><a target=\"_blank\" aria-label=\"Compartir en Whatsapp\" href='https:\/\/api.whatsapp.com\/send?text=https:\/\/radiorevelacionfm.cl\/?p=24318' aria-hidden='false' data-av_icon='\uf232' data-av_iconfont='entypo-fontello' title='' data-avia-related-tooltip='Compartir en Whatsapp' rel=\"noopener\"><span class='avia_hidden_link_text'>Compartir en Whatsapp<\/span><\/a><\/li><li class='av-share-link av-social-link-linkedin' ><a target=\"_blank\" aria-label=\"Compartir en LinkedIn\" href='https:\/\/linkedin.com\/shareArticle?mini=true&#038;title=Seremi%20de%20Econom%C3%ADa%20y%20C%C3%A1mara%20de%20Comercio%20de%20Coyhaique%20se%20re%C3%BAnen%20para%20hacer%20seguimiento%20al%20Plan%20Invirtamos%20en%20Chile&#038;url=https:\/\/radiorevelacionfm.cl\/?p=24318' aria-hidden='false' data-av_icon='\ue8fc' data-av_iconfont='entypo-fontello' title='' data-avia-related-tooltip='Compartir en LinkedIn' rel=\"noopener\"><span class='avia_hidden_link_text'>Compartir en LinkedIn<\/span><\/a><\/li><li class='av-share-link av-social-link-mail' ><a  aria-label=\"Compartir por correo\" href='mailto:?subject=Seremi%20de%20Econom%C3%ADa%20y%20C%C3%A1mara%20de%20Comercio%20de%20Coyhaique%20se%20re%C3%BAnen%20para%20hacer%20seguimiento%20al%20Plan%20Invirtamos%20en%20Chile&#038;body=https:\/\/radiorevelacionfm.cl\/?p=24318' aria-hidden='false' data-av_icon='\ue805' data-av_iconfont='entypo-fontello' title='' data-avia-related-tooltip='Compartir por correo'><span class='avia_hidden_link_text'>Compartir por correo<\/span><\/a><\/li><\/ul><\/div><\/div>\n<div  style='height:50px' class='hr hr-invisible   avia-builder-el-8  el_after_av_social_share  el_before_av_comments_list '><span class='hr-inner ' ><span class='hr-inner-style'><\/span><\/span><\/div>\n<div  class='av-buildercomment  av-blog-meta-html-info-disabled av-blog-meta-tag-disabled  '><\/div>\n","protected":false},"excerpt":{"rendered":"","protected":false},"author":1,"featured_media":24319,"comment_status":"open","ping_status":"open","sticky":false,"template":"","format":"standard","meta":{"footnotes":""},"categories":[38],"tags":[],"class_list":["post-24318","post","type-post","status-publish","format-standard","has-post-thumbnail","hentry","category-regional"],"jetpack_featured_media_url":"https:\/\/radiorevelacionfm.cl\/wp-content\/uploads\/2022\/11\/14_11_2022-SEREMI-Y-CAMARA-2-1.jpeg","_links":{"self":[{"href":"https:\/\/radiorevelacionfm.cl\/index.php?rest_route=\/wp\/v2\/posts\/24318","targetHints":{"allow":["GET"]}}],"collection":[{"href":"https:\/\/radiorevelacionfm.cl\/index.php?rest_route=\/wp\/v2\/posts"}],"about":[{"href":"https:\/\/radiorevelacionfm.cl\/index.php?rest_route=\/wp\/v2\/types\/post"}],"author":[{"embeddable":true,"href":"https:\/\/radiorevelacionfm.cl\/index.php?rest_route=\/wp\/v2\/users\/1"}],"replies":[{"embeddable":true,"href":"https:\/\/radiorevelacionfm.cl\/index.php?rest_route=%2Fwp%2Fv2%2Fcomments&post=24318"}],"version-history":[{"count":2,"href":"https:\/\/radiorevelacionfm.cl\/index.php?rest_route=\/wp\/v2\/posts\/24318\/revisions"}],"predecessor-version":[{"id":24363,"href":"https:\/\/radiorevelacionfm.cl\/index.php?rest_route=\/wp\/v2\/posts\/24318\/revisions\/24363"}],"wp:featuredmedia":[{"embeddable":true,"href":"https:\/\/radiorevelacionfm.cl\/index.php?rest_route=\/wp\/v2\/media\/24319"}],"wp:attachment":[{"href":"https:\/\/radiorevelacionfm.cl\/index.php?rest_route=%2Fwp%2Fv2%2Fmedia&parent=24318"}],"wp:term":[{"taxonomy":"category","embeddable":true,"href":"https:\/\/radiorevelacionfm.cl\/index.php?rest_route=%2Fwp%2Fv2%2Fcategories&post=24318"},{"taxonomy":"post_tag","embeddable":true,"href":"https:\/\/radiorevelacionfm.cl\/index.php?rest_route=%2Fwp%2Fv2%2Ftags&post=24318"}],"curies":[{"name":"wp","href":"https:\/\/api.w.org\/{rel}","templated":true}]}}