{"id":24314,"date":"2022-11-17T11:22:12","date_gmt":"2022-11-17T14:22:12","guid":{"rendered":"https:\/\/radiorevelacionfm.cl\/?p=24314"},"modified":"2022-11-17T11:22:12","modified_gmt":"2022-11-17T14:22:12","slug":"trabajo-territorial-gobernadora-prueba-servicio-de-internet-starlink-en-monumento-islas-de-los-muertos","status":"publish","type":"post","link":"https:\/\/radiorevelacionfm.cl\/?p=24314","title":{"rendered":"Trabajo Territorial: Gobernadora prueba servicio de internet Starlink en monumento Islas de los Muertos"},"content":{"rendered":"<div class=\"flex_column av_one_full  flex_column_div av-zero-column-padding first  avia-builder-el-0  el_before_av_one_full  avia-builder-el-first  \" style='border-radius:0px; '><div  class='avia-image-container  av-styling-    avia-builder-el-1  avia-builder-el-no-sibling  avia-align-center '  itemprop=\"image\" itemscope=\"itemscope\" itemtype=\"https:\/\/schema.org\/ImageObject\"  ><div class='avia-image-container-inner'><div class='avia-image-overlay-wrap'><img decoding=\"async\" class='wp-image-24315 avia-img-lazy-loading-not-24315 avia_image' src=\"https:\/\/radiorevelacionfm.cl\/wp-content\/uploads\/2022\/11\/WhatsApp-Image-2022-11-14-at-1.20.01-PM-1.jpeg\" alt='' title='WhatsApp-Image-2022-11-14-at-1.20.01-PM (1)' height=\"600\" width=\"901\"  itemprop=\"thumbnailUrl\" srcset=\"https:\/\/radiorevelacionfm.cl\/wp-content\/uploads\/2022\/11\/WhatsApp-Image-2022-11-14-at-1.20.01-PM-1.jpeg 901w, https:\/\/radiorevelacionfm.cl\/wp-content\/uploads\/2022\/11\/WhatsApp-Image-2022-11-14-at-1.20.01-PM-1-300x200.jpeg 300w, https:\/\/radiorevelacionfm.cl\/wp-content\/uploads\/2022\/11\/WhatsApp-Image-2022-11-14-at-1.20.01-PM-1-768x511.jpeg 768w, https:\/\/radiorevelacionfm.cl\/wp-content\/uploads\/2022\/11\/WhatsApp-Image-2022-11-14-at-1.20.01-PM-1-705x469.jpeg 705w, https:\/\/radiorevelacionfm.cl\/wp-content\/uploads\/2022\/11\/WhatsApp-Image-2022-11-14-at-1.20.01-PM-1-600x400.jpeg 600w\" sizes=\"(max-width: 901px) 100vw, 901px\" \/><\/div><\/div><\/div><\/div><div class=\"flex_column av_one_full  flex_column_div av-zero-column-padding first  avia-builder-el-2  el_after_av_one_full  el_before_av_one_full  column-top-margin\" style='border-radius:0px; '><section class=\"av_textblock_section \"  itemscope=\"itemscope\" itemtype=\"https:\/\/schema.org\/BlogPosting\" itemprop=\"blogPost\" ><div class='avia_textblock  '   itemprop=\"text\" ><p style=\"text-align: center;\"><strong><span style=\"font-size: 18pt;\">Trabajo Territorial: Gobernadora prueba servicio de internet Starlink en monumento Islas de los Muertos <\/span><\/strong><\/p>\n<div id=\"gtx-trans\" style=\"position: absolute; left: -50px; top: 4.31534px;\">\n<div class=\"gtx-trans-icon\"><\/div>\n<\/div>\n<\/div><\/section><\/div><div class=\"flex_column av_one_full  flex_column_div av-zero-column-padding first  avia-builder-el-4  el_after_av_one_full  el_before_av_hr  column-top-margin\" style='border-radius:0px; '><section class=\"av_textblock_section \"  itemscope=\"itemscope\" itemtype=\"https:\/\/schema.org\/BlogPosting\" itemprop=\"blogPost\" ><div class='avia_textblock  '   itemprop=\"text\" ><p>Continuando con el trabajo en el territorio por el sur de la Regi\u00f3n de Ays\u00e9n, la Gobernadora Regional, Andrea Mac\u00edas Palma, se despleg\u00f3 en la comuna de Tortel durante este martes y mi\u00e9rcoles. Tras concluir varias reuniones, lleg\u00f3 hasta el Monumento Hist\u00f3rico Isla de los Muertos, ubicado en el sector de Bajo Pisagua, para probar la conexi\u00f3n a internet de la red satelital Starlink, con miras a un futuro donde todos los rincones de la regi\u00f3n est\u00e9n iluminados.<\/p>\n<p style=\"text-align: justify;\">En la instancia, la autoridad del Gobierno Regional dio una entrevista, por Zoom,\u00a0 a la Radio Genial de Coyhaique, donde convers\u00f3 alrededor de 15 minutos para comentar esta iniciativa a las y los radioescuchas.<\/p>\n<p style=\"text-align: justify;\">\u201cEstamos en la Isla de los Muertos, un lugar que queda a 30 minutos de navegaci\u00f3n desde Caleta Tortel, y la verdad es que fue una buena experiencia. Logramos conectarnos, si bien con algunos peque\u00f1os cortes en la se\u00f1al, pero pudimos conectarnos con un medio local as\u00ed que funciona efectivamente. Vamos avanzando para ver c\u00f3mo a trav\u00e9s de esta nueva tecnolog\u00eda podemos ir iluminando aquellos lugares de nuestra regi\u00f3n que tienen problemas de conectividad\u201d, sostuvo la Gobernadora, Andrea Mac\u00edas Palma.<\/p>\n<p style=\"text-align: justify;\"><strong>Bomberos de Tortel tendr\u00e1n lancha <\/strong><\/p>\n<p style=\"text-align: justify;\">En otra de sus actividades en la comuna, la Gobernadora Regional se reuni\u00f3 con integrantes de la Tercera Compa\u00f1\u00eda de Bomberos de Caleta Tortel, para comunicarles que prontamente tendr\u00e1n una lancha para recurrir a las emergencias.<\/p>\n<p style=\"text-align: justify;\">\u201cNos comprometimos el a\u00f1o pasado en poder avanzar en un proyecto para adquirir una nueva embarcaci\u00f3n para emergencias. C\u00f3mo Gobierno Regional y su Consejo hemos hecho un aporte significativo a Bomberos que hoy se est\u00e1 materializando a trav\u00e9s de la firma de un convenio de transferencia. Sin embargo, el caso de Tortel lo quisimos trabajar aparte porque hay una urgencia mucho mayor\u201d, declar\u00f3 la Gobernadora Regional.<\/p>\n<p style=\"text-align: justify;\">Una embarcaci\u00f3n para poder atender los incendios y emergencias que ocurran en la localidad costera, era una necesidad que, tanto el cuerpo de Bomberos de la zona como la comunidad Tortelina, requer\u00edan cubrir hace tiempo.<\/p>\n<p style=\"text-align: justify;\">Sobre esto, el Consejero Regional por la Provincia de Capit\u00e1n Prat, Jorge Abello Moll, se\u00f1al\u00f3 que este \u201ces un proyecto que era muy esperado para Caleta Tortel y sus Bomberos, que lo vienen trabajando hace ya muchos a\u00f1os y nos alegra que esto se haya podido concretar. El jerarquizar las demandas permite que hoy el Gobierno Regional haya iniciado el proceso de licitaci\u00f3n de esta embarcaci\u00f3n\u201d.<\/p>\n<p style=\"text-align: justify;\">Uno de los m\u00e1s felices con esta noticia fue Jos\u00e9 Maripillan, el primer voluntario de Bomberos de la localidad, quien lleva m\u00e1s de 40 a\u00f1os de servicio y que hoy celebra esta ayuda otorgada desde el Ejecutivo regional.<\/p>\n<p style=\"text-align: justify;\">\u201cPara nosotros es una alegr\u00eda escuchar a la Gobernadora Regional decir que este proyecto ha pasado a licitaci\u00f3n. Ojal\u00e1 que pronto llegue la embarcaci\u00f3n porque es una necesidad, y con eso nosotros podemos dar respuesta a la comunidad, porque hay gran parte de la localidad que hoy no tiene la seguridad de una respuesta r\u00e1pida y oportuna de Bomberos\u201d, recalc\u00f3 el experimentado voluntario.<\/p>\n<p style=\"text-align: justify;\">Luego de un r\u00e1pido proceso de licitaci\u00f3n, el veh\u00edculo de emergencia llegar\u00eda hasta la comuna de la Provincia de Capit\u00e1n Prat a fines del presente a\u00f1o o inicios del pr\u00f3ximo.<\/p>\n<p style=\"text-align: justify;\"><strong>Fortalece y Reactiva <\/strong><\/p>\n<p style=\"text-align: justify;\">Uno de los objetivos principales del quehacer de la Gobernadora Regional por el territorio, es presentar el programa \u201cFortalece y Reactiva\u201d. La reuni\u00f3n se realiz\u00f3 en el Quincho Municipal de Caleta Tortel, donde asistieron m\u00e1s de veinte emprendedores y emprendedoras de la comuna.<\/p>\n<p style=\"text-align: justify;\">A la cita asistieron, entre otras autoridades de la zona, el Consejero Regional Jorge Abello Moll y el alcalde de Tortel Abel Becerra Vidal, quien adem\u00e1s valor\u00f3 la presencia de la Gobernadora Andrea Mac\u00edas en la zona y tambi\u00e9n su participaci\u00f3n en el Concejo Municipal, donde abordan varias tem\u00e1ticas importantes para la comunidad.<\/p>\n<p style=\"text-align: justify;\">\u201cMe parece una iniciativa s\u00faper buena porque es una inyecci\u00f3n a muy corto plazo y va directamente. La pandemia nos tuvo dos a\u00f1os suspendidos en nuestras actividades. Entonces, que la Gobernadora venga con esta iniciativa c\u00f3mo est\u00e1, sobre todo para el g\u00e9nero, me parece s\u00faper bueno\u201d, declar\u00f3 la autoridad comunal.<\/p>\n<p style=\"text-align: justify;\">Al encuentro tambi\u00e9n se hizo presente el grupo asesor de la Fundaci\u00f3n de Desarrollo Educacional y Tecnol\u00f3gico La Araucan\u00eda (FUDEA UFRO), quienes asesorar\u00e1n a los postulantes para los respectivos fondos que ofrece el programa implementado por el Gobierno Regional.<\/p>\n<p style=\"text-align: justify;\">Desde el 21 de noviembre y hasta el 27 de diciembre se abrir\u00e1n las postulaciones para los fondos \u201cFortalece: Mipe-Ays\u00e9n\u201d y \u201cCooperativas Ays\u00e9n\u201d, para apoyar\u00a0econ\u00f3micamente a micro y peque\u00f1as empresas formalizadas de las cuatro provincias de la regi\u00f3n.<\/p>\n<p style=\"text-align: justify;\">En la \u00faltima jornada de su trabajo territorial en la comuna de las pasarelas, la Gobernadora asisti\u00f3 a la Escuela Municipal Comandante Luis Bravo y al Jard\u00edn Infantil Ciruelillo en Flor, donde comparti\u00f3 con profesoras, profesores y alumnos, haciendo entrega tambi\u00e9n de varios libros did\u00e1cticos como aportes del Gobierno Regional.<\/p>\n<p style=\"text-align: justify;\">Tras dos d\u00edas de trabajo en la comuna de Tortel, la primera autoridad regional evalu\u00f3 como positivas las instancias que se desarrollaron con la comunidad.\u00a0 \u201cTuvimos la oportunidad de participar del Concejo Municipal, donde revisamos el Plan de Rezago, con inversiones que est\u00e1n proyectadas para la comuna. Por otra parte, nos reunimos con la Tercera Compa\u00f1\u00eda de Bomberos con muy buenas noticias, porque desde 2016 estaban solicitando poder adquirir una lancha y ayer sali\u00f3 la licitaci\u00f3n. Por \u00faltimo, aprovechamos de lanzar el programa de reactivaci\u00f3n econ\u00f3mica en la comuna con una participaci\u00f3n importante de la comunidad\u201d, dijo la Gobernadora Andrea Mac\u00edas Palma.<\/p>\n<\/div><\/section><\/div><div  style='height:50px' class='hr hr-invisible   avia-builder-el-6  el_after_av_one_full  el_before_av_social_share '><span class='hr-inner ' ><span class='hr-inner-style'><\/span><\/span><\/div><\/p>\n<div  class='av-social-sharing-box  avia-builder-el-7  el_after_av_hr  el_before_av_hr  '><div class='av-share-box'><h5 class='av-share-link-description av-no-toc '>Compartir esta noticia<\/h5><ul class='av-share-box-list noLightbox'><li class='av-share-link av-social-link-facebook' ><a target=\"_blank\" aria-label=\"Compartir en Facebook\" href='https:\/\/www.facebook.com\/sharer.php?u=https:\/\/radiorevelacionfm.cl\/?p=24314&#038;t=Trabajo%20Territorial%3A%20Gobernadora%20prueba%20servicio%20de%20internet%20Starlink%20en%20monumento%20Islas%20de%20los%20Muertos' aria-hidden='false' data-av_icon='\ue8f3' data-av_iconfont='entypo-fontello' title='' data-avia-related-tooltip='Compartir en Facebook' rel=\"noopener\"><span class='avia_hidden_link_text'>Compartir en Facebook<\/span><\/a><\/li><li class='av-share-link av-social-link-twitter' ><a target=\"_blank\" aria-label=\"Compartir en Twitter\" href='https:\/\/twitter.com\/share?text=Trabajo%20Territorial%3A%20Gobernadora%20prueba%20servicio%20de%20internet%20Starlink%20en%20monumento%20Islas%20de%20los%20Muertos&#038;url=https:\/\/radiorevelacionfm.cl\/?p=24314' aria-hidden='false' data-av_icon='\ue8f1' data-av_iconfont='entypo-fontello' title='' data-avia-related-tooltip='Compartir en Twitter' rel=\"noopener\"><span class='avia_hidden_link_text'>Compartir en Twitter<\/span><\/a><\/li><li class='av-share-link av-social-link-whatsapp' ><a target=\"_blank\" aria-label=\"Compartir en Whatsapp\" href='https:\/\/api.whatsapp.com\/send?text=https:\/\/radiorevelacionfm.cl\/?p=24314' aria-hidden='false' data-av_icon='\uf232' data-av_iconfont='entypo-fontello' title='' data-avia-related-tooltip='Compartir en Whatsapp' rel=\"noopener\"><span class='avia_hidden_link_text'>Compartir en Whatsapp<\/span><\/a><\/li><li class='av-share-link av-social-link-linkedin' ><a target=\"_blank\" aria-label=\"Compartir en LinkedIn\" href='https:\/\/linkedin.com\/shareArticle?mini=true&#038;title=Trabajo%20Territorial%3A%20Gobernadora%20prueba%20servicio%20de%20internet%20Starlink%20en%20monumento%20Islas%20de%20los%20Muertos&#038;url=https:\/\/radiorevelacionfm.cl\/?p=24314' aria-hidden='false' data-av_icon='\ue8fc' data-av_iconfont='entypo-fontello' title='' data-avia-related-tooltip='Compartir en LinkedIn' rel=\"noopener\"><span class='avia_hidden_link_text'>Compartir en LinkedIn<\/span><\/a><\/li><li class='av-share-link av-social-link-mail' ><a  aria-label=\"Compartir por correo\" href='mailto:?subject=Trabajo%20Territorial%3A%20Gobernadora%20prueba%20servicio%20de%20internet%20Starlink%20en%20monumento%20Islas%20de%20los%20Muertos&#038;body=https:\/\/radiorevelacionfm.cl\/?p=24314' aria-hidden='false' data-av_icon='\ue805' data-av_iconfont='entypo-fontello' title='' data-avia-related-tooltip='Compartir por correo'><span class='avia_hidden_link_text'>Compartir por correo<\/span><\/a><\/li><\/ul><\/div><\/div>\n<div  style='height:50px' class='hr hr-invisible   avia-builder-el-8  el_after_av_social_share  el_before_av_comments_list '><span class='hr-inner ' ><span class='hr-inner-style'><\/span><\/span><\/div>\n<div  class='av-buildercomment  av-blog-meta-html-info-disabled av-blog-meta-tag-disabled  '><\/div>\n","protected":false},"excerpt":{"rendered":"","protected":false},"author":1,"featured_media":24315,"comment_status":"open","ping_status":"open","sticky":false,"template":"","format":"standard","meta":{"footnotes":""},"categories":[38],"tags":[],"class_list":["post-24314","post","type-post","status-publish","format-standard","has-post-thumbnail","hentry","category-regional"],"jetpack_featured_media_url":"https:\/\/radiorevelacionfm.cl\/wp-content\/uploads\/2022\/11\/WhatsApp-Image-2022-11-14-at-1.20.01-PM-1.jpeg","_links":{"self":[{"href":"https:\/\/radiorevelacionfm.cl\/index.php?rest_route=\/wp\/v2\/posts\/24314","targetHints":{"allow":["GET"]}}],"collection":[{"href":"https:\/\/radiorevelacionfm.cl\/index.php?rest_route=\/wp\/v2\/posts"}],"about":[{"href":"https:\/\/radiorevelacionfm.cl\/index.php?rest_route=\/wp\/v2\/types\/post"}],"author":[{"embeddable":true,"href":"https:\/\/radiorevelacionfm.cl\/index.php?rest_route=\/wp\/v2\/users\/1"}],"replies":[{"embeddable":true,"href":"https:\/\/radiorevelacionfm.cl\/index.php?rest_route=%2Fwp%2Fv2%2Fcomments&post=24314"}],"version-history":[{"count":2,"href":"https:\/\/radiorevelacionfm.cl\/index.php?rest_route=\/wp\/v2\/posts\/24314\/revisions"}],"predecessor-version":[{"id":24317,"href":"https:\/\/radiorevelacionfm.cl\/index.php?rest_route=\/wp\/v2\/posts\/24314\/revisions\/24317"}],"wp:featuredmedia":[{"embeddable":true,"href":"https:\/\/radiorevelacionfm.cl\/index.php?rest_route=\/wp\/v2\/media\/24315"}],"wp:attachment":[{"href":"https:\/\/radiorevelacionfm.cl\/index.php?rest_route=%2Fwp%2Fv2%2Fmedia&parent=24314"}],"wp:term":[{"taxonomy":"category","embeddable":true,"href":"https:\/\/radiorevelacionfm.cl\/index.php?rest_route=%2Fwp%2Fv2%2Fcategories&post=24314"},{"taxonomy":"post_tag","embeddable":true,"href":"https:\/\/radiorevelacionfm.cl\/index.php?rest_route=%2Fwp%2Fv2%2Ftags&post=24314"}],"curies":[{"name":"wp","href":"https:\/\/api.w.org\/{rel}","templated":true}]}}