{"id":24306,"date":"2022-11-16T21:19:58","date_gmt":"2022-11-17T00:19:58","guid":{"rendered":"https:\/\/radiorevelacionfm.cl\/?p=24306"},"modified":"2022-11-16T21:19:58","modified_gmt":"2022-11-17T00:19:58","slug":"jefe-de-zona-de-carabineros-aysen-se-reune-con-22-juntas-de-vecinos-y-acuerdan-trabajo-conjunto-en-materia-de-seguridad","status":"publish","type":"post","link":"https:\/\/radiorevelacionfm.cl\/?p=24306","title":{"rendered":"Jefe de Zona de Carabineros Ays\u00e9n se re\u00fane con 22 juntas de vecinos y acuerdan trabajo conjunto en materia de seguridad"},"content":{"rendered":"<div class=\"flex_column av_one_full  flex_column_div av-zero-column-padding first  avia-builder-el-0  el_before_av_one_full  avia-builder-el-first  \" style='border-radius:0px; '><div  class='avia-image-container  av-styling-    avia-builder-el-1  avia-builder-el-no-sibling  avia-align-center '  itemprop=\"image\" itemscope=\"itemscope\" itemtype=\"https:\/\/schema.org\/ImageObject\"  ><div class='avia-image-container-inner'><div class='avia-image-overlay-wrap'><img decoding=\"async\" class='wp-image-24307 avia-img-lazy-loading-not-24307 avia_image' src=\"https:\/\/radiorevelacionfm.cl\/wp-content\/uploads\/2022\/11\/20221111_184708-1_optimized.jpg\" alt='' title='20221111_184708-(1)_optimized' height=\"600\" width=\"1067\"  itemprop=\"thumbnailUrl\" srcset=\"https:\/\/radiorevelacionfm.cl\/wp-content\/uploads\/2022\/11\/20221111_184708-1_optimized.jpg 1067w, https:\/\/radiorevelacionfm.cl\/wp-content\/uploads\/2022\/11\/20221111_184708-1_optimized-300x169.jpg 300w, https:\/\/radiorevelacionfm.cl\/wp-content\/uploads\/2022\/11\/20221111_184708-1_optimized-1030x579.jpg 1030w, https:\/\/radiorevelacionfm.cl\/wp-content\/uploads\/2022\/11\/20221111_184708-1_optimized-768x432.jpg 768w, https:\/\/radiorevelacionfm.cl\/wp-content\/uploads\/2022\/11\/20221111_184708-1_optimized-705x396.jpg 705w, https:\/\/radiorevelacionfm.cl\/wp-content\/uploads\/2022\/11\/20221111_184708-1_optimized-600x337.jpg 600w\" sizes=\"(max-width: 1067px) 100vw, 1067px\" \/><\/div><\/div><\/div><\/div><div class=\"flex_column av_one_full  flex_column_div av-zero-column-padding first  avia-builder-el-2  el_after_av_one_full  el_before_av_one_full  column-top-margin\" style='border-radius:0px; '><section class=\"av_textblock_section \"  itemscope=\"itemscope\" itemtype=\"https:\/\/schema.org\/BlogPosting\" itemprop=\"blogPost\" ><div class='avia_textblock  '   itemprop=\"text\" ><p style=\"text-align: center;\"><span style=\"font-size: 18pt;\"><b>Jefe de Zona de Carabineros Ays\u00e9n se re\u00fane con 22 juntas de vecinos y acuerdan trabajo conjunto en materia de seguridad<\/b><\/span><\/p>\n<div id=\"gtx-trans\" style=\"position: absolute; left: -50px; top: 4.31534px;\">\n<div class=\"gtx-trans-icon\"><\/div>\n<\/div>\n<\/div><\/section><\/div><div class=\"flex_column av_one_full  flex_column_div av-zero-column-padding first  avia-builder-el-4  el_after_av_one_full  el_before_av_hr  column-top-margin\" style='border-radius:0px; '><section class=\"av_textblock_section \"  itemscope=\"itemscope\" itemtype=\"https:\/\/schema.org\/BlogPosting\" itemprop=\"blogPost\" ><div class='avia_textblock  '   itemprop=\"text\" ><p style=\"margin: 0cm 0cm 0.0001pt; background: white; text-align: justify;\"><span style=\"font-family: 'Arial','sans-serif'; color: #222222;\">Abordar las problem\u00e1ticas e incivilidades para desarrollar estrategias de intervenci\u00f3n y contribuir a mejorar la seguridad de nuestros barrios, fue el objetivo de una reuni\u00f3n sostenida por el Jefe de la XI Zona de Carabineros Ays\u00e9n, General Patricio Javier Santos Poblete con 22 presidentes\/as de juntas de vecinos de la comuna de Coyhaique.<\/span><\/p>\n<p style=\"margin: 0cm 0cm 0.0001pt; background: white; font-variant-ligatures: normal; font-variant-caps: normal; orphans: 2; widows: 2; -webkit-text-stroke-width: 0px; text-decoration-thickness: initial; text-decoration-style: initial; text-decoration-color: initial; word-spacing: 0px; text-align: justify;\"><span style=\"font-family: 'Arial','sans-serif'; color: #222222;\">La actividad que igualmente cont\u00f3 con la presencia de la Prefectura Ays\u00e9n, el Comisario (S) y personal del Modelo de Integraci\u00f3n Carabineros Comunidad (MICC) de dotaci\u00f3n de la 1ra. Comisar\u00eda de esta ciudad, quienes constituyen el v\u00ednculo entre la Instituci\u00f3n y la comunidad para poder generar condiciones de seguridad en los barrios y lugares donde viven las personas.<\/span><\/p>\n<p style=\"margin: 0cm 0cm 0.0001pt; background: white; font-variant-ligatures: normal; font-variant-caps: normal; orphans: 2; widows: 2; -webkit-text-stroke-width: 0px; text-decoration-thickness: initial; text-decoration-style: initial; text-decoration-color: initial; word-spacing: 0px; text-align: justify;\"><span style=\"font-family: 'Arial','sans-serif'; color: #222222;\">\u201cPudimos conocer cu\u00e1les son sus problemas, problem\u00e1ticas locales, levantamos puntos de inter\u00e9s, de tal forma de generar patrullajes en esos sectores y tambi\u00e9n poder contribuir, adem\u00e1s de articular a la red corresponsable en materias de seguridad y que tienen que ver con elementos causales y situacionales en la comisi\u00f3n de delitos. El Coordinador de la Subsecretar\u00eda de Prevenci\u00f3n del Delito nos acompa\u00f1\u00f3 y tambi\u00e9n tom\u00f3 nota, de tal forma de contribuir a un ambiente m\u00e1s seguro para nuestras comunidades, para nuestro Coyhaique y en definitiva poder llevar paz y tranquilidad a estas familias, por lo tanto, a mayor integraci\u00f3n con la comunidad, mayor prevenci\u00f3n\u201d, expres\u00f3 el General Patricio Javier Santos Poblete.<\/span><\/p>\n<p style=\"margin: 0cm 0cm 0.0001pt; background: white; font-variant-ligatures: normal; font-variant-caps: normal; orphans: 2; widows: 2; -webkit-text-stroke-width: 0px; text-decoration-thickness: initial; text-decoration-style: initial; text-decoration-color: initial; word-spacing: 0px; text-align: justify;\"><span style=\"font-family: 'Arial','sans-serif'; color: #222222;\">En ambas jornadas, los dirigentes vecinales dieron cuentas de problem\u00e1ticas, incivilidades y materias de seguridad en sus barrios, inquietudes que fueron recogidas por la Instituci\u00f3n con la finalidad de generar flujos din\u00e1micos de patrullajes, controlando en aquellos lugares donde se focalice el delito.<\/span><\/p>\n<p style=\"margin: 0cm 0cm 0.0001pt; background: white; font-variant-ligatures: normal; font-variant-caps: normal; orphans: 2; widows: 2; -webkit-text-stroke-width: 0px; text-decoration-thickness: initial; text-decoration-style: initial; text-decoration-color: initial; word-spacing: 0px; text-align: justify;\"><span style=\"font-family: 'Arial','sans-serif'; color: #222222;\">\u00a0<\/span><\/p>\n<p style=\"margin: 0cm 0cm 0.0001pt; background: white; font-variant-ligatures: normal; font-variant-caps: normal; orphans: 2; widows: 2; -webkit-text-stroke-width: 0px; text-decoration-thickness: initial; text-decoration-style: initial; text-decoration-color: initial; word-spacing: 0px; text-align: justify;\"><b><span style=\"font-family: 'Arial','sans-serif'; color: #222222;\">Vecinos valoran encuentro<\/span><\/b><\/p>\n<p style=\"margin: 0cm 0cm 0.0001pt; background: white; font-variant-ligatures: normal; font-variant-caps: normal; orphans: 2; widows: 2; -webkit-text-stroke-width: 0px; text-decoration-thickness: initial; text-decoration-style: initial; text-decoration-color: initial; word-spacing: 0px; text-align: justify;\"><span style=\"font-family: 'Arial','sans-serif'; color: #222222;\">La presidenta de la junta de vecinos Grupo Escolar, Paola Barrientos Erreguerena, valor\u00f3 el desarrollo de este trabajo conjunto con Carabineros, la delincuencia y otras problem\u00e1ticas asociadas a materias de seguridad.<\/span><\/p>\n<p style=\"margin: 0cm 0cm 0.0001pt; background: white; font-variant-ligatures: normal; font-variant-caps: normal; orphans: 2; widows: 2; -webkit-text-stroke-width: 0px; text-decoration-thickness: initial; text-decoration-style: initial; text-decoration-color: initial; word-spacing: 0px; text-align: justify;\"><span style=\"font-family: 'Arial','sans-serif'; color: #222222;\">\u201cLa cercan\u00eda que podemos tener es fundamental para seguir trabajando, siempre que hemos requerido de Carabineros, ha sido un trabajo totalmente resolutivo y con soluciones inmediatas\u201d, destac\u00f3.<\/span><\/p>\n<p style=\"margin: 0cm 0cm 0.0001pt; background: white; font-variant-ligatures: normal; font-variant-caps: normal; orphans: 2; widows: 2; -webkit-text-stroke-width: 0px; text-decoration-thickness: initial; text-decoration-style: initial; text-decoration-color: initial; word-spacing: 0px; text-align: justify;\"><span style=\"font-family: 'Arial','sans-serif'; color: #222222;\">En esta misma direcci\u00f3n, la presidenta de la junta de vecinos Almirante Simpson, Blanca D\u00edaz Vidal, resalt\u00f3 la excelente relaci\u00f3n con Carabineros. \u201cSon nuestra seguridad y nuestra fuerza, son quienes nos cuidan por la noche y en cada jornada. Cuando sucede algo, son a quienes llamamos, son ellos los que est\u00e1n en la calle junto a nosotros, cada vez que los llamo siempre est\u00e1n ah\u00ed, siempre est\u00e1n presentes\u201d, indic\u00f3.<\/span><\/p>\n<p style=\"margin: 0cm 0cm 0.0001pt; background: white; font-variant-ligatures: normal; font-variant-caps: normal; orphans: 2; widows: 2; -webkit-text-stroke-width: 0px; text-decoration-thickness: initial; text-decoration-style: initial; text-decoration-color: initial; word-spacing: 0px; text-align: justify;\"><span style=\"font-family: 'Arial','sans-serif'; color: #222222;\">Asimismo la presidenta de la junta de vecinos de la poblaci\u00f3n Los Ciervos, \u00c9rica S\u00e1nchez manifest\u00f3 que el combate de la delincuencia requiere de un trabajo coordinado entre las autoridades regionales, Carabineros y la comunidad.<\/span><\/p>\n<p style=\"margin: 0cm 0cm 0.0001pt; background: white; font-variant-ligatures: normal; font-variant-caps: normal; orphans: 2; widows: 2; -webkit-text-stroke-width: 0px; text-decoration-thickness: initial; text-decoration-style: initial; text-decoration-color: initial; word-spacing: 0px; text-align: justify;\"><span style=\"font-family: 'Arial','sans-serif'; color: #222222;\">\u201cNosotros como comunidad tambi\u00e9n debemos cooperar de alguna u otra forma para que no avance la delincuencia en nuestros sectores y apoyarnos mutuamente entre los vecinos, las autoridades y Carabineros\u201d, expres\u00f3.<\/span><\/p>\n<p style=\"margin: 0cm 0cm 0.0001pt; background: white; font-variant-ligatures: normal; font-variant-caps: normal; orphans: 2; widows: 2; -webkit-text-stroke-width: 0px; text-decoration-thickness: initial; text-decoration-style: initial; text-decoration-color: initial; word-spacing: 0px; text-align: justify;\"><span style=\"font-family: 'Arial','sans-serif'; color: #222222;\">Carabineros previene controlando, trabajo que apunta a mejorar la capacidad de los patrullajes preventivos, disminuir los tiempos de respuesta, aumentar detenciones en flagrancia y derivar los antecedentes a los tribunales de justicia, permitiendo recuperar los espacios p\u00fablicos y brindar las condiciones de seguridad que nuestros vecinos merecen.<\/span><\/p>\n<p style=\"margin: 0cm 0cm 0.0001pt; background: white; font-variant-ligatures: normal; font-variant-caps: normal; orphans: 2; widows: 2; -webkit-text-stroke-width: 0px; text-decoration-thickness: initial; text-decoration-style: initial; text-decoration-color: initial; word-spacing: 0px; text-align: justify;\"><span style=\"font-family: 'Arial','sans-serif'; color: #222222;\">Durante la actividad, la Instituci\u00f3n inst\u00f3 a la comunidad a denunciar los delitos al nivel de emergencias 133 o bien de manera gratuita y an\u00f3nima a trav\u00e9s del nuevo fono denuncia seguro *4242.\u00a0<\/span><\/p>\n<\/div><\/section><\/div><div  style='height:50px' class='hr hr-invisible   avia-builder-el-6  el_after_av_one_full  el_before_av_social_share '><span class='hr-inner ' ><span class='hr-inner-style'><\/span><\/span><\/div><\/p>\n<div  class='av-social-sharing-box  avia-builder-el-7  el_after_av_hr  el_before_av_hr  '><div class='av-share-box'><h5 class='av-share-link-description av-no-toc '>Compartir esta noticia<\/h5><ul class='av-share-box-list noLightbox'><li class='av-share-link av-social-link-facebook' ><a target=\"_blank\" aria-label=\"Compartir en Facebook\" href='https:\/\/www.facebook.com\/sharer.php?u=https:\/\/radiorevelacionfm.cl\/?p=24306&#038;t=Jefe%20de%20Zona%20de%20Carabineros%20Ays%C3%A9n%20se%20re%C3%BAne%20con%2022%20juntas%20de%20vecinos%20y%20acuerdan%20trabajo%20conjunto%20en%20materia%20de%20seguridad' aria-hidden='false' data-av_icon='\ue8f3' data-av_iconfont='entypo-fontello' title='' data-avia-related-tooltip='Compartir en Facebook' rel=\"noopener\"><span class='avia_hidden_link_text'>Compartir en Facebook<\/span><\/a><\/li><li class='av-share-link av-social-link-twitter' ><a target=\"_blank\" aria-label=\"Compartir en Twitter\" href='https:\/\/twitter.com\/share?text=Jefe%20de%20Zona%20de%20Carabineros%20Ays%C3%A9n%20se%20re%C3%BAne%20con%2022%20juntas%20de%20vecinos%20y%20acuerdan%20trabajo%20conjunto%20en%20materia%20de%20seguridad&#038;url=https:\/\/radiorevelacionfm.cl\/?p=24306' aria-hidden='false' data-av_icon='\ue8f1' data-av_iconfont='entypo-fontello' title='' data-avia-related-tooltip='Compartir en Twitter' rel=\"noopener\"><span class='avia_hidden_link_text'>Compartir en Twitter<\/span><\/a><\/li><li class='av-share-link av-social-link-whatsapp' ><a target=\"_blank\" aria-label=\"Compartir en Whatsapp\" href='https:\/\/api.whatsapp.com\/send?text=https:\/\/radiorevelacionfm.cl\/?p=24306' aria-hidden='false' data-av_icon='\uf232' data-av_iconfont='entypo-fontello' title='' data-avia-related-tooltip='Compartir en Whatsapp' rel=\"noopener\"><span class='avia_hidden_link_text'>Compartir en Whatsapp<\/span><\/a><\/li><li class='av-share-link av-social-link-linkedin' ><a target=\"_blank\" aria-label=\"Compartir en LinkedIn\" href='https:\/\/linkedin.com\/shareArticle?mini=true&#038;title=Jefe%20de%20Zona%20de%20Carabineros%20Ays%C3%A9n%20se%20re%C3%BAne%20con%2022%20juntas%20de%20vecinos%20y%20acuerdan%20trabajo%20conjunto%20en%20materia%20de%20seguridad&#038;url=https:\/\/radiorevelacionfm.cl\/?p=24306' aria-hidden='false' data-av_icon='\ue8fc' data-av_iconfont='entypo-fontello' title='' data-avia-related-tooltip='Compartir en LinkedIn' rel=\"noopener\"><span class='avia_hidden_link_text'>Compartir en LinkedIn<\/span><\/a><\/li><li class='av-share-link av-social-link-mail' ><a  aria-label=\"Compartir por correo\" href='mailto:?subject=Jefe%20de%20Zona%20de%20Carabineros%20Ays%C3%A9n%20se%20re%C3%BAne%20con%2022%20juntas%20de%20vecinos%20y%20acuerdan%20trabajo%20conjunto%20en%20materia%20de%20seguridad&#038;body=https:\/\/radiorevelacionfm.cl\/?p=24306' aria-hidden='false' data-av_icon='\ue805' data-av_iconfont='entypo-fontello' title='' data-avia-related-tooltip='Compartir por correo'><span class='avia_hidden_link_text'>Compartir por correo<\/span><\/a><\/li><\/ul><\/div><\/div>\n<div  style='height:50px' class='hr hr-invisible   avia-builder-el-8  el_after_av_social_share  el_before_av_comments_list '><span class='hr-inner ' ><span class='hr-inner-style'><\/span><\/span><\/div>\n<div  class='av-buildercomment  av-blog-meta-html-info-disabled av-blog-meta-tag-disabled  '><\/div>\n","protected":false},"excerpt":{"rendered":"","protected":false},"author":1,"featured_media":24307,"comment_status":"open","ping_status":"open","sticky":false,"template":"","format":"standard","meta":{"footnotes":""},"categories":[38],"tags":[],"class_list":["post-24306","post","type-post","status-publish","format-standard","has-post-thumbnail","hentry","category-regional"],"jetpack_featured_media_url":"https:\/\/radiorevelacionfm.cl\/wp-content\/uploads\/2022\/11\/20221111_184708-1_optimized.jpg","_links":{"self":[{"href":"https:\/\/radiorevelacionfm.cl\/index.php?rest_route=\/wp\/v2\/posts\/24306","targetHints":{"allow":["GET"]}}],"collection":[{"href":"https:\/\/radiorevelacionfm.cl\/index.php?rest_route=\/wp\/v2\/posts"}],"about":[{"href":"https:\/\/radiorevelacionfm.cl\/index.php?rest_route=\/wp\/v2\/types\/post"}],"author":[{"embeddable":true,"href":"https:\/\/radiorevelacionfm.cl\/index.php?rest_route=\/wp\/v2\/users\/1"}],"replies":[{"embeddable":true,"href":"https:\/\/radiorevelacionfm.cl\/index.php?rest_route=%2Fwp%2Fv2%2Fcomments&post=24306"}],"version-history":[{"count":2,"href":"https:\/\/radiorevelacionfm.cl\/index.php?rest_route=\/wp\/v2\/posts\/24306\/revisions"}],"predecessor-version":[{"id":24309,"href":"https:\/\/radiorevelacionfm.cl\/index.php?rest_route=\/wp\/v2\/posts\/24306\/revisions\/24309"}],"wp:featuredmedia":[{"embeddable":true,"href":"https:\/\/radiorevelacionfm.cl\/index.php?rest_route=\/wp\/v2\/media\/24307"}],"wp:attachment":[{"href":"https:\/\/radiorevelacionfm.cl\/index.php?rest_route=%2Fwp%2Fv2%2Fmedia&parent=24306"}],"wp:term":[{"taxonomy":"category","embeddable":true,"href":"https:\/\/radiorevelacionfm.cl\/index.php?rest_route=%2Fwp%2Fv2%2Fcategories&post=24306"},{"taxonomy":"post_tag","embeddable":true,"href":"https:\/\/radiorevelacionfm.cl\/index.php?rest_route=%2Fwp%2Fv2%2Ftags&post=24306"}],"curies":[{"name":"wp","href":"https:\/\/api.w.org\/{rel}","templated":true}]}}